{"id":589931,"date":"2025-12-10T04:55:22","date_gmt":"2025-12-10T04:55:22","guid":{"rendered":"https:\/\/www.europesays.com\/fr\/589931\/"},"modified":"2025-12-10T04:55:22","modified_gmt":"2025-12-10T04:55:22","slug":"le-fc-nantes-a-paye-une-misere-pour-machado","status":"publish","type":"post","link":"https:\/\/www.europesays.com\/fr\/589931\/","title":{"rendered":"Le FC Nantes a pay\u00e9 une mis\u00e8re pour Machado"},"content":{"rendered":"<p>Comme l\u2019a indiqu\u00e9 Pierre Sage ce jeudi en conf\u00e9rence de presse, Deiver Machado va quitter Lens pour s\u2019engager avec le FC Nantes. Et le prix d\u00e9bours\u00e9 par les Canaris a \u00e9t\u00e9 d\u00e9voil\u00e9.<\/p>\n<p>Machado a \u00e9t\u00e9 principalement motiv\u00e9 par ce choix pour maximiser ses chances de disputer la prochaine Coupe du Monde avec la Colombie. Le transfert devrait \u00eatre officialis\u00e9 ce week-end. Alors que plusieurs sources \u00e9voquaient un montant autour de 500 000 \u20ac, la somme r\u00e9elle serait finalement plus basse.<\/p>\n<p>D\u2019apr\u00e8s Foot Mercato, les Canaris vont investir 300 000 \u20ac pour le piston gauche, avec un bonus de 100 000 \u20ac en cas de maintien en Ligue 1. Encore li\u00e9 au RC Lens jusqu\u2019en 2026, Machado va signer pour deux ans et demi en tant que joker m\u00e9dical avec l\u2019actuel 16e du championnat\u2026 qui affronte justement Lens ce samedi \u00e0 la Beaujoire. Une soir\u00e9e forc\u00e9ment particuli\u00e8re pour le Colombien, attendu en tribunes pour observer ses anciens co\u00e9quipiers.<\/p>\n","protected":false},"excerpt":{"rendered":"Comme l\u2019a indiqu\u00e9 Pierre Sage ce jeudi en conf\u00e9rence de presse, Deiver Machado va quitter Lens pour s\u2019engager&hellip;\n","protected":false},"author":2,"featured_media":580583,"comment_status":"","ping_status":"","sticky":false,"template":"","format":"standard","meta":{"footnotes":""},"categories":[2818],"tags":[1111,11,1777,674,1011,27,766,12,2636,25],"class_list":{"0":"post-589931","1":"post","2":"type-post","3":"status-publish","4":"format-standard","5":"has-post-thumbnail","7":"category-nantes","8":"tag-actu","9":"tag-actualites","10":"tag-eu","11":"tag-europe","12":"tag-fr","13":"tag-france","14":"tag-nantes","15":"tag-news","16":"tag-pays-de-la-loire","17":"tag-republique-francaise"},"share_on_mastodon":{"url":"https:\/\/pubeurope.com\/@fr\/115693494252280268","error":""},"_links":{"self":[{"href":"https:\/\/www.europesays.com\/fr\/wp-json\/wp\/v2\/posts\/589931","targetHints":{"allow":["GET"]}}],"collection":[{"href":"https:\/\/www.europesays.com\/fr\/wp-json\/wp\/v2\/posts"}],"about":[{"href":"https:\/\/www.europesays.com\/fr\/wp-json\/wp\/v2\/types\/post"}],"author":[{"embeddable":true,"href":"https:\/\/www.europesays.com\/fr\/wp-json\/wp\/v2\/users\/2"}],"replies":[{"embeddable":true,"href":"https:\/\/www.europesays.com\/fr\/wp-json\/wp\/v2\/comments?post=589931"}],"version-history":[{"count":0,"href":"https:\/\/www.europesays.com\/fr\/wp-json\/wp\/v2\/posts\/589931\/revisions"}],"wp:featuredmedia":[{"embeddable":true,"href":"https:\/\/www.europesays.com\/fr\/wp-json\/wp\/v2\/media\/580583"}],"wp:attachment":[{"href":"https:\/\/www.europesays.com\/fr\/wp-json\/wp\/v2\/media?parent=589931"}],"wp:term":[{"taxonomy":"category","embeddable":true,"href":"https:\/\/www.europesays.com\/fr\/wp-json\/wp\/v2\/categories?post=589931"},{"taxonomy":"post_tag","embeddable":true,"href":"https:\/\/www.europesays.com\/fr\/wp-json\/wp\/v2\/tags?post=589931"}],"curies":[{"name":"wp","href":"https:\/\/api.w.org\/{rel}","templated":true}]}}