{"id":589937,"date":"2025-12-10T04:59:13","date_gmt":"2025-12-10T04:59:13","guid":{"rendered":"https:\/\/www.europesays.com\/fr\/589937\/"},"modified":"2025-12-10T04:59:13","modified_gmt":"2025-12-10T04:59:13","slug":"un-ouvrier-meurt-ecrase-sur-le-chantier-de-la-nouvelle-ligne-de-metro","status":"publish","type":"post","link":"https:\/\/www.europesays.com\/fr\/589937\/","title":{"rendered":"Un ouvrier meurt \u00e9cras\u00e9 sur le chantier de la nouvelle ligne de m\u00e9tro"},"content":{"rendered":"<p>Un drame s\u2019est produit mardi sur <a href=\"https:\/\/www.20minutes.fr\/faits_divers\/4159683-20250620-toulouse-plusieurs-maisons-evacuees-chantier-metro-mis-cause\" target=\"_blank\" class=\"c-link c-link--is-underlined\" rel=\"noopener\">le chantier de la future ligne C<\/a> du m\u00e9tro de la Ville rose. Un ouvrier a \u00e9t\u00e9 tu\u00e9 \u00e0 Toulouse lors d\u2019un accident, a indiqu\u00e9 la r\u00e9gie de transport <a href=\"https:\/\/www.20minutes.fr\/toulouse\/4161704-20250703-toulouse-deux-maisons-evacuees-suite-passage-tunnelier-ligne\" target=\"_blank\" class=\"c-link c-link--is-underlined\" rel=\"noopener\">Tiss\u00e9o<\/a>.<\/p>\n<p>Selon La D\u00e9p\u00eache du Midi, l\u2019homme aurait \u00e9t\u00e9 \u00e9cras\u00e9 par une machine lourde d\u2019une trentaine de tonnes et n\u2019aurait pu \u00eatre r\u00e9anim\u00e9 par les secours, intervenus \u00ab\u00a0tr\u00e8s rapidement\u00a0\u00bb selon Tiss\u00e9o.<\/p>\n<p>D\u00e9j\u00e0 un mort en\u00a02023<\/p>\n<p>L\u2019accident, intervenu en milieu d\u2019apr\u00e8s-midi au niveau d\u2019une station proche de la gare Matabiau, n\u2019a fait \u00ab\u00a0aucun autre bless\u00e9\u00a0\u00bb, a ajout\u00e9 Tiss\u00e9o, qui annonce la mise en place d\u2019une cellule psychologique.<\/p>\n<\/p>\n<p>Cette nouvelle ligne de m\u00e9tro doit \u00eatre mise en service en\u00a02028. D\u00e9but\u00e9s fin\u00a02022, ses travaux avaient d\u00e9j\u00e0 connu l\u2019effondrement du tablier d\u2019un viaduc, en mars\u00a02023 dans la commune voisine de Lab\u00e8ge, qui avait fait un mort et trois bless\u00e9s.<\/p>\n","protected":false},"excerpt":{"rendered":"Un drame s\u2019est produit mardi sur le chantier de la future ligne C du m\u00e9tro de la Ville&hellip;\n","protected":false},"author":2,"featured_media":589938,"comment_status":"","ping_status":"","sticky":false,"template":"","format":"standard","meta":{"footnotes":""},"categories":[2816],"tags":[119,120,1111,47,11,1777,674,118,1011,27,2722,4047,2721,12,2680,25,2312,133],"class_list":{"0":"post-589937","1":"post","2":"type-post","3":"status-publish","4":"format-standard","5":"has-post-thumbnail","7":"category-toulouse","8":"tag-accident","9":"tag-accident-du-travail","10":"tag-actu","11":"tag-actualite","12":"tag-actualites","13":"tag-eu","14":"tag-europe","15":"tag-faits-divers","16":"tag-fr","17":"tag-france","18":"tag-haute-garonne","19":"tag-metro","20":"tag-midi-pyrenees","21":"tag-news","22":"tag-occitanie","23":"tag-republique-francaise","24":"tag-toulouse","25":"tag-video"},"share_on_mastodon":{"url":"https:\/\/pubeurope.com\/@fr\/115693509860887097","error":""},"_links":{"self":[{"href":"https:\/\/www.europesays.com\/fr\/wp-json\/wp\/v2\/posts\/589937","targetHints":{"allow":["GET"]}}],"collection":[{"href":"https:\/\/www.europesays.com\/fr\/wp-json\/wp\/v2\/posts"}],"about":[{"href":"https:\/\/www.europesays.com\/fr\/wp-json\/wp\/v2\/types\/post"}],"author":[{"embeddable":true,"href":"https:\/\/www.europesays.com\/fr\/wp-json\/wp\/v2\/users\/2"}],"replies":[{"embeddable":true,"href":"https:\/\/www.europesays.com\/fr\/wp-json\/wp\/v2\/comments?post=589937"}],"version-history":[{"count":0,"href":"https:\/\/www.europesays.com\/fr\/wp-json\/wp\/v2\/posts\/589937\/revisions"}],"wp:featuredmedia":[{"embeddable":true,"href":"https:\/\/www.europesays.com\/fr\/wp-json\/wp\/v2\/media\/589938"}],"wp:attachment":[{"href":"https:\/\/www.europesays.com\/fr\/wp-json\/wp\/v2\/media?parent=589937"}],"wp:term":[{"taxonomy":"category","embeddable":true,"href":"https:\/\/www.europesays.com\/fr\/wp-json\/wp\/v2\/categories?post=589937"},{"taxonomy":"post_tag","embeddable":true,"href":"https:\/\/www.europesays.com\/fr\/wp-json\/wp\/v2\/tags?post=589937"}],"curies":[{"name":"wp","href":"https:\/\/api.w.org\/{rel}","templated":true}]}}