{"id":589939,"date":"2025-12-10T05:01:20","date_gmt":"2025-12-10T05:01:20","guid":{"rendered":"https:\/\/www.europesays.com\/fr\/589939\/"},"modified":"2025-12-10T05:01:20","modified_gmt":"2025-12-10T05:01:20","slug":"enfant-violente-dans-un-tgv-la-mere-devra-effectuer-un-stage-lenfant-reste-place","status":"publish","type":"post","link":"https:\/\/www.europesays.com\/fr\/589939\/","title":{"rendered":"Enfant violent\u00e9 dans un TGV\u00a0: la m\u00e8re devra effectuer un stage, l\u2019enfant reste plac\u00e9"},"content":{"rendered":"<p>Plac\u00e9e en garde \u00e0 vue samedi pour des faits de violence sur son fils de 6\u00a0ans dans un TGV, une femme de 42\u00a0ans devra effectuer <strong>\u00ab\u00a0un stage de responsabilit\u00e9 parentale\u00a0\u00bb<\/strong> tandis que son fils fait l\u2019objet d\u2019une<strong> \u00ab\u00a0ordonnance de placement provisoire\u00a0\u00bb,<\/strong> a annonc\u00e9 le procureur de Meaux lundi 8\u00a0d\u00e9cembre 2025.<\/p>\n<p>Les faits se sont d\u00e9roul\u00e9s dans un TGV ralliant Lille \u00e0 N\u00eemes. Plusieurs t\u00e9moins ont indiqu\u00e9 que la m\u00e8re aurait saisi son fils de 6\u00a0ans par les cheveux pour le remonter sur son si\u00e8ge, avant de lui claquer la t\u00eate contre la tablette \u00e0 trois reprises apr\u00e8s que l\u2019enfant a renvers\u00e9 par accident du soda sur une passag\u00e8re.<\/p>\n<p>L\u2019enfant confi\u00e9 \u00e0 l\u2019Aide sociale \u00e0 l\u2019enfance<\/p>\n<p>La femme, originaire\u00a0de Polyn\u00e9sie fran\u00e7aise et domicili\u00e9e \u00e0 N\u00eemes (Gard), a \u00e9t\u00e9 interpell\u00e9e en gare de Marne-la-Vall\u00e9e et plac\u00e9e en garde \u00e0 vue\u00a0au sein du commissariat de Chessy-Lagny-sur-Marne (<a href=\"https:\/\/www.ouest-france.fr\/ile-de-france\/seine-et-marne\/\" target=\"_self\" rel=\"noopener\">Seine-et-Marne<\/a>), a indiqu\u00e9 le procureur Jean-Baptiste Bladier dans son communiqu\u00e9.<\/p>\n<p>\u00c0 son issue, la justice a <strong>\u00ab\u00a0notifi\u00e9 une mesure de classement sous condition d\u2019accomplir, \u00e0 ses frais, un stage de responsabilit\u00e9 parentale\u00a0\u00bb<\/strong> et une <strong>\u00ab\u00a0ordonnance de placement provisoire\u00a0\u00bb<\/strong> a \u00e9t\u00e9 d\u00e9livr\u00e9e concernant l\u2019enfant. Orphelin de p\u00e8re, il a \u00e9t\u00e9 confi\u00e9 \u00e0 l\u2019Aide Sociale \u00e0 l\u2019enfance du d\u00e9partement de Seine-et-Marne dans le cadre d\u2019un accueil dit \u00ab\u00a0de 72\u00a0heures\u00a0\u00bb.<\/p>\n<p>Sarah El\u00a0Ha\u00efry, haute-commissaire \u00e0 l\u2019Enfance, a r\u00e9agi dans un message post\u00e9 sur X dimanche. <strong>\u00ab\u00a0Gr\u00e2ce \u00e0 leur alerte, un enfant victime de violences a pu \u00eatre mis \u00e0 l\u2019abri, actuellement confi\u00e9 \u00e0 l\u2019Aide sociale \u00e0 l\u2019enfance\u00a0\u00bb,<\/strong> a-t-elle \u00e9crit.<\/p>\n<p>\n                Nous avons bloqu\u00e9 l\u2019affichage de ce contenu pour respecter vos choix en mati\u00e8re de cookies.<br \/>En cliquant sur \u00abConsulter\u00bb, vous acceptez le d\u00e9p\u00f4t de cookies par des services de r\u00e9seaux sociaux tels que Twitter.<br \/>\n                Consulter\n            <\/p>\n<blockquote class=\"twitter-tweet\" wp_automatic_readability=\"11.430340557276\">\n<p lang=\"fr\" dir=\"ltr\">?? \u00c0 bord d\u2019un TGV, des passagers ont refus\u00e9 de d\u00e9tourner le regard. <\/p>\n<p>Gr\u00e2ce \u00e0 leur alerte, un enfant victime de violences a pu \u00eatre mis \u00e0 l\u2019abri, actuellement confi\u00e9 \u00e0 l\u2019Aide sociale \u00e0 l\u2019enfance. <\/p>\n<p>Un r\u00e9flexe protecteur \u00e0 avoir !! <a href=\"https:\/\/t.co\/vfnczp3O95\">https:\/\/t.co\/vfnczp3O95<\/a><\/p>\n<p>\u2014 Sarah EL HA\u00cfRY (@sarahelhairy) <a href=\"https:\/\/twitter.com\/sarahelhairy\/status\/1997760047783518523?ref_src=twsrc%5Etfw\" target=\"_blank\" rel=\"noopener\">December 7, 2025<\/a><\/p><\/blockquote>\n<p>La m\u00e8re \u00ab\u00a0tr\u00e8s affect\u00e9e\u00a0\u00bb, selon son avocate<\/p>\n<p>Selon l\u2019avocate commise d\u2019office qui l\u2019a accompagn\u00e9e au d\u00e9but de la proc\u00e9dure, Me Sophia Rizk, la m\u00e8re de famille <strong>\u00ab\u00a0apparaissait tr\u00e8s affect\u00e9e\u00a0\u00bb<\/strong> et <strong>\u00ab\u00a0regrette \u00e9norm\u00e9ment\u00a0\u00bb. <\/strong>Aupr\u00e8s de l\u2019Agence France-Presse, elle d\u00e9crit une femme <strong>\u00ab\u00a0tr\u00e8s isol\u00e9e\u00a0\u00bb,<\/strong> dans une <strong>\u00ab\u00a0d\u00e9tresse sociale et psychologique\u00a0\u00bb<\/strong> et qui \u00e9tait <strong>\u00ab\u00a0\u00e9puis\u00e9e\u00a0\u00bb<\/strong> \u00e0 l\u2019issue d\u2019un voyage et d\u2019un week-end tr\u00e8s \u00e9prouvant pour elle et son fils.\u00a0Elle estime par ailleurs que la presse a quelque peu <strong>\u00ab\u00a0grossi\u00a0\u00bb<\/strong> les faits reproch\u00e9s \u00e0 la m\u00e8re.<\/p>\n<p>\u00a0<\/p>\n<p>\t\t<script async src=\"https:\/\/platform.twitter.com\/widgets.js\" charset=\"utf-8\"><\/script><\/p>\n","protected":false},"excerpt":{"rendered":"Plac\u00e9e en garde \u00e0 vue samedi pour des faits de violence sur son fils de 6\u00a0ans dans un&hellip;\n","protected":false},"author":2,"featured_media":589940,"comment_status":"","ping_status":"","sticky":false,"template":"","format":"standard","meta":{"footnotes":""},"categories":[2815],"tags":[1111,11,32436,847,1777,674,1011,27,811,1307,5875,12,5536,25,3138,3866,2214,5186],"class_list":{"0":"post-589939","1":"post","2":"type-post","3":"status-publish","4":"format-standard","5":"has-post-thumbnail","7":"category-lille","8":"tag-actu","9":"tag-actualites","10":"tag-effectuer","11":"tag-enfant","12":"tag-eu","13":"tag-europe","14":"tag-fr","15":"tag-france","16":"tag-hauts-de-france","17":"tag-lille","18":"tag-mere","19":"tag-news","20":"tag-place","21":"tag-republique-francaise","22":"tag-reste","23":"tag-stage","24":"tag-tgv","25":"tag-violente"},"share_on_mastodon":{"url":"https:\/\/pubeurope.com\/@fr\/115693517814075728","error":""},"_links":{"self":[{"href":"https:\/\/www.europesays.com\/fr\/wp-json\/wp\/v2\/posts\/589939","targetHints":{"allow":["GET"]}}],"collection":[{"href":"https:\/\/www.europesays.com\/fr\/wp-json\/wp\/v2\/posts"}],"about":[{"href":"https:\/\/www.europesays.com\/fr\/wp-json\/wp\/v2\/types\/post"}],"author":[{"embeddable":true,"href":"https:\/\/www.europesays.com\/fr\/wp-json\/wp\/v2\/users\/2"}],"replies":[{"embeddable":true,"href":"https:\/\/www.europesays.com\/fr\/wp-json\/wp\/v2\/comments?post=589939"}],"version-history":[{"count":0,"href":"https:\/\/www.europesays.com\/fr\/wp-json\/wp\/v2\/posts\/589939\/revisions"}],"wp:featuredmedia":[{"embeddable":true,"href":"https:\/\/www.europesays.com\/fr\/wp-json\/wp\/v2\/media\/589940"}],"wp:attachment":[{"href":"https:\/\/www.europesays.com\/fr\/wp-json\/wp\/v2\/media?parent=589939"}],"wp:term":[{"taxonomy":"category","embeddable":true,"href":"https:\/\/www.europesays.com\/fr\/wp-json\/wp\/v2\/categories?post=589939"},{"taxonomy":"post_tag","embeddable":true,"href":"https:\/\/www.europesays.com\/fr\/wp-json\/wp\/v2\/tags?post=589939"}],"curies":[{"name":"wp","href":"https:\/\/api.w.org\/{rel}","templated":true}]}}