{"id":589946,"date":"2025-12-10T05:05:11","date_gmt":"2025-12-10T05:05:11","guid":{"rendered":"https:\/\/www.europesays.com\/fr\/589946\/"},"modified":"2025-12-10T05:05:11","modified_gmt":"2025-12-10T05:05:11","slug":"la-france-insoumise-investit-ses-tetes-de-liste-dans-les-14-circonscriptions","status":"publish","type":"post","link":"https:\/\/www.europesays.com\/fr\/589946\/","title":{"rendered":"La France Insoumise investit ses t\u00eates de liste dans les 14 circonscriptions"},"content":{"rendered":"<p itemprop=\"description\"><strong>La France Insoumise poursuit son aventure solitaire pour les \u00e9lections locales de 2026.<\/strong><\/p>\n<p>Outre les municipales, le parti m\u00e9lenchoniste a renonc\u00e9 \u00e0 l&rsquo;union de la gauche au premier tour des \u00e9lections m\u00e9tropolitaines.<\/p>\n<p>Ce mardi apr\u00e8s-midi, LFI d\u00e9voile ses t\u00eates de liste dans les 14 circonscriptions de la M\u00e9tropole de Lyon, mais n&rsquo;a toujours pas de leader revendiqu\u00e9 pour batailler avec <a href=\"https:\/\/www.lyonmag.com\/profil-personnalite-lyonnaise\/518\/bruno-bernard\" target=\"_blank\" rel=\"noopener\">Bruno Bernard<\/a>, <a href=\"https:\/\/www.lyonmag.com\/profil-personnalite-lyonnaise\/210\/veronique-sarselli\" target=\"_blank\" rel=\"noopener\">V\u00e9ronique Sarselli<\/a> ou <a href=\"https:\/\/www.lyonmag.com\/profil-personnalite-lyonnaise\/742\/tiffany-joncour\" target=\"_blank\" rel=\"noopener\">Tiffany Joncour<\/a>.<\/p>\n<p>On retrouve trois d\u00e9put\u00e9s du Rh\u00f4ne, avec <a href=\"https:\/\/www.lyonmag.com\/profil-personnalite-lyonnaise\/707\/gabriel-amard\" target=\"_blank\" rel=\"noopener\">Gabriel Amard<\/a>, en bin\u00f4me avec Jos\u00e9e Moudilou \u00e0 Villeurbanne. Mais aussi <a href=\"https:\/\/www.lyonmag.com\/profil-personnalite-lyonnaise\/743\/abdelkader-lahmar\" target=\"_blank\" rel=\"noopener\">Abdelkader Lahmar<\/a> et Fatiha Didaoui dans Rh\u00f4ne Amont et <a href=\"https:\/\/www.lyonmag.com\/profil-personnalite-lyonnaise\/705\/idir-boumertit\" target=\"_blank\" rel=\"noopener\">Idir Boumertit<\/a> avec Gis\u00e8le Putoud dans la circo Portes du Sud.<\/p>\n<p>\u00ab\u00a0La France insoumise portera un programme de rupture, et pr\u00e9sente une liste pour faire mieux \u00e0 la m\u00e9tropole, avec des mesures concr\u00e8tes pour changer la vie des gens\u00a0\u00bb, pr\u00e9cise le parti.<\/p>\n<p><strong>Les bin\u00f4mes de t\u00eates de liste LFI pour les m\u00e9tropolitaines :<\/strong><\/p>\n<p>Lyon Ouest : Malika Benarab et Franck Assedou<br \/>Lyon Centre : Florestan Groult et Pauline Fivel<br \/>Lyon Sud : L\u00e9a Tauran et Cyriack Arrambourg<br \/>Lyon Sud-Est : Laurent Legendre et Maud Dordain<br \/>Lyon Est : Albert L\u00e9vy et Annie Celdran<br \/>Lyon Nord : Lise Paillette et Guillaume Pelloquin<br \/>Villeurbanne : Gabriel Amard et Jos\u00e9e Moudilou<br \/>Rh\u00f4ne Amont : Fatiha Didaoui et Abdelkader Lahmar<br \/>Porte des Alpes : Wafia Zak et Sinbad Hammouche<br \/>Porte du Sud : Idir Boumertit et Gis\u00e8le Putoud<br \/>L\u00f4nes et Coteaux : Lucas Miguel et Wassila Lahmar<br \/>Ouest : Claire Grunenwald et Guillaume Pluvy<br \/>Val de Sa\u00f4ne : H\u00e9lios Lopez et Ferielle Helassa<br \/>Plateau Nord : Raoudha Djaballah et Julien Gamaz<\/p>\n","protected":false},"excerpt":{"rendered":"La France Insoumise poursuit son aventure solitaire pour les \u00e9lections locales de 2026. Outre les municipales, le parti&hellip;\n","protected":false},"author":2,"featured_media":589947,"comment_status":"","ping_status":"","sticky":false,"template":"","format":"standard","meta":{"footnotes":""},"categories":[1889],"tags":[1111,11,2813,2190,2430,1109,251,1112,2811,1777,674,118,1011,27,1922,1110,1114,2428,2810,12,241,316,25,2812,517,800],"class_list":{"0":"post-589946","1":"post","2":"type-post","3":"status-publish","4":"format-standard","5":"has-post-thumbnail","7":"category-lyon","8":"tag-actu","9":"tag-actualites","10":"tag-article","11":"tag-asvel","12":"tag-auvergne-rhone-alpes","13":"tag-breves","14":"tag-culture","15":"tag-depeches","16":"tag-economique","17":"tag-eu","18":"tag-europe","19":"tag-faits-divers","20":"tag-fr","21":"tag-france","22":"tag-info","23":"tag-informations","24":"tag-infos","25":"tag-lyon","26":"tag-lyonmag","27":"tag-news","28":"tag-ol","29":"tag-politique","30":"tag-republique-francaise","31":"tag-sociale","32":"tag-sport","33":"tag-transports"},"share_on_mastodon":{"url":"https:\/\/pubeurope.com\/@fr\/115693533672801453","error":""},"_links":{"self":[{"href":"https:\/\/www.europesays.com\/fr\/wp-json\/wp\/v2\/posts\/589946","targetHints":{"allow":["GET"]}}],"collection":[{"href":"https:\/\/www.europesays.com\/fr\/wp-json\/wp\/v2\/posts"}],"about":[{"href":"https:\/\/www.europesays.com\/fr\/wp-json\/wp\/v2\/types\/post"}],"author":[{"embeddable":true,"href":"https:\/\/www.europesays.com\/fr\/wp-json\/wp\/v2\/users\/2"}],"replies":[{"embeddable":true,"href":"https:\/\/www.europesays.com\/fr\/wp-json\/wp\/v2\/comments?post=589946"}],"version-history":[{"count":0,"href":"https:\/\/www.europesays.com\/fr\/wp-json\/wp\/v2\/posts\/589946\/revisions"}],"wp:featuredmedia":[{"embeddable":true,"href":"https:\/\/www.europesays.com\/fr\/wp-json\/wp\/v2\/media\/589947"}],"wp:attachment":[{"href":"https:\/\/www.europesays.com\/fr\/wp-json\/wp\/v2\/media?parent=589946"}],"wp:term":[{"taxonomy":"category","embeddable":true,"href":"https:\/\/www.europesays.com\/fr\/wp-json\/wp\/v2\/categories?post=589946"},{"taxonomy":"post_tag","embeddable":true,"href":"https:\/\/www.europesays.com\/fr\/wp-json\/wp\/v2\/tags?post=589946"}],"curies":[{"name":"wp","href":"https:\/\/api.w.org\/{rel}","templated":true}]}}