{"id":589958,"date":"2025-12-10T05:12:33","date_gmt":"2025-12-10T05:12:33","guid":{"rendered":"https:\/\/www.europesays.com\/fr\/589958\/"},"modified":"2025-12-10T05:12:33","modified_gmt":"2025-12-10T05:12:33","slug":"le-candidat-ps-a-la-mairie-de-paris-emmanuel-gregoire-favorable-a-une-vente-du-parc-des-princes-au-psg-liberation","status":"publish","type":"post","link":"https:\/\/www.europesays.com\/fr\/589958\/","title":{"rendered":"Le candidat PS \u00e0 la mairie de Paris Emmanuel Gr\u00e9goire favorable \u00e0 une vente du Parc des princes au PSG \u2013 Lib\u00e9ration"},"content":{"rendered":"<p class=\"sc-cPiKLX AiZTS text-element\">Le projet est baptis\u00e9 \u00abUn Grand Parc\u00bb. Son initiateur, Emmanuel Gr\u00e9goire, est candidat socialiste pour les prochaines municipales parisiennes, et il est favorable \u00e0 la <a href=\"https:\/\/www.liberation.fr\/sports\/football\/le-paris-saint-germain-ne-veut-finalement-plus-racheter-le-stade-de-france-20240103_663V2U5XJ5CZJIKFWP6W2JO6TQ\/\" target=\"_blank\" rel=\"noreferrer noopener\" title=\"https:\/\/www.liberation.fr\/sports\/football\/le-paris-saint-germain-ne-veut-finalement-plus-racheter-le-stade-de-france-20240103_663V2U5XJ5CZJIKFWP6W2JO6TQ\/\">vente du Parc des princes<\/a> au Paris Saint-Germain, <a href=\"https:\/\/www.liberation.fr\/sports\/depart-du-psg-du-parc-des-princes-la-bataille-entre-hidalgo-et-al-khelaifi-se-poursuit-20240208_6CIMX3UX2RHGHEKXOSGTNI6W6U\/\" target=\"_blank\" rel=\"noreferrer noopener\" title=\"https:\/\/www.liberation.fr\/sports\/depart-du-psg-du-parc-des-princes-la-bataille-entre-hidalgo-et-al-khelaifi-se-poursuit-20240208_6CIMX3UX2RHGHEKXOSGTNI6W6U\/\">sujet de crispation<\/a> entre l\u2019actuelle mandature et le club <a href=\"https:\/\/www.liberation.fr\/sports\/football\/victoire-du-paris-sg-cest-irreel-ce-nest-pas-logique-20250601_JTAPNMDOMBHSPJZE355RYPTKLM\/\" target=\"_blank\" rel=\"noreferrer noopener\" title=\"https:\/\/www.liberation.fr\/sports\/football\/victoire-du-paris-sg-cest-irreel-ce-nest-pas-logique-20250601_JTAPNMDOMBHSPJZE355RYPTKLM\/\">champion d\u2019Europe<\/a>. Alors que les n\u00e9gociations sont actuellement au point mort, l\u2019ancien premier adjoint d\u2019Anne Hidalgo souhaite soumettre \u00abdeux options\u00bb au Conseil de Paris pour d\u00e9bloquer la situation : un bail de longue dur\u00e9e ou une cession pure et simple de l\u2019enceinte.<\/p>\n<p class=\"sc-cPiKLX AiZTS text-element\">\u00abOui, maire, la vente est une option que je proposerai au Conseil de Paris\u00bb, assure l\u2019\u00e9lu dans un entretien paru ce mardi 9 d\u00e9cembre <a href=\"https:\/\/www.lequipe.fr\/Football\/Article\/Emmanuel-gregoire-candidat-ps-a-la-mairie-de-paris-devoile-son-projet-pour-le-parc-des-princes-la-vente-est-une-option-que-je-proposerai-au-conseil-de-paris\/1615763\" target=\"_blank\" rel=\"noreferrer noopener\" title=\"https:\/\/www.lequipe.fr\/Football\/Article\/Emmanuel-gregoire-candidat-ps-a-la-mairie-de-paris-devoile-son-projet-pour-le-parc-des-princes-la-vente-est-une-option-que-je-proposerai-au-conseil-de-paris\/1615763\">dans l\u2019Equipe<\/a>, marquant une rupture avec la ligne actuelle de la municipalit\u00e9. La ville est en froid depuis plusieurs ann\u00e9es avec les dirigeants du PSG, qui souhaitaient racheter le stade pour mener \u00e0 bien leurs travaux d\u2019am\u00e9nagement et d\u2019agrandissement, afin notamment de passer d\u2019une jauge de 48 000 \u00e0 60 000 places. Face au refus persistant de la mairie, le patron qatari du PSG Nasser Al-Khela\u00effi avait annonc\u00e9 en f\u00e9vrier 2024 vouloir quitter la capitale. Dix sites franciliens avaient alors manifest\u00e9 leur int\u00e9r\u00eat pour accueillir le club.<\/p>\n<p class=\"sc-cPiKLX AiZTS text-element\">Cette \u00e9ventuelle cession serait toutefois encadr\u00e9e par des clauses strictes, interdisant notamment le \u00abnaming\u00bb pour pr\u00e9server l\u2019appellation \u00abParc des princes\u00bb et obligeant le site \u00e0 rester un stade de football, m\u00eame en cas de faillite du club ou de revente par l\u2019actionnaire. La ville conserverait par ailleurs un \u00abdroit prioritaire de rachat\u00bb et exigerait une protection patrimoniale du b\u00e2ti.<\/p>\n<p class=\"sc-cPiKLX AiZTS text-element\">Au-del\u00e0 du stade, Emmanuel Gr\u00e9goire dit porter le projet \u00abNouveau Parc des princes\u00bb incluant la couverture d\u2019une partie du p\u00e9riph\u00e9rique pour cr\u00e9er un jardin et le d\u00e9veloppement d\u2019une zone commerciale \u00e0 la Porte de Saint-Cloud pour augmenter les revenus du club.<\/p>\n<p class=\"sc-cPiKLX AiZTS text-element\">Ce programme immobilier permettrait au PSG de d\u00e9velopper des activit\u00e9s \u00e9conomiques (mus\u00e9e, loisirs) tout en finan\u00e7ant la r\u00e9novation d\u2019\u00e9quipements sportifs de proximit\u00e9, comme des gymnases souterrains. \u00abJe souhaite dire aux Parisiennes et Parisiens qui souhaitent que le PSG reste au Parc des princes que c\u2019est possible\u00bb, conclut le candidat, qui esp\u00e8re concr\u00e9tiser ce projet \u00abd\u00e8s 2026\u00bb. Le club, n\u2019a pour l\u2019heure, pas r\u00e9agi \u00e0 cette \u00e9ventualit\u00e9. <\/p>\n","protected":false},"excerpt":{"rendered":"Le projet est baptis\u00e9 \u00abUn Grand Parc\u00bb. Son initiateur, Emmanuel Gr\u00e9goire, est candidat socialiste pour les prochaines municipales&hellip;\n","protected":false},"author":2,"featured_media":589959,"comment_status":"","ping_status":"","sticky":false,"template":"","format":"standard","meta":{"footnotes":""},"categories":[1888],"tags":[11,8186,1777,674,1011,27,5945,68867,12,626,25],"class_list":{"0":"post-589958","1":"post","2":"type-post","3":"status-publish","4":"format-standard","5":"has-post-thumbnail","7":"category-paris","8":"tag-actualites","9":"tag-emmanuel-gregoire","10":"tag-eu","11":"tag-europe","12":"tag-fr","13":"tag-france","14":"tag-municipales-elections","15":"tag-municipales-elections-paris","16":"tag-news","17":"tag-paris","18":"tag-republique-francaise"},"share_on_mastodon":{"url":"https:\/\/pubeurope.com\/@fr\/115693561022206771","error":""},"_links":{"self":[{"href":"https:\/\/www.europesays.com\/fr\/wp-json\/wp\/v2\/posts\/589958","targetHints":{"allow":["GET"]}}],"collection":[{"href":"https:\/\/www.europesays.com\/fr\/wp-json\/wp\/v2\/posts"}],"about":[{"href":"https:\/\/www.europesays.com\/fr\/wp-json\/wp\/v2\/types\/post"}],"author":[{"embeddable":true,"href":"https:\/\/www.europesays.com\/fr\/wp-json\/wp\/v2\/users\/2"}],"replies":[{"embeddable":true,"href":"https:\/\/www.europesays.com\/fr\/wp-json\/wp\/v2\/comments?post=589958"}],"version-history":[{"count":0,"href":"https:\/\/www.europesays.com\/fr\/wp-json\/wp\/v2\/posts\/589958\/revisions"}],"wp:featuredmedia":[{"embeddable":true,"href":"https:\/\/www.europesays.com\/fr\/wp-json\/wp\/v2\/media\/589959"}],"wp:attachment":[{"href":"https:\/\/www.europesays.com\/fr\/wp-json\/wp\/v2\/media?parent=589958"}],"wp:term":[{"taxonomy":"category","embeddable":true,"href":"https:\/\/www.europesays.com\/fr\/wp-json\/wp\/v2\/categories?post=589958"},{"taxonomy":"post_tag","embeddable":true,"href":"https:\/\/www.europesays.com\/fr\/wp-json\/wp\/v2\/tags?post=589958"}],"curies":[{"name":"wp","href":"https:\/\/api.w.org\/{rel}","templated":true}]}}