{"id":589966,"date":"2025-12-10T05:18:23","date_gmt":"2025-12-10T05:18:23","guid":{"rendered":"https:\/\/www.europesays.com\/fr\/589966\/"},"modified":"2025-12-10T05:18:23","modified_gmt":"2025-12-10T05:18:23","slug":"greve-de-dizaines-de-milliers-detudiants-dans-toute-lallemagne-contre-la-militarisation-et-la-conscription","status":"publish","type":"post","link":"https:\/\/www.europesays.com\/fr\/589966\/","title":{"rendered":"Gr\u00e8ve de dizaines de milliers d\u2019\u00e9tudiants dans toute l\u2019Allemagne contre la militarisation et la conscription"},"content":{"rendered":"<p><img decoding=\"async\" class=\"db relative center\" loading=\"lazy\" src=\"https:\/\/www.europesays.com\/fr\/wp-content\/uploads\/2025\/12\/785b1d67-7c02-46d7-9f1c-0824b2f705c6\" style=\"max-height:100%\"\/>Manifestation contre la conscription \u00e0 Berlin, le 5 d\u00e9cembre 2025<\/p>\n<p>De Berlin \u00e0 Munich et Dresde, en passant par Dortmund, Essen et Stuttgart, des dizaines de milliers de jeunes sont descendus dans les rues le 5 d\u00e9cembre dans plus de 90 villes pour protester contre la r\u00e9introduction de la conscription. Ces manifestations ont \u00e9t\u00e9 une expression puissante de l&rsquo;\u00e9norme opposition au militarisme allemand et au danger d&rsquo;une troisi\u00e8me guerre mondiale.<\/p>\n<p>La gr\u00e8ve scolaire nationale \u00e9tait dirig\u00e9e contre la Loi sur la modernisation du service militaire, qui a \u00e9t\u00e9 adopt\u00e9e le m\u00eame jour au Parlement f\u00e9d\u00e9ral (Bundestag) gr\u00e2ce aux votes des partis au pouvoir, le Parti social-d\u00e9mocrate (SPD) et l&rsquo;Union chr\u00e9tienne-d\u00e9mocrate\/Union chr\u00e9tienne-sociale (CDU\/CSU). \u00c0 partir de 2026, tous les jeunes hommes \u00e2g\u00e9s de 18 ans seront soumis \u00e0 une inscription obligatoire et \u00e0 un examen m\u00e9dical, et d\u00e8s que le nombre de \u00ab volontaires \u00bb sera insuffisant, ils seront \u00e9galement soumis \u00e0 une incorporation obligatoire dans l&rsquo;arm\u00e9e.<\/p>\n<p>Rien qu&rsquo;en Saxe, environ 2000 \u00e9l\u00e8ves ont particip\u00e9 aux manifestations. \u00ab Vive l&rsquo;\u00e9ducation, \u00e0 bas l&rsquo;armement \u00bb, scandaient-ils \u00e0 Dresde. \u00ab Nous ne sommes pas de la chair \u00e0 canon ! \u00bb et \u00ab Envoyez [le chancelier] Merz au front \u00bb figuraient sur des pancartes artisanales \u00e0 Essen. Un slogan rappelait l&rsquo;agitation x\u00e9nophobe du chancelier \u00e0 l&rsquo;encontre des migrants : \u00ab Mauvais pour la ville, mais assez bon pour le front. \u00bb<\/p>\n<p>La plupart des participants ont li\u00e9 la lutte contre la conscription \u00e0 la lutte plus large contre le militarisme et la guerre, et certains ont \u00e9galement abord\u00e9 la cause sous-jacente de cette \u00e9volution du capitalisme, m\u00eame si les conflits militaires actuels et le r\u00f4le actif du gouvernement allemand en tant que belliciste \u00e9taient souvent mal compris.<\/p>\n<p>Mais bon nombre des organisateurs impliqu\u00e9s ont fait tout leur possible pour limiter les manifestations au rejet du \u00ab service obligatoire \u00bb et exclure la question centrale : les pr\u00e9paratifs de guerre du gouvernement. Cela n&rsquo;a rien de surprenant. Parmi les organisateurs figurent les sections jeunesse des m\u00eames partis qui soutiennent le r\u00e9armement et ont vot\u00e9 en faveur des cr\u00e9dits de guerre d&rsquo;un billion d&rsquo;euros : les Jeunes Verts, les Jeunes socialistes (Jusos) du SPD et la Linksjugend du Parti de gauche. Les syndicats Verdi (secteur des services) et GEW (\u00e9ducation et science), qui ont exprim\u00e9 verbalement leur soutien \u00e0 la gr\u00e8ve \u00e9tudiante, se sont \u00e9galement prononc\u00e9s en faveur du r\u00e9armement.<\/p>\n<p>Lors des manifestations, l&rsquo;International Youth and Students for Social Equality (IYSSE) a en revanche soulign\u00e9 que la r\u00e9introduction de la conscription \u00e9tait directement li\u00e9e au retour du militarisme allemand. Leur tract, distribu\u00e9 dans toute l&rsquo;Allemagne, <a href=\"https:\/\/www.wsws.org\/fr\/articles\/2025\/12\/09\/hzjb-d09.html\" target=\"_blank\" rel=\"noopener\">d\u00e9clarait<\/a> :<\/p>\n<blockquote>\n<p>Le retour de la conscription fait partie de la militarisation de la soci\u00e9t\u00e9 dans son ensemble. Quatre-vingts ans apr\u00e8s la Seconde Guerre mondiale, le gouvernement allemand se pr\u00e9pare \u00e0 nouveau \u00e0 faire marcher toute une g\u00e9n\u00e9ration vers les casernes et les tranch\u00e9es pour sacrifier de jeunes vies au profit des int\u00e9r\u00eats \u00e9conomiques de la classe dirigeante. La coalition CDU\/SPD fait avancer le r\u00e9armement de la Bundeswehr \u00e0 une vitesse fulgurante.<\/p>\n<\/blockquote>\n<p>Le tract poursuivait en affirmant que le capitalisme conduisait \u00e0 nouveau \u00e0 la barbarie et \u00e0 la guerre, comme il l&rsquo;avait fait au XXe si\u00e8cle. Par cons\u00e9quent, la seule perspective r\u00e9aliste pour mettre fin \u00e0 la conscription et \u00e0 la guerre est la mobilisation internationale de la classe ouvri\u00e8re sur la base d&rsquo;un programme socialiste. Un tel mouvement doit s&rsquo;opposer \u00e0 tous les partis capitalistes, qui encouragent tous le militarisme.<\/p>\n<p>Les repr\u00e9sentants de l&rsquo;IYSSE ont discut\u00e9 de cette perspective avec des \u00e9l\u00e8ves en gr\u00e8ve \u00e0 Berlin, Essen, Nuremberg, Stuttgart et Munich.<\/p>\n<p>Berlin<\/p>\n<p>\u00c0 Berlin, le gouvernement r\u00e9gional SPD-CDU a envoy\u00e9 une lettre \u00e0 tous les chefs d&rsquo;\u00e9tablissement leur demandant d&rsquo;\u00ab informer \u00bb les \u00e9l\u00e8ves que leur participation aux manifestations serait consid\u00e9r\u00e9e comme une absence non autoris\u00e9e et pourrait leur causer des probl\u00e8mes avec leur assurance maladie. Malgr\u00e9 cette menace, 3000 \u00e9l\u00e8ves se sont rassembl\u00e9s \u00e0 Hallesches Tor et Oranienplatz.<\/p>\n<p><img decoding=\"async\" class=\"db relative center\" loading=\"lazy\" src=\"https:\/\/www.europesays.com\/fr\/wp-content\/uploads\/2025\/12\/d4f18407-553e-4a8e-894e-8b93f96127fc\" style=\"max-height:100%\"\/>Laurenz (\u00e0 gauche) et son camarade de classe Hugo \u00e0 Berlin, le 5 d\u00e9cembre 2025<\/p>\n<p>De nombreux \u00e9l\u00e8ves ont convenu que la classe ouvri\u00e8re devait se mobiliser contre la militarisation. Comme l&rsquo;a dit Laurenz : \u00ab Ce sont les travailleurs qui sont touch\u00e9s, mais ce sont aussi eux qui doivent s&rsquo;y opposer et ne peuvent pas simplement laisser faire. \u00bb Trois autres \u00e9l\u00e8ves ont approuv\u00e9 : \u00ab Nous devrions vraiment faire plus de gr\u00e8ves, y compris les travailleurs. Et aussi sur d&rsquo;autres questions, comme la Palestine. \u00bb<\/p>\n<p>D&rsquo;autres se sont prononc\u00e9s contre le vaste programme de r\u00e9armement. \u00ab Si tous les pays continuent \u00e0 s&rsquo;armer \u00e0 l&rsquo;\u00e9chelle internationale, cela ne m\u00e8nera qu&rsquo;\u00e0 une spirale sans fin. En r\u00e9alit\u00e9, il faut un d\u00e9sarmement partout pour enfin instaurer la paix. \u00bb<\/p>\n<p>Les affirmations de la classe dirigeante selon lesquelles le r\u00e9armement servait uniquement \u00e0 des fins d\u00e9fensives ont \u00e9t\u00e9 accueillies avec scepticisme. Lene a d\u00e9clar\u00e9 : \u00ab Tout cela n&rsquo;est qu&rsquo;une couverture pour dissimuler les v\u00e9ritables raisons. Au final, ce ne sont pas les politiciens et les riches qui seront en premi\u00e8re ligne, mais les pauvres et les travailleurs \u00e0 faibles revenus, tandis que les autres resteront bien au chaud chez eux. \u00bb<\/p>\n<p>Essen<\/p>\n<p>Environ 400 \u00e9l\u00e8ves ont manifest\u00e9 \u00e0 Essen contre le retour de la conscription.<\/p>\n<p><strong>Elisa<\/strong> (18 ans) a d\u00e9clar\u00e9 : \u00ab Je suis contre la guerre. Je pense que les conflits peuvent \u00eatre r\u00e9solus autrement. C&rsquo;est une id\u00e9e terrible que mon fr\u00e8re ou des membres de ma famille puissent \u00eatre envoy\u00e9s \u00e0 la guerre. \u00bb Son camarade de classe Johann, \u00e2g\u00e9 de 15 ans, consid\u00e9rait que le danger d&rsquo;une guerre majeure \u00e9tait r\u00e9el. Il a critiqu\u00e9 le d\u00e9tournement de fonds destin\u00e9s \u00e0 la protection du climat vers l&rsquo;arm\u00e9e.<\/p>\n<p><img decoding=\"async\" class=\"db relative center\" loading=\"lazy\" src=\"https:\/\/www.europesays.com\/fr\/wp-content\/uploads\/2025\/12\/1d376e4b-f839-4299-8ad3-bfa910873eb0\" style=\"max-height:100%\"\/>Pancarte lors de la manifestation \u00e0 Essen, le 5 d\u00e9cembre 2025<\/p>\n<p><strong>Bilal<\/strong>, 15 ans, d\u00e9l\u00e9gu\u00e9 de classe dans un coll\u00e8ge, a d\u00e9clar\u00e9 : \u00ab Aujourd&rsquo;hui, nous voyons qu&rsquo;ils investissent \u00e9norm\u00e9ment d&rsquo;argent dans l&rsquo;arm\u00e9e plut\u00f4t que dans l&rsquo;\u00e9ducation, par exemple. Cela doit absolument changer. \u00bb Les \u00e9l\u00e8ves de sa classe protestent depuis des ann\u00e9es contre le fait qu&rsquo;ils doivent nettoyer leurs propres toilettes. L&rsquo;opinion de sa classe est tr\u00e8s majoritairement contre la conscription, mais \u00ab la plupart n&rsquo;ont pas os\u00e9 venir aujourd&rsquo;hui parce que le directeur le leur a interdit \u00bb.<\/p>\n<p><strong>Nati<\/strong>, 16 ans, est horrifi\u00e9e \u00e0 l&rsquo;id\u00e9e que des enfants soient \u00e0 nouveau contraints de se battre avec des armes. Elle s&rsquo;inqui\u00e8te \u00e9galement du virage \u00e0 droite en Allemagne. Selon elle, moins de 100 ans se sont \u00e9coul\u00e9s depuis l&rsquo;\u00e8re nazie, et pourtant, cette histoire va se r\u00e9p\u00e9ter si on ne la confronte pas. \u00ab Au lieu de cela, ils r\u00e9p\u00e8tent que nous avons besoin de la conscription, que nous avons besoin de gens au front, au lieu de regarder le monde et de constater que nous avons d\u00e9j\u00e0 assez de guerres et que nous ne devrions plus jamais forcer personne \u00e0 vivre une telle situation. \u00bb<\/p>\n<p>Elle \u00e9tait d&rsquo;accord pour dire que la guerre est le r\u00e9sultat du capitalisme. Elle appuyait la lutte pour un mouvement international de la classe ouvri\u00e8re et de la jeunesse, comme le pr\u00e9conise l&rsquo;IYSSE. Elle rejettait la pens\u00e9e nationaliste, surtout au vu de l&rsquo;histoire du national-socialisme. Elle s&rsquo;est \u00e9galement oppos\u00e9e \u00e0 l&rsquo;implication de l&rsquo;Allemagne dans la guerre contre la Russie : \u00ab Alors, des jeunes mourraient sur le champ de bataille dans une guerre qu&rsquo;ils ne devraient pas mener. \u00bb<\/p>\n<p>Elle consid\u00e9rait \u00ab l&rsquo;injustice sociale de notre soci\u00e9t\u00e9 \u00bb comme un probl\u00e8me majeur : \u00abLes riches s&rsquo;enrichissent de plus en plus, tandis que la partie la plus pauvre de la soci\u00e9t\u00e9 souffre, le nombre de sans-abri augmente et les probl\u00e8mes de la faim et du logement s&rsquo;aggravent. Et nous discutons encore pour savoir si nous ne devrions pas taxer davantage ce petit pourcentage de super-riches. \u00bb<\/p>\n<p><img decoding=\"async\" class=\"db relative center\" loading=\"lazy\" src=\"https:\/\/www.europesays.com\/fr\/wp-content\/uploads\/2025\/12\/dcead831-f415-46bf-bdfc-8ec705c3c8de\" style=\"max-height:100%\"\/>Blagovest et Leon lors de la manifestation \u00e0 Essen, le 5 d\u00e9cembre 2025<\/p>\n<p><strong>Blagovest<\/strong> et <strong>L\u00e9on<\/strong> fr\u00e9quentent un lyc\u00e9e professionnel \u00e0 Gladbeck et ont fait le d\u00e9placement sp\u00e9cialement pour participer \u00e0 la manifestation. Blagovest, 20 ans, estime que la raison de la r\u00e9introduction de la conscription r\u00e9side en grande partie dans le fait que les politiciens et les banques veulent tirer davantage profit de la guerre. L\u00e9on, 18 ans, a d\u00e9clar\u00e9 que les partis traditionnels n&rsquo;offraient aucune solution : \u00ab Ce sont toujours les m\u00eames personnes qui sont au pouvoir. Quel que soit le parti, ils font toujours la m\u00eame chose. Il se passe toujours quelque chose de pire qui va \u00e0 l&rsquo;encontre de l&rsquo;humanit\u00e9. Et cela fait tr\u00e8s peur. \u00bb L\u00e9on a soulign\u00e9 : \u00ab Il s&rsquo;agit de notre avenir en tant qu&rsquo;humanit\u00e9. \u00bb S&rsquo;il y avait une guerre majeure, tout le monde mourrait, \u00ab quelle que soit la couleur de votre peau ou la personne que vous avez \u00e9pous\u00e9e \u00bb.<\/p>\n<p>Stuttgart<\/p>\n<p>\u00c0 Stuttgart, environ 1500 \u00e9l\u00e8ves ont particip\u00e9 \u00e0 la manifestation contre la conscription. Beaucoup ont soulign\u00e9 le lien entre la guerre et le capitalisme. Une pancarte disait : \u00ab Ne vous laissez pas acheter, vous n&rsquo;\u00eates pas des politiciens \u00bb, et une autre : \u00ab Conscription ? Levez-vous plut\u00f4t \u00bb. Une banderole \u00e0 l&rsquo;avant du cort\u00e8ge disait : \u00ab Front rouge, pas front oriental \u00bb.<\/p>\n<p><img decoding=\"async\" class=\"db relative center\" loading=\"lazy\" src=\"https:\/\/www.europesays.com\/fr\/wp-content\/uploads\/2025\/12\/70683463-b848-4b86-b795-20468970fde8\" style=\"max-height:100%\"\/>Manifestation contre la conscription \u00e0 Stuttgart, le 5 d\u00e9cembre 2025<\/p>\n<p>Plusieurs jeunes se sont exprim\u00e9 non seulement contre la conscription, mais aussi contre le terrible programme de r\u00e9armement et le r\u00f4le de l&rsquo;Allemagne dans la guerre en Ukraine et \u00e0 Gaza. <strong>Valentin<\/strong>, un \u00e9tudiant de 17 ans, a soulign\u00e9 le lien entre la guerre et le capitalisme : \u00ab Je ne veux pas mourir pour les int\u00e9r\u00eats capitalistes de quelques-uns. \u00bb Concernant la perspective de construire un mouvement international anti-guerre de la classe ouvri\u00e8re, il a d\u00e9clar\u00e9 : \u00ab Oui, je pense que c&rsquo;est une bonne chose, ce serait important. \u00bb<\/p>\n<p><img decoding=\"async\" class=\"db relative center\" loading=\"lazy\" src=\"https:\/\/www.europesays.com\/fr\/wp-content\/uploads\/2025\/12\/be592520-037d-4cdf-aa39-31441d55b448\" style=\"max-height:100%\"\/>L\u00e9o et Julius \u00e0 Stuttgart<\/p>\n<p><strong>L\u00e9o<\/strong> et <strong>Julius<\/strong>, tous deux \u00e2g\u00e9s de 17 ans, ont soulign\u00e9 que le r\u00e9armement \u00e9tait financ\u00e9 par des coupes dans les d\u00e9penses sociales. \u00ab Nous sommes ici aujourd&rsquo;hui pour manifester contre la conscription, mais aussi pour faire entendre la voix des jeunes. Il y a un manque d&rsquo;argent partout dans les \u00e9coles, le permis de conduire co\u00fbte d\u00e9sormais 4000 euros ; l&rsquo;argent doit \u00eatre investi dans les gens, pas dans la guerre \u00bb, ont-ils d\u00e9clar\u00e9.<\/p>\n<p>Munich<\/p>\n<p>\u00c0 Munich, plus de 1000 \u00e9l\u00e8ves se sont rassembl\u00e9s \u00e0 la gare de Giesing. Beaucoup portaient des pancartes faites \u00e0 la main exprimant leur opposition \u00e0 la conscription ou d\u00e9non\u00e7ant le gouvernement. Beaucoup s&rsquo;accordaient \u00e0 dire que le gouvernement n&rsquo;\u00e9tait pas digne de confiance et agissait contre leurs int\u00e9r\u00eats. La perspective de l&rsquo;IYSSE a suscit\u00e9 un vif int\u00e9r\u00eat. De nombreux \u00e9l\u00e8ves ont soulign\u00e9 le fait que des coupes dans l&rsquo;\u00e9ducation et les services sociaux \u00e9taient mises en \u0153uvre pour financer le r\u00e9armement.<\/p>\n<p><img decoding=\"async\" class=\"db relative center\" loading=\"lazy\" src=\"https:\/\/www.europesays.com\/fr\/wp-content\/uploads\/2025\/12\/8732d823-9323-43b1-ba10-1511db2fa454\" style=\"max-height:100%\"\/>Manifestation \u00e0 Munich, le 5 d\u00e9cembre 2025Nuremberg<\/p>\n<p>\u00c0 Nuremberg, plus de 400 \u00e9l\u00e8ves ont manifest\u00e9 contre le projet de r\u00e9introduction de la conscription. On pouvait lire sur des pancartes faites \u00e0 la main : \u00ab Nous voulons vivre en paix, pas mourir \u00e0 la guerre ! \u00bb et \u00ab Nous sommes cens\u00e9s mourir pour vos int\u00e9r\u00eats capitalistes ? R\u00e9sistons. \u00bb La manifestation a \u00e9galement \u00e9t\u00e9 soutenue par de nombreux parents inquiets qui brandissaient des pancartes sur lesquelles on pouvait lire : \u00ab Vous ne prendrez pas mes enfants. \u00bb<\/p>\n<p><img decoding=\"async\" class=\"db relative center\" loading=\"lazy\" src=\"https:\/\/www.europesays.com\/fr\/wp-content\/uploads\/2025\/12\/be769488-5300-40d8-93c3-e57f430cb59f\" style=\"max-height:100%\"\/>Manifestation \u00e0 Nuremberg, le 5 d\u00e9cembre 2025<\/p>\n<p>Fabi\u00e9n, un \u00e9l\u00e8ve de Nuremberg, a r\u00e9sum\u00e9 l&rsquo;opposition de nombreux jeunes. Il a d\u00e9clar\u00e9 qu&rsquo;il faisait gr\u00e8ve \u00ab parce que nous voulons manifester ensemble contre les lois sur la conscription imminentes \u00bb et a soulign\u00e9 que ces attaques ne pouvaient \u00eatre comprises que dans le contexte d&rsquo;une crise capitaliste qui s&rsquo;aggrave. Les pouvoirs en place ne peuvent d\u00e9fendre leurs int\u00e9r\u00eats mondiaux \u00ab qu&rsquo;avec autorit\u00e9 et violence \u00bb, a-t-il d\u00e9clar\u00e9, raison pour laquelle le militarisme, le r\u00e9armement et la guerre s&rsquo;intensifient. Il a vivement condamn\u00e9 l&rsquo;hypocrisie du Parti de gauche (Die Linke), qui s&rsquo;oppose publiquement \u00e0 la conscription tout en soutenant le \u00ab fonds militaire sp\u00e9cial \u00bb de 100 milliards d&rsquo;euros pour la Bundeswehr. Selon lui, ces organisations \u00ab font preuve d&rsquo;hypocrisie \u00bb et ne font partie d&rsquo;aucun v\u00e9ritable mouvement anti-guerre.<\/p>\n<p><img decoding=\"async\" class=\"db relative center\" loading=\"lazy\" src=\"https:\/\/www.europesays.com\/fr\/wp-content\/uploads\/2025\/12\/a0b7e777-acae-49d4-8f34-3b824aac8a3f\" style=\"max-height:25rem\"\/>Moritz \u00e0 Nuremberg (\u00e0 gauche), le 5 d\u00e9cembre 2025<\/p>\n<p><strong>Moritz<\/strong>, \u00e9tudiant \u00e0 l&rsquo;universit\u00e9 d&rsquo;Erlangen, a \u00e9galement vivement critiqu\u00e9 l&rsquo;hypocrisie du Parti de gauche et des Verts. Il a qualifi\u00e9 leur participation aux manifestations contre la conscription de \u00ab malhonn\u00eate \u00bb, car ils \u00ab votent en m\u00eame temps pour le fonds militaire sp\u00e9cial \u00bb et soutiennent ainsi le r\u00e9armement. Quiconque s&rsquo;oppose publiquement \u00e0 la conscription tout en soutenant les cr\u00e9dits de guerre montre qu&rsquo;il \u00abn&rsquo;a pas le courage de changer quoi que ce soit \u00bb.<\/p>\n<p>Il a critiqu\u00e9 ces partis qui tentent de persuader la population d&rsquo;adopter une \u00ab pens\u00e9e de gauche \u00bb qui se limite \u00e0 quelques revendications sociales dans le cadre du syst\u00e8me existant et qui se heurte in\u00e9vitablement \u00e0 des limites. Il s&rsquo;agit de \u00ab revendications creuses qui peuvent sembler logiques dans ce contexte parlementaire \u00bb, mais qui n&rsquo;offrent aucune solution r\u00e9elle. Selon lui, leur politique n&rsquo;est pas socialiste, mais vise \u00e0 conduire les jeunes et les travailleurs dans l&rsquo;impasse des illusions parlementaires. Dans le m\u00eame temps, Moritz a toutefois soulign\u00e9 que les jeunes qui ont rejoint le Parti de gauche ou les Verts par souci sinc\u00e8re ne devaient pas \u00eatre exclus.<\/p>\n<p>Les deux jeunes ont clairement indiqu\u00e9 que la lutte contre la conscription ne pouvait \u00eatre gagn\u00e9e que si elle ne se limitait pas \u00e0 la seule jeunesse, mais devenait un mouvement conscient et international de la classe ouvri\u00e8re. Fabi\u00e9n a soulign\u00e9 que \u00abtoutes les couches opprim\u00e9es de la population doivent \u00eatre mobilis\u00e9es \u00bb pour contrer le militarisme et la r\u00e9pression et pour vaincre le syst\u00e8me capitaliste qui produit ces attaques. Moritz a ajout\u00e9 que les gr\u00e8ves scolaires actuelles ne repr\u00e9sentent que \u00ab la premi\u00e8re \u00e9tape d&rsquo;un r\u00e9veil politique \u00bb et que la t\u00e2che d\u00e9cisive consiste \u00e0 les transformer en une \u00ab protestation ouvri\u00e8re \u00bb.<\/p>\n","protected":false},"excerpt":{"rendered":"Manifestation contre la conscription \u00e0 Berlin, le 5 d\u00e9cembre 2025 De Berlin \u00e0 Munich et Dresde, en passant&hellip;\n","protected":false},"author":2,"featured_media":589967,"comment_status":"","ping_status":"","sticky":false,"template":"","format":"standard","meta":{"footnotes":""},"categories":[1587],"tags":[11,672,1804,29252,1805,1803,1777,674,665,1801,1146,41179,16234,12,1802,220],"class_list":{"0":"post-589966","1":"post","2":"type-post","3":"status-publish","4":"format-standard","5":"has-post-thumbnail","7":"category-allemagne","8":"tag-actualites","9":"tag-allemagne","10":"tag-bundesrepublik-deutschland","11":"tag-capitalisme","12":"tag-de","13":"tag-deutschland","14":"tag-eu","15":"tag-europe","16":"tag-gaza","17":"tag-germany","18":"tag-guerre","19":"tag-imperialisme","20":"tag-militarisme","21":"tag-news","22":"tag-republique-federale-dallemagne","23":"tag-ukraine"},"share_on_mastodon":{"url":"https:\/\/pubeurope.com\/@fr\/115693585430921281","error":""},"_links":{"self":[{"href":"https:\/\/www.europesays.com\/fr\/wp-json\/wp\/v2\/posts\/589966","targetHints":{"allow":["GET"]}}],"collection":[{"href":"https:\/\/www.europesays.com\/fr\/wp-json\/wp\/v2\/posts"}],"about":[{"href":"https:\/\/www.europesays.com\/fr\/wp-json\/wp\/v2\/types\/post"}],"author":[{"embeddable":true,"href":"https:\/\/www.europesays.com\/fr\/wp-json\/wp\/v2\/users\/2"}],"replies":[{"embeddable":true,"href":"https:\/\/www.europesays.com\/fr\/wp-json\/wp\/v2\/comments?post=589966"}],"version-history":[{"count":0,"href":"https:\/\/www.europesays.com\/fr\/wp-json\/wp\/v2\/posts\/589966\/revisions"}],"wp:featuredmedia":[{"embeddable":true,"href":"https:\/\/www.europesays.com\/fr\/wp-json\/wp\/v2\/media\/589967"}],"wp:attachment":[{"href":"https:\/\/www.europesays.com\/fr\/wp-json\/wp\/v2\/media?parent=589966"}],"wp:term":[{"taxonomy":"category","embeddable":true,"href":"https:\/\/www.europesays.com\/fr\/wp-json\/wp\/v2\/categories?post=589966"},{"taxonomy":"post_tag","embeddable":true,"href":"https:\/\/www.europesays.com\/fr\/wp-json\/wp\/v2\/tags?post=589966"}],"curies":[{"name":"wp","href":"https:\/\/api.w.org\/{rel}","templated":true}]}}