{"id":589968,"date":"2025-12-10T05:19:12","date_gmt":"2025-12-10T05:19:12","guid":{"rendered":"https:\/\/www.europesays.com\/fr\/589968\/"},"modified":"2025-12-10T05:19:12","modified_gmt":"2025-12-10T05:19:12","slug":"martres-tolosane-un-tour-deurope-culturel-et-solidaire","status":"publish","type":"post","link":"https:\/\/www.europesays.com\/fr\/589968\/","title":{"rendered":"Martres-Tolosane. Un tour d\u2019Europe culturel et solidaire"},"content":{"rendered":"<p>L\u2019Europ\u2019raid avec K-Raid existe d\u00e9j\u00e0 depuis 2014 pour l\u2019acheminement de mat\u00e9riel dans les \u00e9coles d\u00e9favoris\u00e9es de d\u2019Europe de l\u2019Est \u00e0 bord de Peugeot 205 toutes d\u00e9cor\u00e9es et pr\u00e9par\u00e9es pour l\u2019aventure.<\/p>\n<p>Six \u00e9tudiants ont cr\u00e9\u00e9 une association caritative, tous originaires de la r\u00e9gion, ils sont en troisi\u00e8me ou quatri\u00e8me ann\u00e9e d\u2019\u00e9tudes en kin\u00e9sith\u00e9rapie \u00e0 Rodez. Ils ont pour but de participer \u00e0 l\u2019\u00e9dition \u00ab\u00a0Europ\u2019 raid\u00a0\u00bb 2026. Pour mener \u00e0 bien cette aventure, ils cherchent des sponsors, des aides tant au niveau de la collecte que de l\u2019argent n\u00e9cessaire \u00e0 l\u2019organisation. Ils vont former deux \u00e9quipes de 3 qui voyageront en Peugeot 205. Ils pr\u00e9voient d\u2019emporter 70 kg de mat\u00e9riel avec produits d\u2019hygi\u00e8ne, mat\u00e9riel scolaire et param\u00e9dical, des jouets. Les deux \u00e9quipages prendront place dans leur 205 en avril 2026 pour parcourir 8 000 km \u00e0 travers 20 pays d\u2019Europe. Tout en partant \u00e0 la recherche de sponsors car ils visitent les directeurs d\u2019entreprises, les responsables de magasin et tous ceux qui sont pr\u00eats \u00e0 les aider dans cette t\u00e2che humanitaire: \u00ab\u00a0Nous sommes des \u00e9tudiants motiv\u00e9s pour un projet, avant tout, humanitaire. C\u2019est un voyage auquel on veut donner du sens. Il est primordial, de nos jours, de donner du sens \u00e0 ce que l\u2019on fait. La moindre aide nous sera b\u00e9n\u00e9fique pour accomplir ce projet qui nous tient \u00e0 c\u0153ur. Nous acceptons volontiers toutes les id\u00e9es pour trouver des sponsors, nous devons nous procurer 17 000 euros\u00a0\u00bb explique H\u00e9lo\u00efse, une des membres du groupe. Pour ce voyage, un dossier solide de sponsoring a \u00e9t\u00e9 concoct\u00e9 avec explications pr\u00e9cises, contrat. Tout est pr\u00e9vu avec minutie et professionnalisme.<\/p>\n","protected":false},"excerpt":{"rendered":"L\u2019Europ\u2019raid avec K-Raid existe d\u00e9j\u00e0 depuis 2014 pour l\u2019acheminement de mat\u00e9riel dans les \u00e9coles d\u00e9favoris\u00e9es de d\u2019Europe de&hellip;\n","protected":false},"author":2,"featured_media":589969,"comment_status":"","ping_status":"","sticky":false,"template":"","format":"standard","meta":{"footnotes":""},"categories":[1586],"tags":[11,1777,674,1011,27,329,2722,70310,12,25,801,1857],"class_list":{"0":"post-589968","1":"post","2":"type-post","3":"status-publish","4":"format-standard","5":"has-post-thumbnail","7":"category-europe","8":"tag-actualites","9":"tag-eu","10":"tag-europe","11":"tag-fr","12":"tag-france","13":"tag-france-monde","14":"tag-haute-garonne","15":"tag-martrestolosane","16":"tag-news","17":"tag-republique-francaise","18":"tag-social","19":"tag-sociu00e9tu00e9"},"share_on_mastodon":{"url":"https:\/\/pubeurope.com\/@fr\/115693588571725176","error":""},"_links":{"self":[{"href":"https:\/\/www.europesays.com\/fr\/wp-json\/wp\/v2\/posts\/589968","targetHints":{"allow":["GET"]}}],"collection":[{"href":"https:\/\/www.europesays.com\/fr\/wp-json\/wp\/v2\/posts"}],"about":[{"href":"https:\/\/www.europesays.com\/fr\/wp-json\/wp\/v2\/types\/post"}],"author":[{"embeddable":true,"href":"https:\/\/www.europesays.com\/fr\/wp-json\/wp\/v2\/users\/2"}],"replies":[{"embeddable":true,"href":"https:\/\/www.europesays.com\/fr\/wp-json\/wp\/v2\/comments?post=589968"}],"version-history":[{"count":0,"href":"https:\/\/www.europesays.com\/fr\/wp-json\/wp\/v2\/posts\/589968\/revisions"}],"wp:featuredmedia":[{"embeddable":true,"href":"https:\/\/www.europesays.com\/fr\/wp-json\/wp\/v2\/media\/589969"}],"wp:attachment":[{"href":"https:\/\/www.europesays.com\/fr\/wp-json\/wp\/v2\/media?parent=589968"}],"wp:term":[{"taxonomy":"category","embeddable":true,"href":"https:\/\/www.europesays.com\/fr\/wp-json\/wp\/v2\/categories?post=589968"},{"taxonomy":"post_tag","embeddable":true,"href":"https:\/\/www.europesays.com\/fr\/wp-json\/wp\/v2\/tags?post=589968"}],"curies":[{"name":"wp","href":"https:\/\/api.w.org\/{rel}","templated":true}]}}