{"id":589970,"date":"2025-12-10T05:20:18","date_gmt":"2025-12-10T05:20:18","guid":{"rendered":"https:\/\/www.europesays.com\/fr\/589970\/"},"modified":"2025-12-10T05:20:18","modified_gmt":"2025-12-10T05:20:18","slug":"roquefort-les-aines-ont-eu-droit-au-repas-de-noel","status":"publish","type":"post","link":"https:\/\/www.europesays.com\/fr\/589970\/","title":{"rendered":"Roquefort. Les a\u00een\u00e9s ont eu droit au repas de No\u00ebl"},"content":{"rendered":"<p>Fin novembre, le centre communal de l\u2019action sociale (CCAS) de Roquefort a offert un repas de No\u00ebl aux Roquefortais de plus de 70 ans. L\u2019\u00e9v\u00e9nement s\u2019est d\u00e9roul\u00e9 au sein de l\u2019espace Arlabosse. Ce rendez-vous, tr\u00e8s attendu de tous les a\u00een\u00e9s, a r\u00e9uni pas moins de 148 convives. L\u2019occasion de cr\u00e9er du lien, mais aussi d\u2019offrir un moment de joie \u00e0 tous les seniors de la commune en cette p\u00e9riode o\u00f9 les f\u00eates de fin d\u2019ann\u00e9e arrivent \u00e0 grands pas. Le d\u00e9licieux repas offert aux a\u00een\u00e9s a \u00e9t\u00e9 concoct\u00e9 par le traiteur Ajas. Ces derniers ont d\u2019ailleurs servi le dessert en faisant le show, histoire d\u2019illuminer les assiettes mais aussi les c\u0153urs des convives. Pendant le repas, une animation musicale a \u00e9t\u00e9 assur\u00e9e par Mich\u00e8le Sangla, \u00e0 la fois accord\u00e9oniste, chanteuse et interpr\u00e8te. Les convives ont d\u2019ailleurs danser sur ses airs musette et ses chansons d\u2019antan.<\/p>\n<p>Entre discussions et pas de danse improvis\u00e9s, l\u2019apr\u00e8s-midi offre un avant-go\u00fbt des festivit\u00e9s de No\u00ebl.<\/p>\n","protected":false},"excerpt":{"rendered":"Fin novembre, le centre communal de l\u2019action sociale (CCAS) de Roquefort a offert un repas de No\u00ebl aux&hellip;\n","protected":false},"author":2,"featured_media":589971,"comment_status":"","ping_status":"","sticky":false,"template":"","format":"standard","meta":{"footnotes":""},"categories":[1586],"tags":[11,1777,674,1779,1011,27,329,8838,12,25,70311,1857,1778,364,70312],"class_list":{"0":"post-589970","1":"post","2":"type-post","3":"status-publish","4":"format-standard","5":"has-post-thumbnail","7":"category-europe","8":"tag-actualites","9":"tag-eu","10":"tag-europe","11":"tag-european-union","12":"tag-fr","13":"tag-france","14":"tag-france-monde","15":"tag-lot-et-garonne","16":"tag-news","17":"tag-republique-francaise","18":"tag-roquefort","19":"tag-sociu00e9tu00e9","20":"tag-ue","21":"tag-union-europeenne","22":"tag-vie-des-au00eenu00e9s"},"share_on_mastodon":{"url":"https:\/\/pubeurope.com\/@fr\/115693592535430119","error":""},"_links":{"self":[{"href":"https:\/\/www.europesays.com\/fr\/wp-json\/wp\/v2\/posts\/589970","targetHints":{"allow":["GET"]}}],"collection":[{"href":"https:\/\/www.europesays.com\/fr\/wp-json\/wp\/v2\/posts"}],"about":[{"href":"https:\/\/www.europesays.com\/fr\/wp-json\/wp\/v2\/types\/post"}],"author":[{"embeddable":true,"href":"https:\/\/www.europesays.com\/fr\/wp-json\/wp\/v2\/users\/2"}],"replies":[{"embeddable":true,"href":"https:\/\/www.europesays.com\/fr\/wp-json\/wp\/v2\/comments?post=589970"}],"version-history":[{"count":0,"href":"https:\/\/www.europesays.com\/fr\/wp-json\/wp\/v2\/posts\/589970\/revisions"}],"wp:featuredmedia":[{"embeddable":true,"href":"https:\/\/www.europesays.com\/fr\/wp-json\/wp\/v2\/media\/589971"}],"wp:attachment":[{"href":"https:\/\/www.europesays.com\/fr\/wp-json\/wp\/v2\/media?parent=589970"}],"wp:term":[{"taxonomy":"category","embeddable":true,"href":"https:\/\/www.europesays.com\/fr\/wp-json\/wp\/v2\/categories?post=589970"},{"taxonomy":"post_tag","embeddable":true,"href":"https:\/\/www.europesays.com\/fr\/wp-json\/wp\/v2\/tags?post=589970"}],"curies":[{"name":"wp","href":"https:\/\/api.w.org\/{rel}","templated":true}]}}