{"id":589974,"date":"2025-12-10T05:22:21","date_gmt":"2025-12-10T05:22:21","guid":{"rendered":"https:\/\/www.europesays.com\/fr\/589974\/"},"modified":"2025-12-10T05:22:21","modified_gmt":"2025-12-10T05:22:21","slug":"la-carte-des-sites-industriels-touches","status":"publish","type":"post","link":"https:\/\/www.europesays.com\/fr\/589974\/","title":{"rendered":"la carte des sites industriels touch\u00e9s"},"content":{"rendered":"<p>La <a href=\"https:\/\/www.latribune.fr\/economie\/france\/retraites-c-est-totalement-oriente-la-cgt-fustige-le-rapport-du-cor-1026824.html\" target=\"_blank\" rel=\"noopener\">CGT <\/a>tire la sonnette d\u2019alarme sur l\u2019industrie. La Conf\u00e9d\u00e9ration g\u00e9n\u00e9rale du travail a publi\u00e9 ce mardi sa liste noire des plans sociaux. Elle compte ainsi, \u00e0 ce jour, 483 plans de licenciements. Un nombre qui serait m\u00eame \u00ab sous-estim\u00e9\u00a0\u00bb, selon elle.<\/p>\n<p>Pourtant, la conf\u00e9d\u00e9ration a multipli\u00e9 les alertes sur la situation de l\u2019industrie fran\u00e7aise depuis mai 2024, a-t-elle rappel\u00e9 lors d\u2019une conf\u00e9rence de presse ce mardi. Elle avait alors remis sa toute premi\u00e8re liste noire au Premier ministre de l\u2019\u00e9poque, Gabriel Attal, qui comptait \u00e0 ce moment 130 plans. Le d\u00e9compte s\u2019est acc\u00e9l\u00e9r\u00e9 : 180 en septembre 2024, 250 en janvier 2025 et 400 en septembre.<\/p>\n<p><strong>Note : un peu plus d&rsquo;une vingtaine de sites ne sont pas renseign\u00e9s par manque d&rsquo;information.<\/strong><\/p>\n<p>\u00ab\u00a0Aucune mesure n\u2019a \u00e9t\u00e9 prise par les quatre Premiers ministres qui se sont succ\u00e9d\u00e9 \u00bb, a d\u00e9nonc\u00e9 Sophie Binet, la secr\u00e9taire g\u00e9n\u00e9rale de la CGT. \u00ab\u00a0Les seules bonnes nouvelles ont \u00e9t\u00e9 arrach\u00e9es gr\u00e2ce \u00e0 la lutte de la CGT \u00bb, compl\u00e8te-t-elle en citant les plans sociaux \u00e9vit\u00e9s chez Duralex, Auchan, Lubrizol ou encore Thales. \u00ab Les salari\u00e9s se mobilisent mais n\u2019ont pas de soutien \u00bb, argue-t-elle.<\/p>\n<p><strong>Une politique de l\u2019offre remise en cause<\/strong>&#13;\n<\/p>\n<p>Toujours selon la CGT, les fermetures sont d\u00e9sormais num\u00e9riquement plus importantes que les ouvertures de sites industriels. Et tous les secteurs sont concern\u00e9s par cette saign\u00e9e, en particulier la m\u00e9tallurgie, l\u2019agroalimentaire, le textile, le verre ou encore le papier.<\/p>\n<p>D\u2019apr\u00e8s Sophie Binet, le coupable est \u00e0 chercher du c\u00f4t\u00e9 de la politique industrielle du gouvernement, qui consiste surtout en une \u00ab\u00a0politique de l\u2019offre avec la strat\u00e9gie du ch\u00e8que en blanc\u00a0\u00bb, d\u00e9nonce-t-elle. De quoi contribuer \u00e0 une \u00ab\u00a0explosion de la dette \u00bb. D\u2019apr\u00e8s un rapport de la Cour des comptes de l\u2019ann\u00e9e derni\u00e8re, le montant moyen des transferts financiers aux entreprises du secteur industriel a atteint 21,7 milliards d&rsquo;euros entre 2012 et 2019 et 34,8 milliards d&rsquo;euros entre 2020 et 2022, avec des plans qui \u00ab ont pour la plupart un bilan peu concluant\u00a0\u00bb.<\/p>\n<p>Pour la secr\u00e9taire g\u00e9n\u00e9rale, les taux de marges des grandes entreprises sont \u00ab\u00a0historiquement \u00e9lev\u00e9s\u00a0\u00bb et servent surtout \u00e0 \u00ab\u00a0augmenter la r\u00e9mun\u00e9ration des actionnaires\u00a0\u00bb. \u00ab\u00a0Il n\u2019a jamais \u00e9t\u00e9 aussi facile de licencier en France alors que les multinationales vont, elles, tr\u00e8s bien\u00a0\u00bb, estime-t-elle, en prenant l\u2019exemple du g\u00e9ant Nokia qui aurait r\u00e9alis\u00e9 un plan social tous les 18 mois.<\/p>\n<p><strong>Des mesures propos\u00e9es<\/strong>&#13;\n<\/p>\n<p>Dans ce contexte, Sophie Binet appelle le gouvernement et le Premier ministre \u00e0 organiser des \u00ab\u00a0assises de l\u2019industrie \u00bb, d\u00e9clin\u00e9es en territoires, et qui doivent \u00ab\u00a0d\u00e9boucher sur une loi de programmation pluriannuelle pour notre industrie\u00a0\u00bb.<\/p>\n<p>La secr\u00e9taire g\u00e9n\u00e9rale demande ainsi cinq mesures d\u2019urgence : un moratoire sur les licenciements et le renforcement de la loi Florange (loi qui oblige un employeur \u00e0 mettre en place des actions pour rechercher un repreneur avant de fermer un site, NDLR), la mise en place d\u2019un dispositif national et territorial de gestion de la crise industrielle, une v\u00e9ritable utilisation de tous les leviers publics pour emp\u00eacher les plans sociaux, la garantie du remboursement des aides publiques des entreprises qui sont en b\u00e9n\u00e9fice et qui licencient et enfin une r\u00e9forme des tribunaux de commerce.<\/p>\n<p>Plus largement, la CGT propose cinq autres mesures, davantage structurelles, qui vont d\u2019un plus grand pouvoir d\u2019intervention strat\u00e9gique des travailleurs, au maintien du contrat de travail pendant les transitions professionnelles, en passant par des clauses priorisant le local et le national sur les commandes des entreprises. \u00ab Des mesures \u00e0 prendre sans attendre car, malheureusement, cela fait 18 mois qu\u2019on alerte dans le d\u00e9sert \u00bb, conclut-elle. La CGT a, enfin, annonc\u00e9 qu&rsquo;elle organisait en mars prochain, sur le site de Duralex, des Rencontres du made in France.<\/p>\n","protected":false},"excerpt":{"rendered":"La CGT tire la sonnette d\u2019alarme sur l\u2019industrie. La Conf\u00e9d\u00e9ration g\u00e9n\u00e9rale du travail a publi\u00e9 ce mardi sa&hellip;\n","protected":false},"author":2,"featured_media":589975,"comment_status":"","ping_status":"","sticky":false,"template":"","format":"standard","meta":{"footnotes":""},"categories":[2],"tags":[17,70313,11,11617,1271,33,1011,27,15158,12,27258,25,13899,2847,20240],"class_list":{"0":"post-589974","1":"post","2":"type-post","3":"status-publish","4":"format-standard","5":"has-post-thumbnail","7":"category-actualites","8":"tag-17","9":"tag-70313","10":"tag-actualites","11":"tag-carte","12":"tag-cgt","13":"tag-economie","14":"tag-fr","15":"tag-france","16":"tag-industriels","17":"tag-news","18":"tag-plans","19":"tag-republique-francaise","20":"tag-sites","21":"tag-sociaux","22":"tag-touches"},"share_on_mastodon":{"url":"https:\/\/pubeurope.com\/@fr\/115693600516280461","error":""},"_links":{"self":[{"href":"https:\/\/www.europesays.com\/fr\/wp-json\/wp\/v2\/posts\/589974","targetHints":{"allow":["GET"]}}],"collection":[{"href":"https:\/\/www.europesays.com\/fr\/wp-json\/wp\/v2\/posts"}],"about":[{"href":"https:\/\/www.europesays.com\/fr\/wp-json\/wp\/v2\/types\/post"}],"author":[{"embeddable":true,"href":"https:\/\/www.europesays.com\/fr\/wp-json\/wp\/v2\/users\/2"}],"replies":[{"embeddable":true,"href":"https:\/\/www.europesays.com\/fr\/wp-json\/wp\/v2\/comments?post=589974"}],"version-history":[{"count":0,"href":"https:\/\/www.europesays.com\/fr\/wp-json\/wp\/v2\/posts\/589974\/revisions"}],"wp:featuredmedia":[{"embeddable":true,"href":"https:\/\/www.europesays.com\/fr\/wp-json\/wp\/v2\/media\/589975"}],"wp:attachment":[{"href":"https:\/\/www.europesays.com\/fr\/wp-json\/wp\/v2\/media?parent=589974"}],"wp:term":[{"taxonomy":"category","embeddable":true,"href":"https:\/\/www.europesays.com\/fr\/wp-json\/wp\/v2\/categories?post=589974"},{"taxonomy":"post_tag","embeddable":true,"href":"https:\/\/www.europesays.com\/fr\/wp-json\/wp\/v2\/tags?post=589974"}],"curies":[{"name":"wp","href":"https:\/\/api.w.org\/{rel}","templated":true}]}}