{"id":589978,"date":"2025-12-10T05:26:13","date_gmt":"2025-12-10T05:26:13","guid":{"rendered":"https:\/\/www.europesays.com\/fr\/589978\/"},"modified":"2025-12-10T05:26:13","modified_gmt":"2025-12-10T05:26:13","slug":"les-saracens-auront-la-deuxieme-ligne-du-xv-de-la-rose-la-saison-prochaine","status":"publish","type":"post","link":"https:\/\/www.europesays.com\/fr\/589978\/","title":{"rendered":"les Saracens auront la deuxi\u00e8me ligne du XV de la Rose la saison prochaine"},"content":{"rendered":"\n<p>Les <a href=\"https:\/\/www.rugbypass.com\/teams\/saracens\/\" target=\"_blank\" rel=\"noopener\">Saracens<\/a> frappent un joli coup sur le march\u00e9 des transferts. Le club du nord de Londres a officialis\u00e9 ce mardi la venue du deuxi\u00e8me ligne international anglais de Leicester <a href=\"https:\/\/www.rugbypass.com\/players\/george-martin\/\" target=\"_blank\" rel=\"noopener\">George Martin<\/a> pour la saison prochaine, sans pr\u00e9ciser la dur\u00e9e de son contrat. Le massif g\u00e9ant des Tigers ( 24 ans, 1,98m, 127 kg) \u00ab apportera plus de puissance, de profondeur et de qualit\u00e9 au pack d\u00e9j\u00e0 formidable des Saracens \u00bb <a href=\"https:\/\/saracens.com\/england-star-george-martin-signs-for-saracens\/\" target=\"_blank\" rel=\"noopener\">peut-on lire sur le site des Sarries<\/a>.<\/p>\n<p>Actuellement en convalescence d\u2019une blessure \u00e0 l\u2019\u00e9paule, Martin n\u2019a pas encore jou\u00e9 cette saison. Il compte n\u00e9anmoins 21 s\u00e9lections avec l\u2019Angleterre et \u00e9tait titulaire en f\u00e9vrier dernier lors de la victoire d\u2019un point des hommes de <a href=\"https:\/\/www.rugbypass.com\/players\/steve-borthwick\/\" target=\"_blank\" rel=\"noopener\">Steve Borthwick<\/a> \u00e0 Twickenham contre la France (26-25). Il \u00e9tait alors associ\u00e9 \u00e0 <a href=\"https:\/\/www.rugbypass.com\/players\/maro-itoje\/\" target=\"_blank\" rel=\"noopener\">Maro Itoje<\/a>, le capitaine embl\u00e9matique du XV de la Rose, avec qui il devrait former une paire redoutable en deuxi\u00e8me ligne la saison prochaine du c\u00f4t\u00e9 du StoneX Stadium, potentiellement une des plus craintes d\u2019Europe.<\/p>\n<blockquote class=\"twitter-tweet\">\n<p dir=\"ltr\" lang=\"en\">George Martin.<\/p>\n<p>Welcome to The Original Club of North London \u270d\ufe0f <a href=\"https:\/\/t.co\/KzwTGpG7Ti\">pic.twitter.com\/KzwTGpG7Ti<\/a><\/p>\n<p>\u2014 Saracens Rugby Club (@Saracens) <a href=\"https:\/\/twitter.com\/Saracens\/status\/1998369537310294168?ref_src=twsrc%5Etfw\" target=\"_blank\" rel=\"noopener\">December 9, 2025<\/a><\/p>\n<\/blockquote>\n<p>\u00ab George est un tr\u00e8s bon jeune joueur et nous sommes tr\u00e8s heureux de l\u2019accueillir, s\u2019est r\u00e9joui le directeur du rugby des Saracens Mark McCall. Ses atouts et son caract\u00e8re renforceront le groupe et nous esp\u00e9rons qu\u2019il pourra donner la pleine mesure de son potentiel ici pour les ann\u00e9es \u00e0 venir \u00bb.<\/p>\n<p>\u00c0 coup s\u00fbr une force suppl\u00e9mentaire pour le club six fois champion d\u2019Angleterre, dans sa qu\u00eate de redevenir l\u2019implacable machine \u00e0 gagner qu\u2019il fut dans les ann\u00e9es 2010.<\/p>\n<p> <script async src=\"https:\/\/platform.twitter.com\/widgets.js\" charset=\"utf-8\"><\/script><\/p>\n","protected":false},"excerpt":{"rendered":"Les Saracens frappent un joli coup sur le march\u00e9 des transferts. Le club du nord de Londres a&hellip;\n","protected":false},"author":2,"featured_media":589979,"comment_status":"","ping_status":"","sticky":false,"template":"","format":"standard","meta":{"footnotes":""},"categories":[1416],"tags":[1011,27,479,1468,60],"class_list":{"0":"post-589978","1":"post","2":"type-post","3":"status-publish","4":"format-standard","5":"has-post-thumbnail","7":"category-rugby","8":"tag-fr","9":"tag-france","10":"tag-rugby","11":"tag-rugby-football","12":"tag-sports"},"share_on_mastodon":{"url":"https:\/\/pubeurope.com\/@fr\/115693616137123176","error":""},"_links":{"self":[{"href":"https:\/\/www.europesays.com\/fr\/wp-json\/wp\/v2\/posts\/589978","targetHints":{"allow":["GET"]}}],"collection":[{"href":"https:\/\/www.europesays.com\/fr\/wp-json\/wp\/v2\/posts"}],"about":[{"href":"https:\/\/www.europesays.com\/fr\/wp-json\/wp\/v2\/types\/post"}],"author":[{"embeddable":true,"href":"https:\/\/www.europesays.com\/fr\/wp-json\/wp\/v2\/users\/2"}],"replies":[{"embeddable":true,"href":"https:\/\/www.europesays.com\/fr\/wp-json\/wp\/v2\/comments?post=589978"}],"version-history":[{"count":0,"href":"https:\/\/www.europesays.com\/fr\/wp-json\/wp\/v2\/posts\/589978\/revisions"}],"wp:featuredmedia":[{"embeddable":true,"href":"https:\/\/www.europesays.com\/fr\/wp-json\/wp\/v2\/media\/589979"}],"wp:attachment":[{"href":"https:\/\/www.europesays.com\/fr\/wp-json\/wp\/v2\/media?parent=589978"}],"wp:term":[{"taxonomy":"category","embeddable":true,"href":"https:\/\/www.europesays.com\/fr\/wp-json\/wp\/v2\/categories?post=589978"},{"taxonomy":"post_tag","embeddable":true,"href":"https:\/\/www.europesays.com\/fr\/wp-json\/wp\/v2\/tags?post=589978"}],"curies":[{"name":"wp","href":"https:\/\/api.w.org\/{rel}","templated":true}]}}