{"id":589990,"date":"2025-12-10T05:36:22","date_gmt":"2025-12-10T05:36:22","guid":{"rendered":"https:\/\/www.europesays.com\/fr\/589990\/"},"modified":"2025-12-10T05:36:22","modified_gmt":"2025-12-10T05:36:22","slug":"delphine-ernotte-prete-a-faire-sauter-cette-regle-de-la-tele-mais-pas-pour-france-tv-2","status":"publish","type":"post","link":"https:\/\/www.europesays.com\/fr\/589990\/","title":{"rendered":"Delphine Ernotte pr\u00eate \u00e0 faire sauter cette r\u00e8gle de la t\u00e9l\u00e9, mais pas pour France TV"},"content":{"rendered":"<p class=\"mb-4 text-lg md:leading-8 break-words\">De nouvelles r\u00e8gles\u00a0pour la t\u00e9l\u00e9 priv\u00e9e\u00a0? Alors que <a href=\"https:\/\/fr.news.yahoo.com\/marine-pen-r%C3%A9clame-d%C3%A9part-delphine-204340744.html\" data-ylk=\"slk:Delphine Ernotte;elm:context_link;itc:0;sec:content-canvas;outcm:mb_qualified_link;_E:mb_qualified_link;ct:story;\" class=\"link  yahoo-link\" target=\"_blank\" rel=\"noopener\">Delphine Ernotte<\/a> Cunci sera auditionn\u00e9e ce mercredi 10\u00a0d\u00e9cembre par les d\u00e9put\u00e9s de la commission d\u2019enqu\u00eate sur la \u00ab\u00a0neutralit\u00e9\u00a0\u00bb et \u00ab\u00a0le financement de <a href=\"https:\/\/fr.news.yahoo.com\/pourquoi-l-extr%C3%AAme-droite-veut-053013988.html\" data-ylk=\"slk:l\u2019audiovisuel public;elm:context_link;itc:0;sec:content-canvas;outcm:mb_qualified_link;_E:mb_qualified_link;ct:story;\" class=\"link  yahoo-link\" target=\"_blank\" rel=\"noopener\">l\u2019audiovisuel public<\/a>\u00a0\u00bb, la pr\u00e9sidente de France T\u00e9l\u00e9visions fait une proposition forte dans les colonnes du<a href=\"https:\/\/www.lefigaro.fr\/medias\/s-inspirer-de-la-presse-et-accepter-les-chaines-d-opinion-la-proposition-choc-de-la-pdg-de-france-televisions-delphine-ernotte-avant-son-audition-a-l-assemblee-20251209\" rel=\"nofollow noopener\" target=\"_blank\" data-ylk=\"slk:Figaro.;elm:context_link;itc:0;sec:content-canvas\" class=\"link \"> Figaro.<\/a><\/p>\n<p class=\"mb-4 text-lg md:leading-8 break-words\">R\u00e9affirmant que CNews est une cha\u00eene d\u2019opinion, la patronne de France t\u00e9l\u00e9 s\u2019interroge sur la polarisation du paysage t\u00e9l\u00e9visuel fran\u00e7ais. Contrairement aux \u00c9tats-Unis, avec des cha\u00eenes tr\u00e8s marqu\u00e9es politiquement, Delphine Ernotte estime que le ph\u00e9nom\u00e8ne de m\u00e9dias audiovisuels class\u00e9s \u00e0 droite ou \u00e0 gauche est \u00ab\u00a0nouveau\u00a0\u00bb. \u00ab\u00a0Le probl\u00e8me, c\u2019est que la loi de 1986, avant tout une loi de libert\u00e9 d\u2019expression, n\u2019autorise pas de cha\u00eene d\u2019opinion. Peut-\u00eatre que cette question m\u00e9rite d\u2019\u00eatre repos\u00e9e.\u00a0\u00bb, questionne-t-elle sur ce point.<\/p>\n<p class=\"mb-4 text-lg md:leading-8 break-words\"><a href=\"https:\/\/fr.news.yahoo.com\/delphine-ernotte-charge-frontalement-cnews-063551306.html\" data-ylk=\"slk:Delphine Ernotte charge frontalement CNews, \u00ab\u00a0cha\u00eene d\u2019extr\u00eame droite\u00a0\u00bb qui \u00ab\u00a0veut la peau de l\u2019audiovisuel public\u00a0\u00bb;elm:context_link;itc:0;sec:content-canvas;outcm:mb_qualified_link;_E:mb_qualified_link;ct:story;\" class=\"link  yahoo-link\" target=\"_blank\" rel=\"noopener\"> Delphine Ernotte charge frontalement CNews, \u00ab\u00a0cha\u00eene d\u2019extr\u00eame droite\u00a0\u00bb qui \u00ab\u00a0veut la peau de l\u2019audiovisuel public\u00a0\u00bb <\/a><\/p>\n<p class=\"mb-4 text-lg md:leading-8 break-words\">\u00ab\u00a0Pourquoi ne pas accepter, comme dans la presse, qu\u2019il existe des titres de sensibilit\u00e9s politiques de gauche, du centre, de droite, d\u2019extr\u00eame gauche ou d\u2019extr\u00eame droite\u00a0?\u00a0\u00bb, insiste-t-elle, avant de proposer\u00a0: \u00ab\u00a0Appliquer la r\u00e8gle du pluralisme dit \u201cexterne\u201d \u00e0 la t\u00e9l\u00e9vision serait plus clair pour le public. On saurait d\u2019o\u00f9 chacun parle.\u00a0\u00bb<\/p>\n<p>\u00ab\u00a0Notre credo, c\u2019est l\u2019impartialit\u00e9\u00a0\u00bb<\/p>\n<p class=\"mb-4 text-lg md:leading-8 break-words\">En revanche, Delphine Ernotte met une limite \u00e0 cette proposition. Si cette \u00e9volution sur la partialit\u00e9 de l\u2019audiovisuel \u00e9tait adopt\u00e9e au Parlement, la dirigeante ne souhaite pas que le service public soit concern\u00e9. \u00ab\u00a0Notre credo, c\u2019est l\u2019impartialit\u00e9. France T\u00e9l\u00e9visions doit rester le p\u00f4le de confiance qu\u2019il est aujourd\u2019hui\u00a0\u00bb, justifie-t-elle. Et estime d\u2019ailleurs que les<a href=\"https:\/\/www.arcom.fr\/presse\/impartialite-du-service-public-de-laudiovisuel-larcom-missionne-bruno-lasserre\" rel=\"nofollow noopener\" target=\"_blank\" data-ylk=\"slk:travaux de l\u2019Arcom sur l\u2019impartialit\u00e9 du service public;elm:context_link;itc:0;sec:content-canvas\" class=\"link \"> travaux de l\u2019Arcom sur l\u2019impartialit\u00e9 du service public<\/a> sont \u00ab\u00a0une tr\u00e8s bonne chose.\u00a0\u00bb<\/p>\n<p class=\"mb-4 text-lg md:leading-8 break-words\">Dans une interview au Monde en septembre, Delphine Ernotte avait appel\u00e9 \u00e0 dire \u00ab\u00a0stop\u00a0\u00bb aux m\u00e9dias Bollor\u00e9 et avait d\u00e9clar\u00e9\u00a0: \u00ab\u00a0Il faut admettre que CNews est un m\u00e9dia d\u2019opinion. Qu\u2019ils assument d\u2019\u00eatre une cha\u00eene d\u2019extr\u00eame droite\u00a0!\u00a0\u00bb. Dans Le Figaro, elle assure ce mardi\u00a0: \u00ab\u00a0\u00ab\u00a0Nous ne sommes pas contre CNews. Je n\u2019ai jamais plaid\u00e9 pour sa fermeture\u00a0! Simplement, nous ne faisons pas le m\u00eame travail.\u00a0\u00bb<\/p>\n<p class=\"mb-4 text-lg md:leading-8 break-words\"><a href=\"https:\/\/fr.news.yahoo.com\/europe-1-arrive-%C3%A0-t%C3%A9l%C3%A9vision-154255543.html\" data-ylk=\"slk:Europe 1 arrive \u00e0 la t\u00e9l\u00e9vision, voici pourquoi \u00e7a pose question;elm:context_link;itc:0;sec:content-canvas;outcm:mb_qualified_link;_E:mb_qualified_link;ct:story;\" class=\"link  yahoo-link\" target=\"_blank\" rel=\"noopener\"> Europe 1 arrive \u00e0 la t\u00e9l\u00e9vision, voici pourquoi \u00e7a pose question <\/a><\/p>\n<p class=\"mb-4 text-lg md:leading-8 break-words\"><a href=\"https:\/\/fr.news.yahoo.com\/pr%C3%A8s-moiti%C3%A9-journalistes-tu%C3%A9s-an-075230522.html\" data-ylk=\"slk:Pr\u00e8s de la moiti\u00e9 des journalistes tu\u00e9s en un an l\u2019ont \u00e9t\u00e9 dans la bande de Gaza selon RSF;elm:context_link;itc:0;sec:content-canvas;outcm:mb_qualified_link;_E:mb_qualified_link;ct:story;\" class=\"link  yahoo-link\" target=\"_blank\" rel=\"noopener\"> Pr\u00e8s de la moiti\u00e9 des journalistes tu\u00e9s en un an l\u2019ont \u00e9t\u00e9 dans la bande de Gaza selon RSF <\/a><\/p>\n","protected":false},"excerpt":{"rendered":"De nouvelles r\u00e8gles\u00a0pour la t\u00e9l\u00e9 priv\u00e9e\u00a0? Alors que Delphine Ernotte Cunci sera auditionn\u00e9e ce mercredi 10\u00a0d\u00e9cembre par les&hellip;\n","protected":false},"author":2,"featured_media":589991,"comment_status":"","ping_status":"","sticky":false,"template":"","format":"standard","meta":{"footnotes":""},"categories":[1356],"tags":[9201,11255,58,59,1011,27,639,252,1364],"class_list":{"0":"post-589990","1":"post","2":"type-post","3":"status-publish","4":"format-standard","5":"has-post-thumbnail","7":"category-television","8":"tag-bloomberg","9":"tag-delphine-ernotte","10":"tag-divertissement","11":"tag-entertainment","12":"tag-fr","13":"tag-france","14":"tag-le-figaro","15":"tag-television","16":"tag-tv"},"share_on_mastodon":{"url":"https:\/\/pubeurope.com\/@fr\/115693655592790543","error":""},"_links":{"self":[{"href":"https:\/\/www.europesays.com\/fr\/wp-json\/wp\/v2\/posts\/589990","targetHints":{"allow":["GET"]}}],"collection":[{"href":"https:\/\/www.europesays.com\/fr\/wp-json\/wp\/v2\/posts"}],"about":[{"href":"https:\/\/www.europesays.com\/fr\/wp-json\/wp\/v2\/types\/post"}],"author":[{"embeddable":true,"href":"https:\/\/www.europesays.com\/fr\/wp-json\/wp\/v2\/users\/2"}],"replies":[{"embeddable":true,"href":"https:\/\/www.europesays.com\/fr\/wp-json\/wp\/v2\/comments?post=589990"}],"version-history":[{"count":0,"href":"https:\/\/www.europesays.com\/fr\/wp-json\/wp\/v2\/posts\/589990\/revisions"}],"wp:featuredmedia":[{"embeddable":true,"href":"https:\/\/www.europesays.com\/fr\/wp-json\/wp\/v2\/media\/589991"}],"wp:attachment":[{"href":"https:\/\/www.europesays.com\/fr\/wp-json\/wp\/v2\/media?parent=589990"}],"wp:term":[{"taxonomy":"category","embeddable":true,"href":"https:\/\/www.europesays.com\/fr\/wp-json\/wp\/v2\/categories?post=589990"},{"taxonomy":"post_tag","embeddable":true,"href":"https:\/\/www.europesays.com\/fr\/wp-json\/wp\/v2\/tags?post=589990"}],"curies":[{"name":"wp","href":"https:\/\/api.w.org\/{rel}","templated":true}]}}