{"id":589992,"date":"2025-12-10T05:37:21","date_gmt":"2025-12-10T05:37:21","guid":{"rendered":"https:\/\/www.europesays.com\/fr\/589992\/"},"modified":"2025-12-10T05:37:21","modified_gmt":"2025-12-10T05:37:21","slug":"jenifer-et-son-jukebox-tour-passent-par-rouillac-au-public-de-choisir-les-chansons","status":"publish","type":"post","link":"https:\/\/www.europesays.com\/fr\/589992\/","title":{"rendered":"Jenifer et son Jukebox Tour passent par Rouillac: au public de choisir les chansons"},"content":{"rendered":"<p>Un concert unique, sur-mesure, \u00e0 vivre en direct, o\u00f9 les spectateurs sont invit\u00e9s \u00e0 scanner un QR code pour composer leur propre playlist parmi une s\u00e9lection des plus grands titres de l\u2019artiste. \u00c0 quelques minutes de son entr\u00e9e en sc\u00e8ne, Jenifer d\u00e9couvre les chansons pl\u00e9biscit\u00e9es avant de les interpr\u00e9ter\u2026 Hits incontournables et titres cultes, chaque date devient une cr\u00e9ation \u00e9ph\u00e9m\u00e8re, \u00e0 l\u2019image du lien unique que Jenifer tisse avec celles et ceux qui la suivent depuis plus de vingt\u00a0ans.<\/p>\n<p>R\u00e9v\u00e9l\u00e9e par l\u2019\u00e9mission t\u00e9l\u00e9vis\u00e9e <a href=\"https:\/\/www.youtube.com\/watch?v=3ucQB7aQB2E\" target=\"_blank\" rel=\"nofollow noopener\">\u00ab\u00a0Star Academy\u00a0\u00bb<\/a>, dont elle a remport\u00e9 la\u00a0premi\u00e8re saison\u00a0en 2002, celle qui a depuis sorti dix\u00a0albums studio promet une soir\u00e9e pop, joyeuse et interactive\u2026 \u00e0 composer ensemble. Sur sc\u00e8ne, elle revisite son r\u00e9pertoire, port\u00e9e par l\u2019\u00e9nergie d\u2019un public acteur du spectacle. Une tourn\u00e9e audacieuse qui m\u00eale complicit\u00e9, \u00e9motion et spontan\u00e9it\u00e9 dans la foul\u00e9e du succ\u00e8s de son lumineux n\u00b09 Tour.<\/p>\n<p>(1) Vendredi 12\u00a0d\u00e9cembre \u00e0 20h30 au Vingt-Sept \u00e0 Rouillac. Tarifs\u00a0: de 30\u20ac \u00e0 45\u20ac. Pour l\u2019occasion, La Pal\u00e8ne et ses partenaires proposent\u00a0une formule tapas-spectacle au Chai 27 (55\u20ac) ou une formule pizza-spectacle chez \u00c7a Chauff\u2019Marcel (55\u20ac). T\u00e9l\u00a0: 05\u00a045\u00a096\u00a080\u00a038.<\/p>\n<p>        <img decoding=\"async\" id=\"27022405\" src=\"https:\/\/www.europesays.com\/fr\/wp-content\/uploads\/2025\/12\/les-ogres-de-barback-manon-andersen-fabien-espinasse-hd-avril-23.jpg\" alt=\"Les Ogres de Barback promettent un concert plein de po\u00e9sie le week-end prochain sous un grand chapiteau \u00e0 Matha.\" itemprop=\"contentURL\"\/><\/p>\n<p>    Les Ogres de Barback promettent un concert plein de po\u00e9sie le week-end prochain sous un grand chapiteau \u00e0 Matha.<\/p>\n<p>Fabien Espinasse<\/p>\n<p>    Pitt Ocha, un conte musical avec les Ogres de Barback \u00e0 Matha<br \/>\nInstruments venus des quatre coins du monde, voix d\u2019enfants, chansons color\u00e9es et rythmes entra\u00eenants\u2026 C\u2019est la recette de <a href=\"https:\/\/lapalene.fr\/pitt-ocha\/\" target=\"_blank\" rel=\"nofollow noopener\">Pitt Ocha<\/a>, la nouvelle aventure musicale des <a href=\"https:\/\/lesogres.com\/\" target=\"_blank\" rel=\"nofollow noopener\">Ogres de Barback<\/a>, tir\u00e9e du quatri\u00e8me livre-disque consacr\u00e9 \u00e0 ce petit h\u00e9ros r\u00eaveur et curieux. Un conte musical propos\u00e9 par La Pal\u00e8ne les samedi\u00a013 et dimanche 14\u00a0d\u00e9cembre \u00e0 Matha (17), dans le cadre du partenariat avec la Motte en Sc\u00e8ne (1).<br \/>Un concert pas comme les autres, sous chapiteau, pour le grand public d\u00e8s l\u2019\u00e2ge de 5\u00a0ans. Sur sc\u00e8ne, la fratrie des Ogres d\u00e9ploie toute son \u00e9nergie, sa tendresse et son go\u00fbt du voyage pour faire r\u00eaver petits et grands. Chaque chanson ouvre une porte vers un ailleurs, chaque instrument devient pr\u00e9texte \u00e0 l\u2019\u00e9tonnement, \u00e0 l\u2019\u00e9motion, au rire. Les Ogres promettent un spectacle vivant, g\u00e9n\u00e9reux et r\u00e9solument festif.<br \/>(1) Samedi 13\u00a0d\u00e9cembre \u00e0 20h et dimanche 14\u00a0d\u00e9cembre \u00e0 16h (complet dimanche), 4, all\u00e9e du Coll\u00e8ge \u00e0 Matha, en Charente-Maritime. D\u00e8s 5\u00a0ans. Tarifs\u00a0: de 17\u20ac \u00e0 32\u20ac. T\u00e9l\u00a0: 05\u00a045\u00a096\u00a080\u00a038.<\/p>\n","protected":false},"excerpt":{"rendered":"Un concert unique, sur-mesure, \u00e0 vivre en direct, o\u00f9 les spectateurs sont invit\u00e9s \u00e0 scanner un QR code&hellip;\n","protected":false},"author":2,"featured_media":589993,"comment_status":"","ping_status":"","sticky":false,"template":"","format":"standard","meta":{"footnotes":""},"categories":[1355],"tags":[58,59,1011,27,1361,873],"class_list":{"0":"post-589992","1":"post","2":"type-post","3":"status-publish","4":"format-standard","5":"has-post-thumbnail","7":"category-musique","8":"tag-divertissement","9":"tag-entertainment","10":"tag-fr","11":"tag-france","12":"tag-music","13":"tag-musique"},"share_on_mastodon":{"url":"https:\/\/pubeurope.com\/@fr\/115693659947678043","error":""},"_links":{"self":[{"href":"https:\/\/www.europesays.com\/fr\/wp-json\/wp\/v2\/posts\/589992","targetHints":{"allow":["GET"]}}],"collection":[{"href":"https:\/\/www.europesays.com\/fr\/wp-json\/wp\/v2\/posts"}],"about":[{"href":"https:\/\/www.europesays.com\/fr\/wp-json\/wp\/v2\/types\/post"}],"author":[{"embeddable":true,"href":"https:\/\/www.europesays.com\/fr\/wp-json\/wp\/v2\/users\/2"}],"replies":[{"embeddable":true,"href":"https:\/\/www.europesays.com\/fr\/wp-json\/wp\/v2\/comments?post=589992"}],"version-history":[{"count":0,"href":"https:\/\/www.europesays.com\/fr\/wp-json\/wp\/v2\/posts\/589992\/revisions"}],"wp:featuredmedia":[{"embeddable":true,"href":"https:\/\/www.europesays.com\/fr\/wp-json\/wp\/v2\/media\/589993"}],"wp:attachment":[{"href":"https:\/\/www.europesays.com\/fr\/wp-json\/wp\/v2\/media?parent=589992"}],"wp:term":[{"taxonomy":"category","embeddable":true,"href":"https:\/\/www.europesays.com\/fr\/wp-json\/wp\/v2\/categories?post=589992"},{"taxonomy":"post_tag","embeddable":true,"href":"https:\/\/www.europesays.com\/fr\/wp-json\/wp\/v2\/tags?post=589992"}],"curies":[{"name":"wp","href":"https:\/\/api.w.org\/{rel}","templated":true}]}}