{"id":589996,"date":"2025-12-10T05:40:11","date_gmt":"2025-12-10T05:40:11","guid":{"rendered":"https:\/\/www.europesays.com\/fr\/589996\/"},"modified":"2025-12-10T05:40:11","modified_gmt":"2025-12-10T05:40:11","slug":"tirs-de-mortier-cinq-policiers-blesses-lapres-match-entre-reims-et-laval-degenere","status":"publish","type":"post","link":"https:\/\/www.europesays.com\/fr\/589996\/","title":{"rendered":"Tirs de mortier, cinq policiers bless\u00e9s\u2026 L\u2019apr\u00e8s match entre Reims et Laval d\u00e9g\u00e9n\u00e8re"},"content":{"rendered":"<p>Un match de football a vir\u00e9 \u00e0 la violence lundi soir en <a href=\"https:\/\/www.20minutes.fr\/sport\/football\/ligue_2\/4190029-20251205-ligue-2-bastia-supporteur-lance-fumigene-joueur-red-star-match-interrompu\" target=\"_blank\" class=\"c-link c-link--is-underlined\" rel=\"noopener\">Ligue 2<\/a>. Une personne a \u00e9t\u00e9 plac\u00e9e en garde \u00e0 vue pour des tirs de mortier ayant bless\u00e9 cinq policiers \u00e0 l\u2019issue de la rencontre entre <a href=\"https:\/\/www.20minutes.fr\/sport\/football\/ligue-1\/4156050-20250530-ligue-1-metz-arrache-remontee-elite-envoie-reims-ligue-2\" target=\"_blank\" class=\"c-link c-link--is-underlined\" rel=\"noopener\">Reims<\/a> et Laval, a annonc\u00e9 le procureur de Reims mardi.<\/p>\n<p>L&rsquo;homme de 36 ans a \u00e9t\u00e9 plac\u00e9 en garde \u00e0 vue \u00ab\u00a0pour des tirs de mortier sur les policiers\u00a0\u00bb en marge de cette rencontre remport\u00e9e 4-0 par Reims, a confirm\u00e9 \u00e0 la presse Fran\u00e7ois Schneider, procureur de Reims.<\/p>\n<p>Le Stade de Reims en col\u00e8re contre ces violences<\/p>\n<p>Dans un communiqu\u00e9 publi\u00e9 mardi soir, le Stade de Reims, 3e de Ligue 2, a qualifi\u00e9 ces actes de \u00ab\u00a0violences intol\u00e9rables\u00a0\u00bb qu\u2019il \u00ab\u00a0condamne avec la plus grande fermet\u00e9\u00a0\u00bb.<\/p>\n<\/p>\n<p>Ces \u00ab\u00a0\u00e9chauffour\u00e9es violentes\u00a0\u00bb ont \u00e9clat\u00e9 apr\u00e8s \u00ab\u00a0des tensions en fin de match\u00a0\u00bb, selon une publication Facebook du syndicat policier Un1t\u00e9 Champagne-Ardenne. Ces tirs de mortier, tir\u00e9s selon le procureur par des supporters ayant assist\u00e9 au match, ont fait cinq bless\u00e9s parmi les policiers, \u00ab\u00a0dont l\u2019un a les deux tympans perfor\u00e9s\u00a0\u00bb, a-t-il pr\u00e9cis\u00e9.<\/p>\n<p>Quinze plaintes d\u00e9pos\u00e9es<\/p>\n<p>Le syndicat Alliance police nationale <a href=\"https:\/\/www.20minutes.fr\/dossier\/grand-est\" target=\"_blank\" class=\"c-link c-link--is-underlined\" rel=\"noopener\">Grand-Est<\/a> \u00e9voque quant \u00e0 lui sur Facebook deux policiers bless\u00e9s \u00ab\u00a0gri\u00e8vement\u00a0\u00bb, tandis qu\u2019Un1t\u00e9 assure qu\u2019un policier souffre de \u00ab\u00a0br\u00fblures importantes au niveau du visage\/cr\u00e2ne et des sympt\u00f4mes d\u2019acouph\u00e8nes\u00a0\u00bb. Alliance police nationale Grand-Est assure que les policiers ont \u00e9t\u00e9 vis\u00e9s par \u00ab\u00a0plusieurs individus\u00a0\u00bb.<\/p>\n<p><a href=\"https:\/\/www.20minutes.fr\/sport\/football\/\" target=\"_blank\" class=\"c-link c-btn c-btn--primary\" rel=\"noopener\">Notre dossier Football<\/a><\/p>\n<p>Au total, 15 plaintes ont \u00e9t\u00e9 d\u00e9pos\u00e9es apr\u00e8s ces \u00e9v\u00e9nements, selon le procureur de Reims. Le Stade de Reims a pour sa part assur\u00e9 qu\u2019il \u00ab\u00a0se constituera partie civile dans le cadre des proc\u00e9dures p\u00e9nales engag\u00e9es\u00a0\u00bb.<\/p>\n","protected":false},"excerpt":{"rendered":"Un match de football a vir\u00e9 \u00e0 la violence lundi soir en Ligue 2. Une personne a \u00e9t\u00e9&hellip;\n","protected":false},"author":2,"featured_media":589997,"comment_status":"","ping_status":"","sticky":false,"template":"","format":"standard","meta":{"footnotes":""},"categories":[9],"tags":[63,1011,27,775,2693,446,12650,4243,517,60,464,133,809],"class_list":{"0":"post-589996","1":"post","2":"type-post","3":"status-publish","4":"format-standard","5":"has-post-thumbnail","7":"category-sports","8":"tag-football","9":"tag-fr","10":"tag-france","11":"tag-grand-est","12":"tag-laval","13":"tag-ligue-2","14":"tag-marne","15":"tag-reims","16":"tag-sport","17":"tag-sports","18":"tag-stade-de-reims","19":"tag-video","20":"tag-violence"},"share_on_mastodon":{"url":"https:\/\/pubeurope.com\/@fr\/115693671445453504","error":""},"_links":{"self":[{"href":"https:\/\/www.europesays.com\/fr\/wp-json\/wp\/v2\/posts\/589996","targetHints":{"allow":["GET"]}}],"collection":[{"href":"https:\/\/www.europesays.com\/fr\/wp-json\/wp\/v2\/posts"}],"about":[{"href":"https:\/\/www.europesays.com\/fr\/wp-json\/wp\/v2\/types\/post"}],"author":[{"embeddable":true,"href":"https:\/\/www.europesays.com\/fr\/wp-json\/wp\/v2\/users\/2"}],"replies":[{"embeddable":true,"href":"https:\/\/www.europesays.com\/fr\/wp-json\/wp\/v2\/comments?post=589996"}],"version-history":[{"count":0,"href":"https:\/\/www.europesays.com\/fr\/wp-json\/wp\/v2\/posts\/589996\/revisions"}],"wp:featuredmedia":[{"embeddable":true,"href":"https:\/\/www.europesays.com\/fr\/wp-json\/wp\/v2\/media\/589997"}],"wp:attachment":[{"href":"https:\/\/www.europesays.com\/fr\/wp-json\/wp\/v2\/media?parent=589996"}],"wp:term":[{"taxonomy":"category","embeddable":true,"href":"https:\/\/www.europesays.com\/fr\/wp-json\/wp\/v2\/categories?post=589996"},{"taxonomy":"post_tag","embeddable":true,"href":"https:\/\/www.europesays.com\/fr\/wp-json\/wp\/v2\/tags?post=589996"}],"curies":[{"name":"wp","href":"https:\/\/api.w.org\/{rel}","templated":true}]}}