{"id":590006,"date":"2025-12-10T05:45:33","date_gmt":"2025-12-10T05:45:33","guid":{"rendered":"https:\/\/www.europesays.com\/fr\/590006\/"},"modified":"2025-12-10T05:45:33","modified_gmt":"2025-12-10T05:45:33","slug":"pourquoi-nicolas-sarkozy-est-il-venu-a-lourdes-juste-apres-sa-liberation-de-prison-cette-promesse-etrange-faite-au-coeur-de-la-nuit","status":"publish","type":"post","link":"https:\/\/www.europesays.com\/fr\/590006\/","title":{"rendered":"Pourquoi Nicolas Sarkozy est-il venu \u00e0 Lourdes juste apr\u00e8s sa lib\u00e9ration de prison ? Cette \u00ab\u00a0promesse \u00e9trange\u00a0\u00bb faite \u00ab\u00a0au c\u0153ur de la nuit\u00a0\u00bb"},"content":{"rendered":"<p>\n                                                                    l&rsquo;essentiel<br \/>\n                                                                Quelques jours apr\u00e8s sa lib\u00e9ration de prison, Nicolas Sarkozy s\u2019est rendu en toute discr\u00e9tion \u00e0 Lourdes avec son \u00e9pouse Carla Bruni. Une promesse que l\u2019ex-pr\u00e9sident s\u2019\u00e9tait faite lors de son incarc\u00e9ration, et qu\u2019il raconte dans son livre \u00e0 para\u00eetre ce mercredi.\n                            <\/p>\n<p>\u00ab\u00a0Si je sortais de cet enfer, j\u2019irais \u00e0 Lourdes, voir les malades et les d\u00e9sesp\u00e9r\u00e9s.\u00a0Je passerais la journ\u00e9e avec eux et m\u2019immergerai en leur compagnie, dans l\u2019eau de la Grotte. Cela m\u2019a tellement aid\u00e9 de penser \u00e0 tous ceux qui souffraient bien davantage que moi. Je leur dois, \u00e0 eux aussi, d\u2019avoir tenu\u2026\u00a0\u00bb<\/p>\n<p>        <img decoding=\"async\" class=\"std-img__img responsive-img\" src=\"https:\/\/www.europesays.com\/fr\/wp-content\/uploads\/2025\/12\/1765345531_812_image.jpg\" alt=\"Carla Bruni et Nicolas Sarkozy avec Gabriel, l\u2019employ\u00e9 de l\u2019h\u00f4tel Saint-Sauveur.\"\/><\/p>\n<p>                Carla Bruni et Nicolas Sarkozy avec Gabriel, l\u2019employ\u00e9 de l\u2019h\u00f4tel Saint-Sauveur.<br \/>\n                                    DR<\/p>\n<p>C\u2019est sur ces mots que Nicolas Sarkozy conclut Le journal d\u2019un prisonnier, le livre qu\u2019il a \u00e9crit lors\u00a0de son incarc\u00e9ration, \u00e0 para\u00eetre ce mercredi 10\u00a0d\u00e9cembre aux \u00e9ditions Fayard. Outre cette \u00ab\u00a0promesse \u00e9trange\u00a0\u00bb qu\u2019il s\u2019est faite \u00ab\u00a0au c\u0153ur de la nuit\u00a0\u00bb de la prison de la Sant\u00e9, l\u2019ancien chef de l\u2019\u00c9tat raconte ses trois semaines de d\u00e9tention (21\u00a0octobre au 10\u00a0novembre) dans cet\u00a0ouvrage \u00e9minemment politique, o\u00f9 il continue de clamer son innocence.\u00a0Une vie carc\u00e9rale de solitude, \u00ab\u00a0enferm\u00e9 dans sa cellule 23\u00a0heures sur 24\u00a0\u00bb, avec une alimentation r\u00e9duite au strict n\u00e9cessaire, comme l\u2019ont r\u00e9v\u00e9l\u00e9 <a href=\"https:\/\/www.lefigaro.fr\/politique\/nicolas-sarkozy-au-figaro-de-l-elysee-a-la-prison-cette-vie-etrange-que-la-mienne-20251206\" target=\"_self\" rel=\"noopener\">Le Figaro<\/a>, <a href=\"https:\/\/www.lejdd.fr\/politique\/exclusif-le-journal-dun-prisonnier-les-secrets-du-livre-de-nicolas-sarkozy-164770\" target=\"_self\" rel=\"noopener\">Le Journal du Dimanche<\/a> ou encore <a href=\"https:\/\/www.europe1.fr\/politique\/info-europe-1-les-extraits-exclusifs-du-dernier-livre-de-nicolas-sarkozy-le-journal-dun-prisonnier-aux-editions-fayard-874082\" target=\"_self\" rel=\"noopener\">Europe 1<\/a>\u00a0en publiant quelques extraits du livre ce week-end.<\/p>\n<p>La foi comme bouff\u00e9e d\u2019oxyg\u00e8ne<\/p>\n<p>Num\u00e9ro d\u2019\u00e9crou 320\u00a0535, Nicolas Sarkozy\u00a0d\u00e9crit son quotidien dans les moindres d\u00e9tails, livrant de nombreuses anecdotes comme le\u00a0coup de fil inattendu de Marine Le Pen ou la visite des d\u00e9put\u00e9s LFI. Face \u00e0 l\u2019ennui, les parloirs avec ses proches ont \u00e9t\u00e9 une bouff\u00e9e d\u2019oxyg\u00e8ne\u2026 Tout comme la foi\u00a0! Au premier jour de son incarc\u00e9ration, l\u2019ex-pr\u00e9sident de la R\u00e9publique raconte s\u2019\u00eatre agenouill\u00e9\u00a0pour prier\u00a0: \u00ab\u00a0C\u2019est venu comme une \u00e9vidence. Je suis rest\u00e9 ainsi de longues minutes. Je priais pour avoir la\u00a0force de porter la croix de cette injustice.\u00a0\u00bb<\/p>\n<p>Dans son r\u00e9cit, l\u2019ancien chef de l\u2019\u00c9tat d\u00e9voile aussi sa rencontre avec l\u2019aum\u00f4nier de la prison, le premier dimanche pass\u00e9 \u00e0 la Sant\u00e9\u00a0: \u00ab\u00a0\u00c9tait-ce le signe que j\u2019attendais\u00a0? Je l\u2019ignore mais cela me permit de passer ce dimanche de solitude annonc\u00e9e avec une grande tranquillit\u00e9 d\u2019\u00e2me. En soi, c\u2019\u00e9tait d\u00e9j\u00e0 une victoire inattendue et heureuse. Certains pourront ironiser sur cette forme de conversion subite. Ils l\u2019interpr\u00e9teront sans doute comme un signe de faiblesse au mieux passag\u00e8re. Peu m\u2019importe puisque ce sont les sentiments que j\u2019ai profond\u00e9ment ressentis. Je me suis engag\u00e9 sur la v\u00e9rit\u00e9 de ce r\u00e9cit. Cette partie de mon t\u00e9moignage y participe.\u00a0\u00bb<\/p>\n<p>\u00ab\u00a0Il avait besoin de prier\u00a0\u00bb<\/p>\n<p>Comme promis, Nicolas Sarkozy s\u2019est donc rendu \u00e0 Lourdes dans la plus grande discr\u00e9tion, quelques jours seulement apr\u00e8s sa lib\u00e9ration. Accompagn\u00e9 de Carla Bruni, il a rejoint les \u00ab\u00a0fracass\u00e9s de la vie\u00a0\u00bb, note Le Figaro. Il a \u00e9galement \u00e9t\u00e9 \u00ab\u00a0plong\u00e9 dans l\u2019eau des piscines \u00e0 12 degr\u00e9s\u00a0\u00bb et il a \u00ab\u00a0assist\u00e9 \u00e0 la messe\u00a0\u00bb. C\u2019est d\u2019ailleurs \u00e0 la sortie de celle-ci, samedi 22\u00a0novembre aux alentours de 11\u00a0h, que Fabien Dupielet, g\u00e9rant du <a href=\"https:\/\/www.ladepeche.fr\/2025\/09\/18\/un-couple-marseillais-a-tout-quitte-pour-creer-a-lourdes-un-concept-store-catholique-unique-en-son-genre-12938548.php\" target=\"_self\" rel=\"noopener\">concept-store catholique \u00ab\u00a0D\u00e9livre-nous du mal\u00a0\u00bb<\/a> \u00e0 Lourdes, l\u2019a crois\u00e9 au sein du Sanctuaire\u00a0et a \u00e9t\u00e9 pris en photo avec. \u00ab\u00a0Il \u00e9tait accompagn\u00e9 de son \u00e9pouse et de deux discrets gardes du corps, confie le commer\u00e7ant. Il m\u2019a dit qu\u2019il avait besoin de prier donc j\u2019ai pri\u00e9 pour lui.\u00a0\u00bb<\/p>\n<p>        <img decoding=\"async\" class=\"std-img__img responsive-img\" src=\"https:\/\/www.europesays.com\/fr\/wp-content\/uploads\/2025\/12\/1765345533_264_image.jpg\" alt=\"Carla Bruni et Nicolas Sarkozy ont pris une photo avec Fabien Dupielet au Sanctuaire, \u00e0 la sortie de la messe.\"\/><\/p>\n<p>                Carla Bruni et Nicolas Sarkozy ont pris une photo avec Fabien Dupielet au Sanctuaire, \u00e0 la sortie de la messe.<br \/>\n                                    DR &#8211; \u00ab\u00a0D\u00e9livre-nous du mal\u00a0\u00bb &#8211; Lourdes<\/p>\n<p>Durant cette courte escapade dans la cit\u00e9 mariale, <a href=\"https:\/\/www.ladepeche.fr\/2025\/11\/23\/nicolas-sarkozy-et-carla-bruni-ont-sejourne-vendredi-a-lourdes-13069110.php\" target=\"_self\" rel=\"noopener\">l\u2019ex-pr\u00e9sident de la R\u00e9publique\u00a0a s\u00e9journ\u00e9 une nuit<\/a>, du 21 au 22\u00a0novembre, \u00e0 l\u2019h\u00f4tel Saint-Sauveur situ\u00e9 juste en face de l\u2019entr\u00e9e du Sanctuaire. \u00ab\u00a0J\u2019ai eu la chance de pouvoir \u00e9changer avec eux, confie Gabriel, un employ\u00e9 de l\u2019h\u00f4tel. Ils sont tr\u00e8s sympathiques et abordables, ils ont m\u00eame accept\u00e9 de faire un selfie dans l\u2019h\u00f4tel. Ils ne sont rest\u00e9s qu\u2019une nuit, mais \u00e7a m\u2019a marqu\u00e9\u00a0!\u00a0\u00bb Nicolas Sarkozy a en tout cas\u00a0tenu sa promesse.<\/p>\n","protected":false},"excerpt":{"rendered":"l&rsquo;essentiel Quelques jours apr\u00e8s sa lib\u00e9ration de prison, Nicolas Sarkozy s\u2019est rendu en toute discr\u00e9tion \u00e0 Lourdes avec&hellip;\n","protected":false},"author":2,"featured_media":590007,"comment_status":"","ping_status":"","sticky":false,"template":"","format":"standard","meta":{"footnotes":""},"categories":[4],"tags":[11,1011,27,329,4973,70317,12,3091,316,25],"class_list":{"0":"post-590006","1":"post","2":"type-post","3":"status-publish","4":"format-standard","5":"has-post-thumbnail","7":"category-france","8":"tag-actualites","9":"tag-fr","10":"tag-france","11":"tag-france-monde","12":"tag-hautes-pyrenees","13":"tag-lourdes","14":"tag-news","15":"tag-nicolas-sarkozy","16":"tag-politique","17":"tag-republique-francaise"},"share_on_mastodon":{"url":"https:\/\/pubeurope.com\/@fr\/115693691522954103","error":""},"_links":{"self":[{"href":"https:\/\/www.europesays.com\/fr\/wp-json\/wp\/v2\/posts\/590006","targetHints":{"allow":["GET"]}}],"collection":[{"href":"https:\/\/www.europesays.com\/fr\/wp-json\/wp\/v2\/posts"}],"about":[{"href":"https:\/\/www.europesays.com\/fr\/wp-json\/wp\/v2\/types\/post"}],"author":[{"embeddable":true,"href":"https:\/\/www.europesays.com\/fr\/wp-json\/wp\/v2\/users\/2"}],"replies":[{"embeddable":true,"href":"https:\/\/www.europesays.com\/fr\/wp-json\/wp\/v2\/comments?post=590006"}],"version-history":[{"count":0,"href":"https:\/\/www.europesays.com\/fr\/wp-json\/wp\/v2\/posts\/590006\/revisions"}],"wp:featuredmedia":[{"embeddable":true,"href":"https:\/\/www.europesays.com\/fr\/wp-json\/wp\/v2\/media\/590007"}],"wp:attachment":[{"href":"https:\/\/www.europesays.com\/fr\/wp-json\/wp\/v2\/media?parent=590006"}],"wp:term":[{"taxonomy":"category","embeddable":true,"href":"https:\/\/www.europesays.com\/fr\/wp-json\/wp\/v2\/categories?post=590006"},{"taxonomy":"post_tag","embeddable":true,"href":"https:\/\/www.europesays.com\/fr\/wp-json\/wp\/v2\/tags?post=590006"}],"curies":[{"name":"wp","href":"https:\/\/api.w.org\/{rel}","templated":true}]}}