{"id":59001,"date":"2025-04-28T10:27:11","date_gmt":"2025-04-28T10:27:11","guid":{"rendered":"https:\/\/www.europesays.com\/fr\/59001\/"},"modified":"2025-04-28T10:27:11","modified_gmt":"2025-04-28T10:27:11","slug":"une-bande-organisee-de-voleurs-seme-le-chaos-en-seine-maritime-et-dans-leure-cinq-individus-interpelles","status":"publish","type":"post","link":"https:\/\/www.europesays.com\/fr\/59001\/","title":{"rendered":"Une bande organis\u00e9e de voleurs s\u00e8me le chaos en Seine-Maritime et dans l\u2019Eure : cinq individus interpell\u00e9s"},"content":{"rendered":"<p>            Par<br \/>\n        <strong><br \/>\n            <a href=\"https:\/\/actu.fr\/auteur\/adrien-filoche\" title=\"Consulter tous les articles de Adrien Filoche\" rel=\"nofollow noopener\" target=\"_blank\">Adrien Filoche<\/a><br \/>\n        <\/strong><\/p>\n<p>        Publi\u00e9 le<\/p>\n<p>            28 avr. 2025 \u00e0 12h04        <\/p>\n<p><strong>Coup de filet apr\u00e8s de multiples vols dans la r\u00e9gion.<\/strong> Une enqu\u00eate polici\u00e8re de plusieurs semaines a permis l\u2019interpellation de cinq individus entre le 22 et le 23\u00a0avril 2025 \u00e0 <a href=\"https:\/\/actu.fr\/normandie\/rouen_76540\" rel=\"nofollow noopener\" target=\"_blank\">Rouen<\/a>, <a href=\"https:\/\/actu.fr\/normandie\/sotteville-les-rouen_76681\" rel=\"nofollow noopener\" target=\"_blank\">Sotteville-l\u00e8s-Rouen<\/a> et <a href=\"https:\/\/actu.fr\/normandie\/le-petit-quevilly_76498\" rel=\"nofollow noopener\" target=\"_blank\">Petit-Quevilly.<\/a> Ils sont soup\u00e7onn\u00e9s de multiples vols et d\u2019escroquerie en bande organis\u00e9e avec <strong>un mode op\u00e9ratoire bien ficel\u00e9.<\/strong> Au total, les policiers ont recens\u00e9 <strong>33 faits<\/strong> entre f\u00e9vrier et mars 2025, commis dans plusieurs d\u00e9partements, dont la Seine-Maritime ou encore l\u2019Eure et l\u2019Oise. Les victimes sont autant des particuliers que des commerces, a-t-on appris de source polici\u00e8re.<\/p>\n<p>Ils utilisent des v\u00e9hicul\u00e9s vol\u00e9s pour leurs cambriolages<\/p>\n<p class=\" wall-content\">Selon notre source polici\u00e8re, le premier fait remonte au d\u00e9but f\u00e9vrier 2025. Dans la nuit du 5 au 6, des habitations sont cambriol\u00e9es \u00e0 Sotteville-l\u00e8s-Rouen. Les auteurs d\u00e9robent des effets personnels (cartes bancaires, etc.) ainsi que deux v\u00e9hicules, une Audi et un Renault Sc\u00e9nic.<\/p>\n<p class=\" wall-content\">Quelques jours plus tard, <strong>les v\u00e9hicules vol\u00e9s sont utilis\u00e9s pour commettre un vol<\/strong> par effraction \u00e0 Barentin le 8\u00a0f\u00e9vrier, ainsi que dans un garage dans la nuit du 8 au 9 \u00e0 Notre-Dame-de-Bondeville.<\/p>\n<p class=\" wall-content\"><strong>L\u2019Audi est retrouv\u00e9e br\u00fbl\u00e9e <\/strong>\u00e0 Oissel le 15\u00a0f\u00e9vrier. Le Renault Sc\u00e9nic est lui d\u00e9couvert quelques jours plus t\u00f4t, le 10\u00a0f\u00e9vrier. Les inspecteurs parviennent \u00e0 r\u00e9cup\u00e9rer de l\u2019ADN de l\u2019un des auteurs dans le Sc\u00e9nic.<\/p>\n<p class=\" wall-content\">Au fil de l\u2019enqu\u00eate, la police judiciaire parvient \u00e0 suivre la trace de trois individus. Ce trio, deux hommes de 24 ans et un autre de 25 ans, est rapidement soup\u00e7onn\u00e9. Les enqu\u00eateurs d\u00e9couvrent un mode op\u00e9ratoire, les voleurs commettent \u00e0 chaque fois leurs actes avec des v\u00e9hicules vol\u00e9s.<\/p>\n<p>Pris en flagrant d\u00e9lit par les policiers<\/p>\n<p class=\" wall-content\">L\u2019affaire se d\u00e9bloque le 28\u00a0mars lorsque des policiers surprennent deux des auteurs du trio en flagrant d\u00e9lit. Toujours selon notre source, \u00ab\u2009ils sont retrouv\u00e9s dans un v\u00e9hicule vol\u00e9 apr\u00e8s un vol par effraction dans l\u2019Eure\u2009\u00bb. Lors de leur interpellation, ils refusent d\u2019obtemp\u00e9rer et <strong>foncent sur les policiers.<\/strong> Ils sont finalement stopp\u00e9s par les forces de l\u2019ordre.<\/p>\n<p class=\" wall-content\">Des investigations en parall\u00e8le permettent \u00e9galement de localiser un quatri\u00e8me individu \u00e0 Rouen, \u00e2g\u00e9 de 23 ans. Lui et sa m\u00e8re sont accus\u00e9s d\u2019avoir recel\u00e9 des biens d\u00e9rob\u00e9s.<\/p>\n<p class=\" wall-content\">Les cinq individus ont \u00e9t\u00e9 <strong>d\u00e9f\u00e9r\u00e9s devant le procureur de la R\u00e9publique<\/strong> en comparution imm\u00e9diate. Leur audience a \u00e9t\u00e9 report\u00e9e au 25\u00a0juin 2025. Dans l\u2019attente de leur jugement, les trois premiers suspects ont \u00e9t\u00e9 plac\u00e9s en d\u00e9tention provisoire. Les deux autres ont \u00e9t\u00e9 laiss\u00e9s libres en attendant leur convocation au tribunal de Rouen.<\/p>\n<p>Suivez l\u2019actualit\u00e9 de Rouen sur <a href=\"https:\/\/www.whatsapp.com\/channel\/0029VaKfnf99hXF2ddApFB1D\" rel=\"nofollow noopener\" target=\"_blank\">notre cha\u00eene WhatsApp<\/a> et sur <a href=\"https:\/\/www.tiktok.com\/@76actu.fr?lang=fr\" rel=\"nofollow noopener\" target=\"_blank\">notre compte TikTok<\/a><\/p>\n<p class=\" wall-content\">Suivez toute l\u2019actualit\u00e9 de vos villes et m\u00e9dias favoris en vous inscrivant \u00e0 <a href=\"https:\/\/moncompte.actu.fr\" title=\"D\u00e9couvez Mon Actu\" rel=\"nofollow noopener\" data-trk=\"{&quot;cta&quot;:{&quot;action&quot;:&quot;https:\\\/\\\/moncompte.actu.fr&quot;,&quot;category&quot;:&quot;mon compte&quot;,&quot;from&quot;:&quot;article footer&quot;,&quot;name&quot;:&quot;Mon actu&quot;,&quot;type&quot;:&quot;cta&quot;}}\" target=\"_blank\">Mon Actu<\/a>.<\/p>\n<p>                    <script async src=\"\/\/www.tiktok.com\/embed.js\"><\/script><\/p>\n","protected":false},"excerpt":{"rendered":"Par Adrien Filoche Publi\u00e9 le 28 avr. 2025 \u00e0 12h04 Coup de filet apr\u00e8s de multiples vols dans&hellip;\n","protected":false},"author":2,"featured_media":59002,"comment_status":"","ping_status":"","sticky":false,"template":"","format":"standard","meta":{"footnotes":""},"categories":[9587],"tags":[1111,11,3513,1777,674,118,1011,27,12,5161,1072,25,9590],"class_list":{"0":"post-59001","1":"post","2":"type-post","3":"status-publish","4":"format-standard","5":"has-post-thumbnail","7":"category-rouen","8":"tag-actu","9":"tag-actualites","10":"tag-escroquerie","11":"tag-eu","12":"tag-europe","13":"tag-faits-divers","14":"tag-fr","15":"tag-france","16":"tag-news","17":"tag-normandie","18":"tag-police","19":"tag-republique-francaise","20":"tag-rouen"},"share_on_mastodon":{"url":"https:\/\/pubeurope.com\/@fr\/114415117467721271","error":""},"_links":{"self":[{"href":"https:\/\/www.europesays.com\/fr\/wp-json\/wp\/v2\/posts\/59001","targetHints":{"allow":["GET"]}}],"collection":[{"href":"https:\/\/www.europesays.com\/fr\/wp-json\/wp\/v2\/posts"}],"about":[{"href":"https:\/\/www.europesays.com\/fr\/wp-json\/wp\/v2\/types\/post"}],"author":[{"embeddable":true,"href":"https:\/\/www.europesays.com\/fr\/wp-json\/wp\/v2\/users\/2"}],"replies":[{"embeddable":true,"href":"https:\/\/www.europesays.com\/fr\/wp-json\/wp\/v2\/comments?post=59001"}],"version-history":[{"count":0,"href":"https:\/\/www.europesays.com\/fr\/wp-json\/wp\/v2\/posts\/59001\/revisions"}],"wp:featuredmedia":[{"embeddable":true,"href":"https:\/\/www.europesays.com\/fr\/wp-json\/wp\/v2\/media\/59002"}],"wp:attachment":[{"href":"https:\/\/www.europesays.com\/fr\/wp-json\/wp\/v2\/media?parent=59001"}],"wp:term":[{"taxonomy":"category","embeddable":true,"href":"https:\/\/www.europesays.com\/fr\/wp-json\/wp\/v2\/categories?post=59001"},{"taxonomy":"post_tag","embeddable":true,"href":"https:\/\/www.europesays.com\/fr\/wp-json\/wp\/v2\/tags?post=59001"}],"curies":[{"name":"wp","href":"https:\/\/api.w.org\/{rel}","templated":true}]}}