{"id":590011,"date":"2025-12-10T05:48:23","date_gmt":"2025-12-10T05:48:23","guid":{"rendered":"https:\/\/www.europesays.com\/fr\/590011\/"},"modified":"2025-12-10T05:48:23","modified_gmt":"2025-12-10T05:48:23","slug":"saint-etienne-jean-pierre-berger-sera-finalement-le-candidat-de-la-majorite-au-poste-de-maire","status":"publish","type":"post","link":"https:\/\/www.europesays.com\/fr\/590011\/","title":{"rendered":"Saint-Etienne: jean-pierre berger sera finalement le candidat de la majorit\u00e9 au poste de maire"},"content":{"rendered":"<p>Dans un communiqu\u00e9 publi\u00e9 ce mardi, la majorit\u00e9 municipale de Saint-\u00c9tienne annonce qu\u2019elle a tranch\u00e9 : c\u2019est Jean-Pierre Berger, premier adjoint, qui sera le candidat de la majorit\u00e9 pour devenir maire. Cette d\u00e9cision intervient apr\u00e8s un vote interne qui avait initialement d\u00e9sign\u00e9 Marc Chassaub\u00e9n\u00e9.<\/p>\n<p>La r\u00e9union des \u00e9lus de la majorit\u00e9, tenue lundi en fin d\u2019apr\u00e8s-midi, visait \u00e0 opter pour une solution constructive, raisonnable et apais\u00e9e, favorable \u00e0 la coh\u00e9sion de l\u2019\u00e9quipe et \u00e0 l\u2019int\u00e9r\u00eat de la ville.<br \/>Marc Chassaub\u00e9n\u00e9 \u2014 adjoint charg\u00e9 de la culture, du patrimoine, du design et de la lutte contre les discriminations, et vice-pr\u00e9sident de Saint-\u00c9tienne M\u00e9tropole \u2014 a propos\u00e9 de retirer sa candidature initiale en faveur de Jean-Pierre Berger.<\/p>\n<p><strong>Une nouvelle \u00e9quipe pour assurer la continuit\u00e9<\/strong><br \/>Jean-Pierre Berger confirme qu\u2019il se pr\u00e9sentera officiellement comme candidat maire lors du prochain conseil municipal. Marc Chassaub\u00e9n\u00e9 sera son 1er adjoint, et une liste d\u2019adjoints sera pr\u00e9sent\u00e9e pour former une nouvelle \u00e9quipe municipale.<br \/>C. Ercilla<\/p>\n","protected":false},"excerpt":{"rendered":"Dans un communiqu\u00e9 publi\u00e9 ce mardi, la majorit\u00e9 municipale de Saint-\u00c9tienne annonce qu\u2019elle a tranch\u00e9 : c\u2019est Jean-Pierre&hellip;\n","protected":false},"author":2,"featured_media":590012,"comment_status":"","ping_status":"","sticky":false,"template":"","format":"standard","meta":{"footnotes":""},"categories":[9653],"tags":[1111,11,2430,1777,674,1011,27,12,25,4001],"class_list":{"0":"post-590011","1":"post","2":"type-post","3":"status-publish","4":"format-standard","5":"has-post-thumbnail","7":"category-saint-etienne","8":"tag-actu","9":"tag-actualites","10":"tag-auvergne-rhone-alpes","11":"tag-eu","12":"tag-europe","13":"tag-fr","14":"tag-france","15":"tag-news","16":"tag-republique-francaise","17":"tag-saint-etienne"},"share_on_mastodon":{"url":"https:\/\/pubeurope.com\/@fr\/115693702813748586","error":""},"_links":{"self":[{"href":"https:\/\/www.europesays.com\/fr\/wp-json\/wp\/v2\/posts\/590011","targetHints":{"allow":["GET"]}}],"collection":[{"href":"https:\/\/www.europesays.com\/fr\/wp-json\/wp\/v2\/posts"}],"about":[{"href":"https:\/\/www.europesays.com\/fr\/wp-json\/wp\/v2\/types\/post"}],"author":[{"embeddable":true,"href":"https:\/\/www.europesays.com\/fr\/wp-json\/wp\/v2\/users\/2"}],"replies":[{"embeddable":true,"href":"https:\/\/www.europesays.com\/fr\/wp-json\/wp\/v2\/comments?post=590011"}],"version-history":[{"count":0,"href":"https:\/\/www.europesays.com\/fr\/wp-json\/wp\/v2\/posts\/590011\/revisions"}],"wp:featuredmedia":[{"embeddable":true,"href":"https:\/\/www.europesays.com\/fr\/wp-json\/wp\/v2\/media\/590012"}],"wp:attachment":[{"href":"https:\/\/www.europesays.com\/fr\/wp-json\/wp\/v2\/media?parent=590011"}],"wp:term":[{"taxonomy":"category","embeddable":true,"href":"https:\/\/www.europesays.com\/fr\/wp-json\/wp\/v2\/categories?post=590011"},{"taxonomy":"post_tag","embeddable":true,"href":"https:\/\/www.europesays.com\/fr\/wp-json\/wp\/v2\/tags?post=590011"}],"curies":[{"name":"wp","href":"https:\/\/api.w.org\/{rel}","templated":true}]}}