{"id":590015,"date":"2025-12-10T05:50:23","date_gmt":"2025-12-10T05:50:23","guid":{"rendered":"https:\/\/www.europesays.com\/fr\/590015\/"},"modified":"2025-12-10T05:50:23","modified_gmt":"2025-12-10T05:50:23","slug":"lexposition-sur-le-camp-nazi-de-mauthausen-se-pose-au-lycee-poincare-a-nancy","status":"publish","type":"post","link":"https:\/\/www.europesays.com\/fr\/590015\/","title":{"rendered":"L&rsquo;exposition sur le camp nazi de Mauthausen se pose au lyc\u00e9e Poincar\u00e9, \u00e0 Nancy"},"content":{"rendered":"<p>80 ans apr\u00e8s la lib\u00e9ration des camps nazis, le lyc\u00e9e Poincar\u00e9 de Nancy accueille jusqu&rsquo;au 13 d\u00e9cembre une exposition sur celui de Mauthausen, en Autriche. Elle s&rsquo;inscrit dans le cadre du devoir de m\u00e9moire, alors que le nombre de survivants est de plus en plus faible.<\/p>\n<p>Poursuivre <strong>le devoir de m\u00e9moire<\/strong> sur l&rsquo;horreur des camps nazis, c&rsquo;est l&rsquo;objectif de l&rsquo;exposition \u00ab\u00a0La part visible des camps\u00a0: Mauthausen\u00a0\u00bb. Elle se pose jusqu&rsquo;au 13 d\u00e9cembre au lyc\u00e9e Henri Poincar\u00e9 \u00e0 Nancy. Elle est port\u00e9e par les b\u00e9n\u00e9voles de l&rsquo;Amicale de Mauthausen, 80 ans apr\u00e8s la lib\u00e9ration du camp de concentration en Autriche.<\/p>\n<p>\u00ab\u00a0Rappeler les faits, rien que les faits\u00a0\u00bb<\/p>\n<p>Devant ses \u00e9l\u00e8ves, la professeure d&rsquo;histoire-g\u00e9o V\u00e9ronique Sinich pr\u00e9vient d&#8217;embl\u00e9e. \u00ab\u00a0Certaines photographies sont horribles. Si c&rsquo;est difficile pour vous, d\u00e9tournez le regard.\u00a0\u00bb Travail forc\u00e9, humiliations, cadavres&#8230; Ces 200 photographies sont expos\u00e9es dans le hall du lyc\u00e9e Poincar\u00e9, et t\u00e9moignent de la barbarie nazie. Perrine, qui les d\u00e9couvre, comprend mieux l&rsquo;avertissement de son enseignante. \u00ab\u00a0On n&rsquo;a pas v\u00e9cu tout [\u00e7a]. Ce sont vraiment des photos difficiles, elles portent vraiment l&rsquo;horreur de ce qui s&rsquo;est pass\u00e9 dans les camps.\u00a0\u00bb<\/p>\n<p>Des images exceptionnelles, vol\u00e9es puis cach\u00e9es \u00e0 l&rsquo;\u00e9poque par des d\u00e9port\u00e9s avec l&rsquo;aide d&rsquo;un civil autrichien. 80 ans plus tard, elles font le tour des \u00e9tablissements scolaires. Un travail indispensable, encore aujourd&rsquo;hui, selon la professeure V\u00e9ronique Sinich. \u00ab\u00a0Vous n&rsquo;ignorez pas les ann\u00e9es 80-90, le r\u00e9visionnisme, le n\u00e9gationnisme, et avec la situation actuelle, l&rsquo;antis\u00e9mitisme rampant. C&rsquo;est important de rappeler les faits, rien que les faits. Ici, ils sont \u00e9tay\u00e9s par des photographies.\u00a0\u00bb<\/p>\n<p>\u00c0 lire aussi   <img decoding=\"async\" src=\"https:\/\/www.europesays.com\/fr\/wp-content\/uploads\/2025\/12\/1765345823_297_400x400\" alt=\"\" style=\"--_image-preview:url('data:image\/jpeg;base64,\/9j\/2wBDACgcHiMeGSgjISMtKygwPGRBPDc3PHtYXUlkkYCZlo+AjIqgtObDoKrarYqMyP\/L2u71\/\/\/\/m8H\/\/\/\/6\/+b9\/\/j\/2wBDASstLTw1PHZBQXb4pYyl+Pj4+Pj4+Pj4+Pj4+Pj4+Pj4+Pj4+Pj4+Pj4+Pj4+Pj4+Pj4+Pj4+Pj4+Pj4+Pj4+Pj\/wAARCAAXACoDASIAAhEBAxEB\/8QAGAAAAwEBAAAAAAAAAAAAAAAAAAIDAQT\/xAAYEAEBAQEBAAAAAAAAAAAAAAAAAQISEf\/EABYBAQEBAAAAAAAAAAAAAAAAAAEAAv\/EABURAQEAAAAAAAAAAAAAAAAAAAAB\/9oADAMBAAIRAxEAPwC9rLWWk1pmtSGui3Sd0XoFXpnSXQ6QdOkd0ApLVL6AiPW+gJl\/\/9k=');\" loading=\"lazy\" fetchpriority=\"low\" aria-hidden=\"true\" class=\"svelte-1cksh76 rounded\" onload=\"this.__e=event\" onerror=\"this.__e=event\"\/><\/p>\n<p>Le dernier rescap\u00e9 de Meurthe-et-Moselle du camp de Mauthausen, Stefan Lewandowski, viendra rencontrer les \u00e9l\u00e8ves du lyc\u00e9e Poincar\u00e9 le mois prochain.<\/p>\n","protected":false},"excerpt":{"rendered":"80 ans apr\u00e8s la lib\u00e9ration des camps nazis, le lyc\u00e9e Poincar\u00e9 de Nancy accueille jusqu&rsquo;au 13 d\u00e9cembre une&hellip;\n","protected":false},"author":2,"featured_media":590016,"comment_status":"","ping_status":"","sticky":false,"template":"","format":"standard","meta":{"footnotes":""},"categories":[9635],"tags":[1111,11,1777,674,1011,27,775,1702,12,25],"class_list":{"0":"post-590015","1":"post","2":"type-post","3":"status-publish","4":"format-standard","5":"has-post-thumbnail","7":"category-nancy","8":"tag-actu","9":"tag-actualites","10":"tag-eu","11":"tag-europe","12":"tag-fr","13":"tag-france","14":"tag-grand-est","15":"tag-nancy","16":"tag-news","17":"tag-republique-francaise"},"share_on_mastodon":{"url":"https:\/\/pubeurope.com\/@fr\/115693711389931164","error":""},"_links":{"self":[{"href":"https:\/\/www.europesays.com\/fr\/wp-json\/wp\/v2\/posts\/590015","targetHints":{"allow":["GET"]}}],"collection":[{"href":"https:\/\/www.europesays.com\/fr\/wp-json\/wp\/v2\/posts"}],"about":[{"href":"https:\/\/www.europesays.com\/fr\/wp-json\/wp\/v2\/types\/post"}],"author":[{"embeddable":true,"href":"https:\/\/www.europesays.com\/fr\/wp-json\/wp\/v2\/users\/2"}],"replies":[{"embeddable":true,"href":"https:\/\/www.europesays.com\/fr\/wp-json\/wp\/v2\/comments?post=590015"}],"version-history":[{"count":0,"href":"https:\/\/www.europesays.com\/fr\/wp-json\/wp\/v2\/posts\/590015\/revisions"}],"wp:featuredmedia":[{"embeddable":true,"href":"https:\/\/www.europesays.com\/fr\/wp-json\/wp\/v2\/media\/590016"}],"wp:attachment":[{"href":"https:\/\/www.europesays.com\/fr\/wp-json\/wp\/v2\/media?parent=590015"}],"wp:term":[{"taxonomy":"category","embeddable":true,"href":"https:\/\/www.europesays.com\/fr\/wp-json\/wp\/v2\/categories?post=590015"},{"taxonomy":"post_tag","embeddable":true,"href":"https:\/\/www.europesays.com\/fr\/wp-json\/wp\/v2\/tags?post=590015"}],"curies":[{"name":"wp","href":"https:\/\/api.w.org\/{rel}","templated":true}]}}