{"id":590017,"date":"2025-12-10T05:51:18","date_gmt":"2025-12-10T05:51:18","guid":{"rendered":"https:\/\/www.europesays.com\/fr\/590017\/"},"modified":"2025-12-10T05:51:18","modified_gmt":"2025-12-10T05:51:18","slug":"la-garde-les-hivernales-2025-2","status":"publish","type":"post","link":"https:\/\/www.europesays.com\/fr\/590017\/","title":{"rendered":"La Garde : Les Hivernales 2025"},"content":{"rendered":"<p>        <a href=\"https:\/\/www.tv83.info\/wp-content\/uploads\/2025\/11\/JOYFULLY-GOSPEL-1.jpg\" data-caption=\"\" target=\"_blank\" rel=\"noopener\"><img loading=\"lazy\" decoding=\"async\" width=\"696\" height=\"290\" class=\"entry-thumb td-modal-image\" src=\"https:\/\/www.europesays.com\/fr\/wp-content\/uploads\/2025\/11\/JOYFULLY-GOSPEL-1-696x290.jpg\"   alt=\"\" title=\"JOYFULLY-GOSPEL-1\"\/><\/a><\/p>\n<p class=\"Default\">Dans\u00a0 le cadre des\u00a0 Hivernales 2025<br \/>\u00ab Songs of Freedom \u00bb par New Gospel Joyfully<br \/>LA GARDE \u2013 \u00c9glise de La Nativit\u00e9<br \/>le <strong>jeudi 11 d\u00e9cembre 2025<\/strong> \u2013 20h30<\/p>\n<p>En osant m\u00e9langer les styles tout en respectant les textes traditionnels, le New Gospel Joyfully revisite les grands standards Gospel et Negro Spiritual, dans des versions modernes aux influences soul, r\u2019n b, \u2026 et vous propose des adaptations de Bob Marley, d\u2019Aretha Franklin, de Marvin Gaye, dont les m\u00e9lodies sont connues de toutes et tous.<br \/>Le concert \u00ab Songs of freedom \u00bb est une r\u00e9trospective Gospel. Des \u00ab work song \u00bb, aux chants traditionnels pour les inconditionnels du Negro spiritual et de grands standards (when the saints, oh Happy day, Go down moses\u2026 ) en passant par le Gospel moderne dit \u00ab Urbain \u00bb pour faire d\u00e9couvrir au public les sonorit\u00e9s du gospel moderne et actuel jusqu\u2019au sp\u00e9cial Sister Act pour finir sur une note tr\u00e8s festive !<br \/>Sans oublier des chants de No\u00ebl traditionnels en cette p\u00e9riode de F\u00eates\u2026<\/p>\n<p>Placement libre PRIX DES PLACES 15\u20ac<br \/>Billets en vente \u00e0 l\u2019office du tourisme ; 04 94 08 99 78 et sur le site de la ville : www.ville-lagarde.fr<\/p>\n<p><a href=\"https:\/\/www.restosducoeur.org\/associations-departementales\/les-restos-du-coeur-du-var\/\" target=\"_blank\" rel=\"noopener\"><img decoding=\"async\" style=\"height:70px;width:140px\" src=\"https:\/\/www.europesays.com\/fr\/wp-content\/uploads\/2025\/04\/restos-du-coeur.jpg\"\/><\/a>        <\/p>\n","protected":false},"excerpt":{"rendered":"Dans\u00a0 le cadre des\u00a0 Hivernales 2025\u00ab Songs of Freedom \u00bb par New Gospel JoyfullyLA GARDE \u2013 \u00c9glise de&hellip;\n","protected":false},"author":2,"featured_media":541907,"comment_status":"","ping_status":"","sticky":false,"template":"","format":"standard","meta":{"footnotes":""},"categories":[9619],"tags":[1111,11,1777,674,1011,27,12,882,25,2310],"class_list":{"0":"post-590017","1":"post","2":"type-post","3":"status-publish","4":"format-standard","5":"has-post-thumbnail","7":"category-toulon","8":"tag-actu","9":"tag-actualites","10":"tag-eu","11":"tag-europe","12":"tag-fr","13":"tag-france","14":"tag-news","15":"tag-provence-alpes-cote-dazur","16":"tag-republique-francaise","17":"tag-toulon"},"share_on_mastodon":{"url":"https:\/\/pubeurope.com\/@fr\/115693715065653766","error":""},"_links":{"self":[{"href":"https:\/\/www.europesays.com\/fr\/wp-json\/wp\/v2\/posts\/590017","targetHints":{"allow":["GET"]}}],"collection":[{"href":"https:\/\/www.europesays.com\/fr\/wp-json\/wp\/v2\/posts"}],"about":[{"href":"https:\/\/www.europesays.com\/fr\/wp-json\/wp\/v2\/types\/post"}],"author":[{"embeddable":true,"href":"https:\/\/www.europesays.com\/fr\/wp-json\/wp\/v2\/users\/2"}],"replies":[{"embeddable":true,"href":"https:\/\/www.europesays.com\/fr\/wp-json\/wp\/v2\/comments?post=590017"}],"version-history":[{"count":0,"href":"https:\/\/www.europesays.com\/fr\/wp-json\/wp\/v2\/posts\/590017\/revisions"}],"wp:featuredmedia":[{"embeddable":true,"href":"https:\/\/www.europesays.com\/fr\/wp-json\/wp\/v2\/media\/541907"}],"wp:attachment":[{"href":"https:\/\/www.europesays.com\/fr\/wp-json\/wp\/v2\/media?parent=590017"}],"wp:term":[{"taxonomy":"category","embeddable":true,"href":"https:\/\/www.europesays.com\/fr\/wp-json\/wp\/v2\/categories?post=590017"},{"taxonomy":"post_tag","embeddable":true,"href":"https:\/\/www.europesays.com\/fr\/wp-json\/wp\/v2\/tags?post=590017"}],"curies":[{"name":"wp","href":"https:\/\/api.w.org\/{rel}","templated":true}]}}