{"id":590018,"date":"2025-12-10T05:52:22","date_gmt":"2025-12-10T05:52:22","guid":{"rendered":"https:\/\/www.europesays.com\/fr\/590018\/"},"modified":"2025-12-10T05:52:22","modified_gmt":"2025-12-10T05:52:22","slug":"toulon-le-jacques-chevallier-ravitaille-lamiral-ronarch","status":"publish","type":"post","link":"https:\/\/www.europesays.com\/fr\/590018\/","title":{"rendered":"TOULON : Le Jacques Chevallier ravitaille l&rsquo;Amiral Ronarc&rsquo;h"},"content":{"rendered":"<p style=\"text-align: left;\"><strong>Le 18 novembre 2025, la fr\u00e9gate de d\u00e9fense et d\u2019intervention (FDI) Amiral Ronarc\u2019h a effectu\u00e9 un ravitaillement \u00e0 la mer (RAM) avec le b\u00e2timent de ravitailleur de forces (BRF) Jacques Chevallier.<\/strong><\/p>\n<p style=\"text-align: left;\">Le ravitaillement \u00e0 la mer est une man\u0153uvre essentielle pour les op\u00e9rations en mer car il permet d\u2019embarquer du gasoil, du carburant ainsi que du mat\u00e9riel et des vivres, tout en d\u00e9barquant des d\u00e9chets lorsque les escales ne sont pas possibles, comme lors de d\u00e9ploiements en zone de crise.<\/p>\n<p style=\"text-align: left;\">Ce RAM a permis \u00e0 l\u2019Amiral Ronarc\u2019h, r\u00e9cemment arriv\u00e9 en M\u00e9diterran\u00e9e pour y mener divers essais, de tester ses installations pour v\u00e9rifier sa compatibilit\u00e9 et sa r\u00e9sistance aux d\u00e9bits transmis par le BRF, d\u2019entra\u00eener son \u00e9quipage sur les plages de man\u0153uvre, en passerelle et en machine.<\/p>\n<p style=\"text-align: left;\">Cet entra\u00eenement in\u00e9dit avec ces deux derniers n\u00e9s de la flotte a donc permis \u00e0 la FDI de valider sa capacit\u00e9 \u00e0 r\u00e9aliser cette man\u0153uvre, dans le cadre de sa mise en condition op\u00e9rationnelle, \u00e9tape cruciale avant son premier d\u00e9ploiement.<\/p>\n<p><strong>Source : Minist\u00e8re des Arm\u00e9es.<\/strong><\/p>\n","protected":false},"excerpt":{"rendered":"Le 18 novembre 2025, la fr\u00e9gate de d\u00e9fense et d\u2019intervention (FDI) Amiral Ronarc\u2019h a effectu\u00e9 un ravitaillement \u00e0&hellip;\n","protected":false},"author":2,"featured_media":590019,"comment_status":"","ping_status":"","sticky":false,"template":"","format":"standard","meta":{"footnotes":""},"categories":[9619],"tags":[1111,11,1777,674,1011,27,12,882,25,2310],"class_list":{"0":"post-590018","1":"post","2":"type-post","3":"status-publish","4":"format-standard","5":"has-post-thumbnail","7":"category-toulon","8":"tag-actu","9":"tag-actualites","10":"tag-eu","11":"tag-europe","12":"tag-fr","13":"tag-france","14":"tag-news","15":"tag-provence-alpes-cote-dazur","16":"tag-republique-francaise","17":"tag-toulon"},"share_on_mastodon":{"url":"https:\/\/pubeurope.com\/@fr\/115693718372997699","error":""},"_links":{"self":[{"href":"https:\/\/www.europesays.com\/fr\/wp-json\/wp\/v2\/posts\/590018","targetHints":{"allow":["GET"]}}],"collection":[{"href":"https:\/\/www.europesays.com\/fr\/wp-json\/wp\/v2\/posts"}],"about":[{"href":"https:\/\/www.europesays.com\/fr\/wp-json\/wp\/v2\/types\/post"}],"author":[{"embeddable":true,"href":"https:\/\/www.europesays.com\/fr\/wp-json\/wp\/v2\/users\/2"}],"replies":[{"embeddable":true,"href":"https:\/\/www.europesays.com\/fr\/wp-json\/wp\/v2\/comments?post=590018"}],"version-history":[{"count":0,"href":"https:\/\/www.europesays.com\/fr\/wp-json\/wp\/v2\/posts\/590018\/revisions"}],"wp:featuredmedia":[{"embeddable":true,"href":"https:\/\/www.europesays.com\/fr\/wp-json\/wp\/v2\/media\/590019"}],"wp:attachment":[{"href":"https:\/\/www.europesays.com\/fr\/wp-json\/wp\/v2\/media?parent=590018"}],"wp:term":[{"taxonomy":"category","embeddable":true,"href":"https:\/\/www.europesays.com\/fr\/wp-json\/wp\/v2\/categories?post=590018"},{"taxonomy":"post_tag","embeddable":true,"href":"https:\/\/www.europesays.com\/fr\/wp-json\/wp\/v2\/tags?post=590018"}],"curies":[{"name":"wp","href":"https:\/\/api.w.org\/{rel}","templated":true}]}}