{"id":590020,"date":"2025-12-10T05:53:13","date_gmt":"2025-12-10T05:53:13","guid":{"rendered":"https:\/\/www.europesays.com\/fr\/590020\/"},"modified":"2025-12-10T05:53:13","modified_gmt":"2025-12-10T05:53:13","slug":"les-mozart-de-la-reussite-mettent-en-lumiere-des-parcours-gardois-remarquables","status":"publish","type":"post","link":"https:\/\/www.europesays.com\/fr\/590020\/","title":{"rendered":"Les Mozart de la r\u00e9ussite mettent en lumi\u00e8re des parcours gardois remarquables"},"content":{"rendered":"<p class=\"chapeau\">Le Cercle Mozart a remis six Mozart de la r\u00e9ussite \u00e0 des entreprises, une association, un m\u00e9decin et une sportive qui ont fait rayoner le Gard au travers d&rsquo;enjeux relatifs au Terroir, \u00e0 la Sant\u00e9, \u00e0 l&rsquo;Environnement, au Sport, \u00e0 la Transmission et \u00e0 l&rsquo;Espoir.<\/p>\n<p>Il s&rsquo;agissait de la premi\u00e8re manifestation d&rsquo;ordre \u00e9conomique que le tout nouveau Palais des congr\u00e8s H2 accueillait. Une grande premi\u00e8re \u00e9galement pour le<strong> Cercle Mozart des Terres du Rh\u00f4ne et de la M\u00e9diterran\u00e9e<\/strong>, association d&rsquo;entrepreneurs gardois dont le but est de constituer une force de proposition et d&rsquo;influence, qui lan\u00e7ait sa premi\u00e8re soir\u00e9e des <strong>Mozart de la r\u00e9ussite<\/strong>.\u00a0<\/p>\n<p>Pour ce faire, six prix \u00e9taient remis \u00e0 trois entreprises, un m\u00e9decin, une association et une sportive gardois qui font rayonner et vivre le Gard.<\/p>\n<p>Le Mozart du terroir pour Fran\u00e7ois Cuill\u00e9 directeur de Camargue Production<\/p>\n<p>Fran\u00e7ois Cuill\u00e9 est le directeur de l&rsquo;entreprise Camargue Production, une entreprise familliale implant\u00e9e depuis 3 g\u00e9n\u00e9rations, qui commercialise du riz ainsi que d&rsquo;autres produits alimentaires secs depuis la Camargue. En 2024, l&rsquo;entreprise r\u00e9alisait 16 millions d&rsquo;euros de chiffre d&rsquo;affaires symbole d&rsquo;un mod\u00e8le agroalimentaire int\u00e9gr\u00e9 et responsable.\u00a0<\/p>\n<p>Le Mozart de la sant\u00e9 pour Olivier Mar\u00e8s chirurgien<\/p>\n<p>Olivier Mar\u00e8s est un chirurgien du CHU de N\u00eemes. Ses d\u00e9couvertes dans le monde de la sant\u00e9 sont transpos\u00e9es dans le monde entier comme sa technique d&rsquo;op\u00e9ration en anesth\u00e9sie locale du canal carpien, il donne \u00e9galement des cours de d\u00e9veloppement de la chirurgie mini-invasive et coordonne un programme international de formation.<\/p>\n<p>Le Mozart de l&rsquo;environnement pour Christina Cambie directrice de Sedem 30<\/p>\n<p>Sedem 30 est une entreprise bas\u00e9e \u00e0 Manduel, qui excelle dans la d\u00e9pollution et la valorisation des v\u00e9hicules hors d&rsquo;usage. 95% des pi\u00e8ces d&rsquo;un v\u00e9hicule sont r\u00e9employ\u00e9es gr\u00e2ce \u00e0 l&rsquo;intervention de l&rsquo;entreprise et l&rsquo;entreprise travaille sur le recyclage des batteries.<\/p>\n<p>Le Mozart du sport pour la pongiste Flora Vautier<\/p>\n<p>La n\u00eemoise Flora Vautier, m\u00e9daill\u00e9e de bronze aux jeux paralympiques de Paris 2024 en tennis de table s&rsquo;est vue remettre le Mozart du sport. Cette ambassadrice d&rsquo;un sport inclusif vise l&rsquo;or pour les jeux de Los Angeles en 2028.<\/p>\n<p>Le Mozart de la transmission pour la famille Cachon des Voyages Cachon<\/p>\n<p>La soci\u00e9t\u00e9 Cachon est implant\u00e9e \u00e0 Rousson depuis 85 ans, la quatri\u00e8me g\u00e9n\u00e9ration avec Lilian et K\u00e9vin ont repris cette institution du transport de voyageurs gardois par autocars. Elle emploie 32 salari\u00e9s, dispose d&rsquo;une flotte de 25 autocars et r\u00e9alise un chiffre d&rsquo;affaires de 2,5 millions d&rsquo;euros.<\/p>\n<p>Le Mozart de l&rsquo;Espoir pour Ahmed El Hanbali pr\u00e9sident de l&rsquo;association HumaN\u00eemes<\/p>\n<p>C&rsquo;est Jean-Marie Chabaud, pr\u00e9sident du Cercle Mozart qui a remis ce prix de l&rsquo;espoir \u00e0 Ahmmed El Hanbali. Ce dernier est le pr\u00e9sident de l&rsquo;association n\u00eemoise HumaN\u00eemes, une association qui ag\u00eet dans les quartiers prioritaires n\u00eemois pour recr\u00e9er du lien social et accompagner les jeunes dans leur insertion. Human\u00eemes est un pilier du tissu social n\u00eemois, sous la gouvernance d&rsquo;Ahmed El Hanbali qui oeuvre jour apr\u00e8s jour pour un mieux vivre ensemble.<\/p>\n<p>\u00a0<\/p>\n<p>A lire aussi : <strong><a href=\"https:\/\/www.lereveildumidi.fr\/\u00e9conomie\/entreprise\/la-cpme-du-gard-r\u00e9compense-neuf-entreprises-responsables-et-engag\u00e9es-lors-de-la-sa-soir\u00e9e-ere-30\" target=\"_blank\" rel=\"noopener\">La CPME du Gard r\u00e9compense neuf entreprises responsables et engag\u00e9es lors de la sa soir\u00e9e ERE 30<\/a><\/strong><\/p>\n","protected":false},"excerpt":{"rendered":"Le Cercle Mozart a remis six Mozart de la r\u00e9ussite \u00e0 des entreprises, une association, un m\u00e9decin et&hellip;\n","protected":false},"author":2,"featured_media":590021,"comment_status":"","ping_status":"","sticky":false,"template":"","format":"standard","meta":{"footnotes":""},"categories":[9599],"tags":[1111,11,1777,674,1011,27,2208,12,2680,25],"class_list":{"0":"post-590020","1":"post","2":"type-post","3":"status-publish","4":"format-standard","5":"has-post-thumbnail","7":"category-montpellier","8":"tag-actu","9":"tag-actualites","10":"tag-eu","11":"tag-europe","12":"tag-fr","13":"tag-france","14":"tag-montpellier","15":"tag-news","16":"tag-occitanie","17":"tag-republique-francaise"},"share_on_mastodon":{"url":"https:\/\/pubeurope.com\/@fr\/115693722296085563","error":""},"_links":{"self":[{"href":"https:\/\/www.europesays.com\/fr\/wp-json\/wp\/v2\/posts\/590020","targetHints":{"allow":["GET"]}}],"collection":[{"href":"https:\/\/www.europesays.com\/fr\/wp-json\/wp\/v2\/posts"}],"about":[{"href":"https:\/\/www.europesays.com\/fr\/wp-json\/wp\/v2\/types\/post"}],"author":[{"embeddable":true,"href":"https:\/\/www.europesays.com\/fr\/wp-json\/wp\/v2\/users\/2"}],"replies":[{"embeddable":true,"href":"https:\/\/www.europesays.com\/fr\/wp-json\/wp\/v2\/comments?post=590020"}],"version-history":[{"count":0,"href":"https:\/\/www.europesays.com\/fr\/wp-json\/wp\/v2\/posts\/590020\/revisions"}],"wp:featuredmedia":[{"embeddable":true,"href":"https:\/\/www.europesays.com\/fr\/wp-json\/wp\/v2\/media\/590021"}],"wp:attachment":[{"href":"https:\/\/www.europesays.com\/fr\/wp-json\/wp\/v2\/media?parent=590020"}],"wp:term":[{"taxonomy":"category","embeddable":true,"href":"https:\/\/www.europesays.com\/fr\/wp-json\/wp\/v2\/categories?post=590020"},{"taxonomy":"post_tag","embeddable":true,"href":"https:\/\/www.europesays.com\/fr\/wp-json\/wp\/v2\/tags?post=590020"}],"curies":[{"name":"wp","href":"https:\/\/api.w.org\/{rel}","templated":true}]}}