{"id":590024,"date":"2025-12-10T05:56:16","date_gmt":"2025-12-10T05:56:16","guid":{"rendered":"https:\/\/www.europesays.com\/fr\/590024\/"},"modified":"2025-12-10T05:56:16","modified_gmt":"2025-12-10T05:56:16","slug":"derniers-jours-pour-repondre-a-lappel-a-projet-rouen-transitions-ess","status":"publish","type":"post","link":"https:\/\/www.europesays.com\/fr\/590024\/","title":{"rendered":"Derniers jours pour r\u00e9pondre \u00e0 l\u2019appel \u00e0 projet Rouen Transitions ESS"},"content":{"rendered":"<p>Destin\u00e9 aux associations actives sur le territoire rouennais, cet appel \u00e0 projet vise \u00e0 soutenir les initiatives r\u00e9pondant \u00e0 des enjeux soci\u00e9taux ou environnementaux. L\u2019AAP entend favoriser l\u2019\u00e9mergence et la consolidation de d\u00e9marches solidaires et innovantes, tout en pr\u00e9cisant qu\u2019un renouvellement \u00e0 l\u2019identique d\u2019un projet d\u00e9j\u00e0 subventionn\u00e9 n\u2019est pas \u00e9ligible. Le dispositif pr\u00e9cise les volets d\u2019appui possibles, allant de l\u2019\u00e9tude de faisabilit\u00e9 \u00e0 la mise en \u0153uvre op\u00e9rationnelle, avec une dotation maximale de 8 000 euros et une exigence de contribution financi\u00e8re minimale de 10%.<\/p>\n<p>Quatre crit\u00e8res cl\u00e9s pour d\u00e9crocher la subvention municipale<\/p>\n<p>Le dossier de candidature doit \u00eatre d\u00e9pos\u00e9 via un formulaire en ligne, apr\u00e8s cr\u00e9ation d\u2019un compte d\u00e9di\u00e9. Les pi\u00e8ces justificatives exig\u00e9es incluent les statuts, les comptes-rendus, les bilans financiers des deux derniers exercices et un pr\u00e9visionnel op\u00e9rationnel. Sur le fond, le r\u00e8glement d\u00e9taille quatre crit\u00e8res principaux: la viabilit\u00e9 \u00e9conomique et l\u2019impact social; l\u2019innovation et l\u2019adaptation aux besoins des usagers; l\u2019animation territoriale et l\u2019impact collectif; et le caract\u00e8re incitatif de la subvention pour la r\u00e9alisation du projet. \u00c0 noter que les associations doivent apporter au minimum 10% du budget global.<\/p>\n<p>Le jury \u00e9valuera les propositions en fonction de ces crit\u00e8res et des retomb\u00e9es attendues pour le territoire, avec une \u00e9ventuelle diff\u00e9rence entre le montant demand\u00e9 et celui qui sera attribu\u00e9. La date limite de d\u00e9p\u00f4t est fix\u00e9e au vendredi 12 d\u00e9cembre 2025 \u00e0 minuit. Alors que les dossiers seront examin\u00e9s le vendredi 9 janvier 2026 par un jury compos\u00e9 d\u2019\u00e9lus de la Ville et des acteurs de l\u2019\u00e9conomie sociale et solidaire. Les r\u00e9sultats seront valid\u00e9s par le conseil municipal le jeudi 12 f\u00e9vrier 2026.<\/p>\n<p>Vers une dynamique locale en faveur de la transition \u00e9cologique et sociale<\/p>\n<p>Au-del\u00e0 du financement, la ville propose un accompagnement en communication et la possibilit\u00e9 d\u2019utiliser la boutique \u00e9ph\u00e9m\u00e8re ESS \u00e0 des fins d\u2019animation. Une convention de partenariat sp\u00e9cifiant les engagements r\u00e9ciproques : affichage du logo municipal, relais des actions, bilan annuel des actions soutenues et participation \u00e0 des \u00e9v\u00e9nements jeunesse\u2026viendra formaliser l\u2019accord. Cette d\u00e9marche vise \u00e0 structurer une gouvernance locale autour de l\u2019ESS et \u00e0 favoriser l\u2019\u00e9mergence de projets pouvant renforcer l\u2019\u00e9conomie sociale et l\u2019impact social \u00e0 Rouen et dans son agglom\u00e9ration.<\/p>\n","protected":false},"excerpt":{"rendered":"Destin\u00e9 aux associations actives sur le territoire rouennais, cet appel \u00e0 projet vise \u00e0 soutenir les initiatives r\u00e9pondant&hellip;\n","protected":false},"author":2,"featured_media":590025,"comment_status":"","ping_status":"","sticky":false,"template":"","format":"standard","meta":{"footnotes":""},"categories":[9587],"tags":[1111,11,1777,674,1011,27,12,5161,25,9590],"class_list":{"0":"post-590024","1":"post","2":"type-post","3":"status-publish","4":"format-standard","5":"has-post-thumbnail","7":"category-rouen","8":"tag-actu","9":"tag-actualites","10":"tag-eu","11":"tag-europe","12":"tag-fr","13":"tag-france","14":"tag-news","15":"tag-normandie","16":"tag-republique-francaise","17":"tag-rouen"},"share_on_mastodon":{"url":"https:\/\/pubeurope.com\/@fr\/115693734070061814","error":""},"_links":{"self":[{"href":"https:\/\/www.europesays.com\/fr\/wp-json\/wp\/v2\/posts\/590024","targetHints":{"allow":["GET"]}}],"collection":[{"href":"https:\/\/www.europesays.com\/fr\/wp-json\/wp\/v2\/posts"}],"about":[{"href":"https:\/\/www.europesays.com\/fr\/wp-json\/wp\/v2\/types\/post"}],"author":[{"embeddable":true,"href":"https:\/\/www.europesays.com\/fr\/wp-json\/wp\/v2\/users\/2"}],"replies":[{"embeddable":true,"href":"https:\/\/www.europesays.com\/fr\/wp-json\/wp\/v2\/comments?post=590024"}],"version-history":[{"count":0,"href":"https:\/\/www.europesays.com\/fr\/wp-json\/wp\/v2\/posts\/590024\/revisions"}],"wp:featuredmedia":[{"embeddable":true,"href":"https:\/\/www.europesays.com\/fr\/wp-json\/wp\/v2\/media\/590025"}],"wp:attachment":[{"href":"https:\/\/www.europesays.com\/fr\/wp-json\/wp\/v2\/media?parent=590024"}],"wp:term":[{"taxonomy":"category","embeddable":true,"href":"https:\/\/www.europesays.com\/fr\/wp-json\/wp\/v2\/categories?post=590024"},{"taxonomy":"post_tag","embeddable":true,"href":"https:\/\/www.europesays.com\/fr\/wp-json\/wp\/v2\/tags?post=590024"}],"curies":[{"name":"wp","href":"https:\/\/api.w.org\/{rel}","templated":true}]}}