{"id":590026,"date":"2025-12-10T05:57:55","date_gmt":"2025-12-10T05:57:55","guid":{"rendered":"https:\/\/www.europesays.com\/fr\/590026\/"},"modified":"2025-12-10T05:57:55","modified_gmt":"2025-12-10T05:57:55","slug":"un-marche-qui-sent-le-sapin-mais-cest-une-bonne-nouvelle","status":"publish","type":"post","link":"https:\/\/www.europesays.com\/fr\/590026\/","title":{"rendered":"Un march\u00e9 qui sent le sapin (mais c&rsquo;est une bonne nouvelle !)"},"content":{"rendered":"<p>08\/12\/2025 &#8211; 15:14<\/p>\n<p>\t\t\t\t\t\t\t\t&#13;<br \/>\n&#13;<br \/>\n&#13;<br \/>\n&#13;<br \/>\n&#13;<\/p>\n<p>Le march\u00e9 aux sapins de No\u00ebl s\u2019est install\u00e9 ce 6 d\u00e9cembre boulevard Cl\u00e9menceau \u00e0 Grenoble. Huit producteurs is\u00e9rois y proposent jusqu\u2019au 24 d\u00e9cembre des arbres issus des massifs locaux, cultiv\u00e9s avec des pratiques durables. Une tradition grenobloise qui m\u00eale esprit de f\u00eate et soutien \u00e0 l\u2019agriculture locale.<\/p>\n<p><strong>Un rendez-vous local jusqu\u2019au 24 d\u00e9cembre<\/strong><\/p>\n<p>Les f\u00eates s\u2019installent officiellement \u00e0 Grenoble. Depuis ce samedi 6 d\u00e9cembre, le traditionnel march\u00e9 aux sapins a repris place le long du<strong> boulevard Cl\u00e9menceau<\/strong>. Jusqu\u2019au 24 d\u00e9cembre, <strong>de 8 h 30 \u00e0 18 h,<\/strong> <strong>huit producteurs is\u00e9rois<\/strong> se relaient pour proposer des sapins issus de plantations locales situ\u00e9es dans le <strong>Vercors, les Terres Froides et Belledonne<\/strong>.<\/p>\n<p>Align\u00e9s par dizaines, les arbres se d\u00e9clinent dans toutes les tailles et toutes les vari\u00e9t\u00e9s recherch\u00e9es : <strong>Nordmann, \u00c9pic\u00e9a, Pungens, Nobilis\u2026<\/strong> De quoi satisfaire tous les budgets, des familles aux amateurs d\u2019arbres traditionnels.<\/p>\n<p><strong>Un march\u00e9 historique et durable<\/strong><\/p>\n<p>N\u00e9 en 1982, le march\u00e9 aux sapins de Grenoble est devenu un rendez-vous incontournable pour les habitants qui souhaitent acheter un sapin <strong>frais, local et trac\u00e9<\/strong>.<br \/>Les producteurs mettent aussi en avant des <strong>pratiques agricoles plus durables :<\/strong> certaines p\u00e9pini\u00e8res sont entretenues naturellement gr\u00e2ce \u00e0 des troupeaux de moutons, une m\u00e9thode qui limite l\u2019usage des machines et pr\u00e9serve les sols.<\/p>\n<p>Chaque producteur pr\u00e9voit d\u2019\u00e9couler environ 400 sapins durant ces trois semaines de vente directe, pl\u00e9biscit\u00e9e par celles et ceux qui veulent allier esprit de No\u00ebl, achat responsable et <strong>soutien \u00e0 l\u2019agriculture is\u00e9roise<\/strong>.<\/p>\n<p>\u00a0<\/p>\n","protected":false},"excerpt":{"rendered":"08\/12\/2025 &#8211; 15:14 &#13; &#13; &#13; &#13; &#13; Le march\u00e9 aux sapins de No\u00ebl s\u2019est install\u00e9 ce 6&hellip;\n","protected":false},"author":2,"featured_media":590027,"comment_status":"","ping_status":"","sticky":false,"template":"","format":"standard","meta":{"footnotes":""},"categories":[9566],"tags":[1111,11,2430,1777,674,1011,27,2731,12,25],"class_list":{"0":"post-590026","1":"post","2":"type-post","3":"status-publish","4":"format-standard","5":"has-post-thumbnail","7":"category-grenoble","8":"tag-actu","9":"tag-actualites","10":"tag-auvergne-rhone-alpes","11":"tag-eu","12":"tag-europe","13":"tag-fr","14":"tag-france","15":"tag-grenoble","16":"tag-news","17":"tag-republique-francaise"},"share_on_mastodon":{"url":"https:\/\/pubeurope.com\/@fr\/115693741913782286","error":""},"_links":{"self":[{"href":"https:\/\/www.europesays.com\/fr\/wp-json\/wp\/v2\/posts\/590026","targetHints":{"allow":["GET"]}}],"collection":[{"href":"https:\/\/www.europesays.com\/fr\/wp-json\/wp\/v2\/posts"}],"about":[{"href":"https:\/\/www.europesays.com\/fr\/wp-json\/wp\/v2\/types\/post"}],"author":[{"embeddable":true,"href":"https:\/\/www.europesays.com\/fr\/wp-json\/wp\/v2\/users\/2"}],"replies":[{"embeddable":true,"href":"https:\/\/www.europesays.com\/fr\/wp-json\/wp\/v2\/comments?post=590026"}],"version-history":[{"count":0,"href":"https:\/\/www.europesays.com\/fr\/wp-json\/wp\/v2\/posts\/590026\/revisions"}],"wp:featuredmedia":[{"embeddable":true,"href":"https:\/\/www.europesays.com\/fr\/wp-json\/wp\/v2\/media\/590027"}],"wp:attachment":[{"href":"https:\/\/www.europesays.com\/fr\/wp-json\/wp\/v2\/media?parent=590026"}],"wp:term":[{"taxonomy":"category","embeddable":true,"href":"https:\/\/www.europesays.com\/fr\/wp-json\/wp\/v2\/categories?post=590026"},{"taxonomy":"post_tag","embeddable":true,"href":"https:\/\/www.europesays.com\/fr\/wp-json\/wp\/v2\/tags?post=590026"}],"curies":[{"name":"wp","href":"https:\/\/api.w.org\/{rel}","templated":true}]}}