{"id":590030,"date":"2025-12-10T06:00:55","date_gmt":"2025-12-10T06:00:55","guid":{"rendered":"https:\/\/www.europesays.com\/fr\/590030\/"},"modified":"2025-12-10T06:00:55","modified_gmt":"2025-12-10T06:00:55","slug":"pourquoi-les-panneaux-daffichage-lumineux-seront-ils-hors-service-en-bretagne-ce-mardi","status":"publish","type":"post","link":"https:\/\/www.europesays.com\/fr\/590030\/","title":{"rendered":"Pourquoi les panneaux d\u2019affichage lumineux seront-ils hors service en Bretagne ce mardi\u00a0?"},"content":{"rendered":"<p>Mardi 9 d\u00e9cembre 2025, les automobilistes roulant en Bretagne et en Loire-Atlantique ne pourront pas compter sur l\u2019assistance des panneaux d\u2019information lumineux qui surplombent les routes. Ils seront hors service de 9 \u00e0 16 h. Explications.<\/p>\n<p>Chargez vos GPS ou mettez vos ordinateurs de bord \u00e0 jour. Mardi 9\u00a0d\u00e9cembre 2025, les automobilistes roulant en Bretagne et en Loire-Atlantique ne pourront pas compter sur l\u2019assistance des panneaux d\u2019information lumineux qui surplombent les routes. Ils seront hors service de 9 \u00e0 16\u00a0h.<\/p>\n<p><strong>Lire aussi\u00a0: <\/strong> <a target=\"_parent\" href=\"https:\/\/rennes.maville.com\/actu\/actudet_-un-vehicule-des-agents-de-la-route-percute-sur-une-quatre-voies-pres-de-rennes-_7-7049931_actu.Htm\" rel=\"noopener\">Un v\u00e9hicule des agents de la route percut\u00e9 sur une quatre voies pr\u00e8s de Rennes<\/a><\/p>\n<p>La raison\u00a0: \u00a0Cette coupure est n\u00e9cessaire pour effectuer des travaux sur le r\u00e9seau \u00e9lectrique alimentant la salle serveur dans le cadre de la r\u00e9novation de l\u2019infrastructure informatique pour un syst\u00e8me modernis\u00e9 et plus performant au service des usagers\u00a0\u00bb, renseigne la Direction interd\u00e9partementale des routes de l\u2019Ouest (Diro).<\/p>\n<p>Dans les quatre d\u00e9partements bretons et en Loire-Atlantique<\/p>\n<p>Durant cette coupure,\u00a0les panneaux d\u2019information lumineux ne diffuseront plus les messages habituels li\u00e9s aux conditions de circulation. Un message d\u2019information (\u00ab\u00a0service en maintenance \u2013 www.diro.fr\u00a0\u00bb) sera affich\u00e9 pour signaler cette indisponibilit\u00e9\u00a0\u00bb,compl\u00e8te la Diro.<\/p>\n<p>Cette mise \u00e0 jour concerne les secteurs de Rennes, Saint-Brieuc, Vannes, Brest et Nantes (Loire-Atlantique).<\/p>\n<p>\u00a0<\/p>\n","protected":false},"excerpt":{"rendered":"Mardi 9 d\u00e9cembre 2025, les automobilistes roulant en Bretagne et en Loire-Atlantique ne pourront pas compter sur l\u2019assistance&hellip;\n","protected":false},"author":2,"featured_media":590031,"comment_status":"","ping_status":"","sticky":false,"template":"","format":"standard","meta":{"footnotes":""},"categories":[2821],"tags":[1111,11,39385,829,1777,674,1011,27,52361,9778,12,13081,584,25,70318,3737],"class_list":{"0":"post-590030","1":"post","2":"type-post","3":"status-publish","4":"format-standard","5":"has-post-thumbnail","7":"category-rennes","8":"tag-actu","9":"tag-actualites","10":"tag-affichage","11":"tag-bretagne","12":"tag-eu","13":"tag-europe","14":"tag-fr","15":"tag-france","16":"tag-lumineux","17":"tag-mardi","18":"tag-news","19":"tag-panneaux","20":"tag-rennes","21":"tag-republique-francaise","22":"tag-seront-ils","23":"tag-service"},"share_on_mastodon":{"url":"https:\/\/pubeurope.com\/@fr\/115693753644004148","error":""},"_links":{"self":[{"href":"https:\/\/www.europesays.com\/fr\/wp-json\/wp\/v2\/posts\/590030","targetHints":{"allow":["GET"]}}],"collection":[{"href":"https:\/\/www.europesays.com\/fr\/wp-json\/wp\/v2\/posts"}],"about":[{"href":"https:\/\/www.europesays.com\/fr\/wp-json\/wp\/v2\/types\/post"}],"author":[{"embeddable":true,"href":"https:\/\/www.europesays.com\/fr\/wp-json\/wp\/v2\/users\/2"}],"replies":[{"embeddable":true,"href":"https:\/\/www.europesays.com\/fr\/wp-json\/wp\/v2\/comments?post=590030"}],"version-history":[{"count":0,"href":"https:\/\/www.europesays.com\/fr\/wp-json\/wp\/v2\/posts\/590030\/revisions"}],"wp:featuredmedia":[{"embeddable":true,"href":"https:\/\/www.europesays.com\/fr\/wp-json\/wp\/v2\/media\/590031"}],"wp:attachment":[{"href":"https:\/\/www.europesays.com\/fr\/wp-json\/wp\/v2\/media?parent=590030"}],"wp:term":[{"taxonomy":"category","embeddable":true,"href":"https:\/\/www.europesays.com\/fr\/wp-json\/wp\/v2\/categories?post=590030"},{"taxonomy":"post_tag","embeddable":true,"href":"https:\/\/www.europesays.com\/fr\/wp-json\/wp\/v2\/tags?post=590030"}],"curies":[{"name":"wp","href":"https:\/\/api.w.org\/{rel}","templated":true}]}}