{"id":590034,"date":"2025-12-10T06:03:13","date_gmt":"2025-12-10T06:03:13","guid":{"rendered":"https:\/\/www.europesays.com\/fr\/590034\/"},"modified":"2025-12-10T06:03:13","modified_gmt":"2025-12-10T06:03:13","slug":"strasbourg-avec-lamomali-en-concert-au-zenith-le-11-decembre-m-fortifie-une-passerelle-interculturelle","status":"publish","type":"post","link":"https:\/\/www.europesays.com\/fr\/590034\/","title":{"rendered":"Strasbourg. Avec Lamomali en concert au Z\u00e9nith le 11\u00a0d\u00e9cembre, M fortifie une passerelle interculturelle"},"content":{"rendered":"<p>Le projet musical Lamomali a vu le jour en 2017. Fascin\u00e9 par l\u2019Afrique depuis son morceau Mama Sam (1999), Mathieu Chedid s\u2019entoure de Toumani Diabat\u00e9, ma\u00eetre de la kora, de son fils Sidik\u00e9 et de la diva malienne Fatoumata Diawara. Entre \u201c\u00e2me au Mali\u201d et \u201canomalie\u201d, une forme d\u2019utopie ou pays imaginaire voit le jour. Album \u00e9ponyme, tourn\u00e9e et concerts s\u2019en suivent.<\/p>\n<p>Soucieux de transformer l\u2019essai et consolider cette amiti\u00e9 sans fronti\u00e8res, M remet le couvert avec un second album Totem \u00a0et une s\u00e9rie de dates qui revisitent ce r\u00e9pertoire, d\u00e9voilent aussi quelques nouveaux morceaux et surtout rendent hommage aux disparus du d\u00e9but\u00a0: Toumani Diabat\u00e9 s\u2019est \u00e9teint en 2024 pendant l\u2019enregistrement de Totem.<\/p>\n<p>Amadou Bagayoko d\u2019Amadou et Mariam \u00e9tait \u00e9galement de la partie. <a href=\"https:\/\/www.dna.fr\/societe\/2025\/04\/04\/amadou-bagayoko-chanteur-du-duo-amadou-mariam-est-decede\" target=\"_blank\" rel=\"noopener\">Avant de tirer sa r\u00e9v\u00e9rence \u00e0 son tour<\/a>. Sans oublier Philippe Zdar, du duo Cassius, mixeur du premier album, <a href=\"https:\/\/www.dna.fr\/societe\/2019\/06\/21\/mort-de-philippe-zdar-moitie-du-duo-cassius\" target=\"_blank\" rel=\"noopener\">disparu en 2019<\/a>. Autant d\u2019\u00e9v\u00e9nements et de raisons pour se r\u00e9inventer, creuser plus encore ces racines interculturelles et c\u00e9l\u00e9brer comme jamais la vie, ici et ailleurs, au Mali.<\/p>\n<p class=\"note\">Z\u00e9nith de Strasbourg, jeudi 11\u00a0d\u00e9cembre \u00e0 20\u00a0h, avec M, Fatoumata Diawara et l\u2019Afro pop orchestra.Tarif\u00a0: 75 \u20ac. Billetterie\u00a0<a href=\"https:\/\/billetterie.zenith-strasbourg.fr\/fr\/product\/2112\/zenith_europe_strasbourg\/lamomali_zenith_europe_strasbourg_jeudi_11_decembre_2025_20_00\" target=\"_blank\" rel=\"noopener\">ici<\/a>.<\/p>\n","protected":false},"excerpt":{"rendered":"Le projet musical Lamomali a vu le jour en 2017. Fascin\u00e9 par l\u2019Afrique depuis son morceau Mama Sam&hellip;\n","protected":false},"author":2,"featured_media":590035,"comment_status":"","ping_status":"","sticky":false,"template":"","format":"standard","meta":{"footnotes":""},"categories":[2820],"tags":[1111,11,2389,1687,2880,1777,674,107,1011,27,775,873,12,25,640,2879],"class_list":{"0":"post-590034","1":"post","2":"type-post","3":"status-publish","4":"format-standard","5":"has-post-thumbnail","7":"category-strasbourg","8":"tag-actu","9":"tag-actualites","10":"tag-alsace","11":"tag-culture-loisirs","12":"tag-edition-strasbourg","13":"tag-eu","14":"tag-europe","15":"tag-fil-info","16":"tag-fr","17":"tag-france","18":"tag-grand-est","19":"tag-musique","20":"tag-news","21":"tag-republique-francaise","22":"tag-strasbourg","23":"tag-strasbourg-ville"},"share_on_mastodon":{"url":"https:\/\/pubeurope.com\/@fr\/115693761649747894","error":""},"_links":{"self":[{"href":"https:\/\/www.europesays.com\/fr\/wp-json\/wp\/v2\/posts\/590034","targetHints":{"allow":["GET"]}}],"collection":[{"href":"https:\/\/www.europesays.com\/fr\/wp-json\/wp\/v2\/posts"}],"about":[{"href":"https:\/\/www.europesays.com\/fr\/wp-json\/wp\/v2\/types\/post"}],"author":[{"embeddable":true,"href":"https:\/\/www.europesays.com\/fr\/wp-json\/wp\/v2\/users\/2"}],"replies":[{"embeddable":true,"href":"https:\/\/www.europesays.com\/fr\/wp-json\/wp\/v2\/comments?post=590034"}],"version-history":[{"count":0,"href":"https:\/\/www.europesays.com\/fr\/wp-json\/wp\/v2\/posts\/590034\/revisions"}],"wp:featuredmedia":[{"embeddable":true,"href":"https:\/\/www.europesays.com\/fr\/wp-json\/wp\/v2\/media\/590035"}],"wp:attachment":[{"href":"https:\/\/www.europesays.com\/fr\/wp-json\/wp\/v2\/media?parent=590034"}],"wp:term":[{"taxonomy":"category","embeddable":true,"href":"https:\/\/www.europesays.com\/fr\/wp-json\/wp\/v2\/categories?post=590034"},{"taxonomy":"post_tag","embeddable":true,"href":"https:\/\/www.europesays.com\/fr\/wp-json\/wp\/v2\/tags?post=590034"}],"curies":[{"name":"wp","href":"https:\/\/api.w.org\/{rel}","templated":true}]}}