{"id":590036,"date":"2025-12-10T06:04:14","date_gmt":"2025-12-10T06:04:14","guid":{"rendered":"https:\/\/www.europesays.com\/fr\/590036\/"},"modified":"2025-12-10T06:04:14","modified_gmt":"2025-12-10T06:04:14","slug":"le-plan-securite-de-catherine-trautmann","status":"publish","type":"post","link":"https:\/\/www.europesays.com\/fr\/590036\/","title":{"rendered":"le plan s\u00e9curit\u00e9 de Catherine Trautmann"},"content":{"rendered":"<p class=\"wp-block-post-excerpt__excerpt\">Catherine Trautmann a d\u00e9roul\u00e9 son credo s\u00e9curitaire, choisissant la place d\u2019Austerlitz comme symbole d\u2019une ville \u00ab\u00a0qui va mal\u00a0\u00bb. La candidate socialiste aux \u00e9lections municipales de 2026 promet une police municipale plus visible, un \u00e9clairage renforc\u00e9 et un plan d\u2019urgence propret\u00e9. <\/p>\n<p class=\"font-sans\">\n\t\t\tCet article est en acc\u00e8s libre. Pour soutenir Rue89 Strasbourg,<br \/>\n\t\t\t<a class=\"underline\" href=\"https:\/\/www.rue89strasbourg.com\/abonnement\" target=\"_blank\" rel=\"noopener\">abonnez-vous<\/a>.\n\t\t<\/p>\n<p>Eva Chibane<\/p>\n<p>Publi\u00e9 le 10 d\u00e9cembre 2025\u00a0\u00a0\u00b7\u00a0\u00a0<\/p>\n<p>Imprim\u00e9 le 10 d\u00e9cembre 2025 \u00e0 07h01\u00a0\u00a0\u00b7\u00a0\u00a0<\/p>\n<p>\t\t\t\t\t4\u00a0minutes\n<\/p>\n<p class=\"has-drop-cap\">Au caf\u00e9 Berlin, place d\u2019Austerlitz, la lumi\u00e8re tamis\u00e9e fait briller les tables rouges collantes et les banquettes vertes affaiss\u00e9es. Un d\u00e9cor soigneusement choisi par Catherine Trautmann pour sa troisi\u00e8me rencontre avec la presse depuis le d\u00e9but de sa campagne en octobre 2025. L\u2019ancienne maire de Strasbourg, ancienne ministre et d\u00e9sormais candidate socialiste aux \u00e9lections municipales de 2026, ne laisse rien au hasard. Comme les autres pr\u00e9tendant\u00b7es \u00e0 la mairie, elle tape sur un registre manifestement incontournable\u00a0: la s\u00e9curit\u00e9. \u00c0 Strasbourg, quand ce n\u2019est pas <a href=\"https:\/\/www.rue89strasbourg.com\/kobryn-marche-noel-payant-2027-368232\" target=\"_blank\" rel=\"noopener\">le march\u00e9 de No\u00ebl<\/a> qui nourrit les discours de campagne, c\u2019est l\u2019ins\u00e9curit\u00e9, <a href=\"https:\/\/www.rue89strasbourg.com\/jean-philippe-vetter-ordre-republicain-strasbourg-366835\" target=\"_blank\" rel=\"noreferrer noopener\">th\u00e8me d\u00e9j\u00e0 largement occup\u00e9 par Jean-Philippe Vetter (LR)<\/a>, Virginie Joron (RN) ou encore Thibaut Vinci (PRG). Tout le monde joue la m\u00eame partition et Catherine Trautmann n\u2019y d\u00e9roge pas.<\/p>\n<p>Install\u00e9e au fond du bar, elle explique avoir choisi la place d\u2019Austerlitz parce qu\u2019elle concentre, selon elle, plusieurs sympt\u00f4mes d\u2019une ville \u00ab\u00a0qui va mal\u00a0\u00bb: travaux interminables, incivilit\u00e9s, conflits d\u2019usages\u2026 Cette place fait partie de ces lieux que \u00ab\u00a0les gens d\u00e9sertent\u00a0\u00bb, dit-elle, \u00e0 cause des \u00ab\u00a0bousculades avec des v\u00e9los, trottinettes, c\u2019est ce qu\u2019il y a de plus fr\u00e9quent mais aussi \u00e0 cause d\u2019agressions verbales\u00a0\u00bb et de \u00ab\u00a0gens avin\u00e9s\u00a0\u00bb. Elle aligne les r\u00e9cits : l\u2019homme qui habite rue du 22-Novembre et qui fr\u00e9quemment ne sort plus de chez lui \u00e0 cause des incivilit\u00e9s, les riverains qui d\u00e9m\u00e9nagent hors de Strasbourg, les nuisances quotidiennes li\u00e9es aux chantiers\u2026 \u00ab\u00a0Ces gens qui ont comme r\u00e9action de devoir changer de vie, \u00e7a me demande de r\u00e9pondre, de changer les choses.\u00a0\u00bb<\/p>\n<p>\t\t Brigade dans les transports <\/p>\n<p>Pour rassurer la population, la candidate d\u00e9fend une police municipale plus visible et plus pr\u00e9sente. Elle imagine des antennes de police municipale dans les quartiers, des patrouilles r\u00e9guli\u00e8res, des \u00e9lus qui se rendent sur le terrain avec les agents. Elle \u00e9voque aussi un r\u00e9seau de bornes d\u2019appel d\u2019urgence dans l\u2019espace public et la cr\u00e9ation, dans les transports, d\u2019une brigade d\u00e9di\u00e9e \u00e0 la pr\u00e9vention des incivilit\u00e9s.\u00ab\u00a0Il faut cr\u00e9er une dissuasion pacifique\u00a0\u00bb, r\u00e9p\u00e8te-t-elle.<\/p>\n<p>Comme Jean-Philippe Vetter, elle souhaite la cr\u00e9ation d\u2019un conseil des droits et des devoirs des familles. Elle s\u2019empresse toutefois de pr\u00e9ciser son orientation : un outil de pr\u00e9vention et de soutien social :<\/p>\n<blockquote class=\"wp-block-quote is-layout-flow wp-block-quote-is-layout-flow\">\n<p>\u00ab\u00a0Le but est d\u2019aider les familles \u00e0 retrouver une autorit\u00e9, une cr\u00e9dibilit\u00e9. C\u2019est une d\u00e9marche sociale. Un appui pour la famille et les jeunes et un espace pour que les \u00e9lus rappellent le droit.\u00a0\u00bb <\/p>\n<\/blockquote>\n<p>Elle veut aussi rallumer l\u2019\u00e9clairage public (une proposition aussi formul\u00e9e par Pierre Jakubowicz, du parti Horizons) pour s\u00e9curiser les d\u00e9placements des femmes, d\u00e9non\u00e7ant une politique qui, selon elle, fait peser le risque sur celles qui rentrent tard. \u00ab\u00a0Il faut laisser des trajets lumineux. On peut \u00e9teindre dans des parcs pour respecter la biodiversit\u00e9 mais il faut des trac\u00e9s lumineux partout.\u00a0\u00bb Elle promet \u00e9galement de renforcer le dispositif Angela (un dispositif qui sollicite un r\u00e9seau de commerces identifi\u00e9s comme lieux-refuges, o\u00f9 toute personne qui se sent en danger peut demander de l\u2019aide), de former tous les policiers municipaux aux violences sexistes et sexuelles et de verbaliser davantage les outrages sexistes. <\/p>\n<p>Oui aux travaux, pour renforcer l\u2019acc\u00e8s au premier secours<\/p>\n<p>Sur les travaux, elle accuse la majorit\u00e9 actuelle de ne pas avoir assez anticip\u00e9 les passages de secours et affirme qu\u2019elle serait pr\u00eate \u00e0 rouvrir des chantiers. Elle \u00e9voque son travail actuel pour \u00e9tablir une cartographie des zones accidentog\u00e8nes. \u00ab\u00a0Je suis pr\u00eate \u00e0 refaire des chantiers pour permettre aux secours de passer\u00a0\u00bb, assure-t-elle.<\/p>\n<p><img loading=\"lazy\" decoding=\"async\" width=\"792\" height=\"594\" src=\"https:\/\/www.europesays.com\/fr\/wp-content\/uploads\/2025\/12\/54973780181-3ecc730487-k-792x594.jpg\" alt=\"\" class=\"wp-image-369008\"  \/> Catherine Trautmann, regard tourn\u00e9 vers la place d\u2019Austerlitz depuis le caf\u00e9 Berlin. Photo\u00a0: Eva Chibane \/ Rue89 Strasbourg \/ cc<\/p>\n<p>\t\t\u00ab\u00a0Sanitairement, on a un probl\u00e8me\u00a0\u00bb <\/p>\n<p>Apr\u00e8s la s\u00e9curit\u00e9, la candidate se lance aussi sur la pauvret\u00e9. Place d\u2019Austerlitz, elle pointe un mal : les rats. \u00ab\u00a0On les voit r\u00e9guli\u00e8rement\u00a0\u00bb, dit-elle, en montrant la place o\u00f9 enfants et rongeurs se croiseraient. \u00ab\u00a0Sanitairement, on a un probl\u00e8me.\u00a0\u00bb Elle promet un \u00ab\u00a0plan d\u2019urgence propret\u00e9\u00a0\u00bb quartier par quartier et des pi\u00e8ges photographiques pour traquer les auteurs de d\u00e9p\u00f4ts sauvages afin de lutter contre l\u2019insalubrit\u00e9. Une r\u00e9ponse \u00e0 un sujet devenu l\u2019un des serpents de mer du conseil municipal et <a href=\"https:\/\/www.rue89strasbourg.com\/cmstras-8-decembre-2025-368777\" target=\"_blank\" rel=\"noreferrer noopener\">d\u00e9battu pas plus tard que la veille de son point presse, lundi 8 d\u00e9cembre<\/a>.<\/p>\n<p>Sur le financement de tous ces projets, elle esquive l\u2019\u00e9cueil des d\u00e9penses suppl\u00e9mentaires en s\u2019attaquant \u00e0 la gestion interne de la Ville et de l\u2019Eurom\u00e9tropole. Elle \u00e9voque, avec un sourire en coin et les yeux lev\u00e9s au ciel, des postes qui seraient aujourd\u2019hui \u00ab\u00a0fl\u00e9ch\u00e9s pour observer des projets de la majorit\u00e9\u00a0\u00bb. Pour elle, tout pourrait \u00eatre r\u00e9gl\u00e9 par \u00ab\u00a0un travail de r\u00e9partition des moyens\u00a0\u00bb. Et pour la police municipale, m\u00eame recette : revoir la cartographie des interventions et augmenter les effectifs quand c\u2019est n\u00e9cessaire.<\/p>\n<p>En fin de conf\u00e9rence, la strat\u00e8ge aguerrie se pr\u00eate au jeu des photos entre les palissades de chantier et les v\u00e9los qui slaloment. La place d\u2019Austerlitz servant de d\u00e9cor \u00e0 une candidate qui cherche \u00e0 reprendre la gouvernance d\u2019une ville qu\u2019elle conna\u00eet par c\u0153ur et dont elle veut \u00e9crire \u2013 \u00e0 nouveau \u2013 l\u2019histoire.<\/p>\n","protected":false},"excerpt":{"rendered":"Catherine Trautmann a d\u00e9roul\u00e9 son credo s\u00e9curitaire, choisissant la place d\u2019Austerlitz comme symbole d\u2019une ville \u00ab\u00a0qui va mal\u00a0\u00bb.&hellip;\n","protected":false},"author":2,"featured_media":590037,"comment_status":"","ping_status":"","sticky":false,"template":"","format":"standard","meta":{"footnotes":""},"categories":[2820],"tags":[1111,11,5848,2761,1777,674,1011,27,775,12,316,25,656,640],"class_list":{"0":"post-590036","1":"post","2":"type-post","3":"status-publish","4":"format-standard","5":"has-post-thumbnail","7":"category-strasbourg","8":"tag-actu","9":"tag-actualites","10":"tag-catherine-trautmann","11":"tag-elections-municipales-2026","12":"tag-eu","13":"tag-europe","14":"tag-fr","15":"tag-france","16":"tag-grand-est","17":"tag-news","18":"tag-politique","19":"tag-republique-francaise","20":"tag-securite","21":"tag-strasbourg"},"share_on_mastodon":{"url":"https:\/\/pubeurope.com\/@fr\/115693766254166493","error":""},"_links":{"self":[{"href":"https:\/\/www.europesays.com\/fr\/wp-json\/wp\/v2\/posts\/590036","targetHints":{"allow":["GET"]}}],"collection":[{"href":"https:\/\/www.europesays.com\/fr\/wp-json\/wp\/v2\/posts"}],"about":[{"href":"https:\/\/www.europesays.com\/fr\/wp-json\/wp\/v2\/types\/post"}],"author":[{"embeddable":true,"href":"https:\/\/www.europesays.com\/fr\/wp-json\/wp\/v2\/users\/2"}],"replies":[{"embeddable":true,"href":"https:\/\/www.europesays.com\/fr\/wp-json\/wp\/v2\/comments?post=590036"}],"version-history":[{"count":0,"href":"https:\/\/www.europesays.com\/fr\/wp-json\/wp\/v2\/posts\/590036\/revisions"}],"wp:featuredmedia":[{"embeddable":true,"href":"https:\/\/www.europesays.com\/fr\/wp-json\/wp\/v2\/media\/590037"}],"wp:attachment":[{"href":"https:\/\/www.europesays.com\/fr\/wp-json\/wp\/v2\/media?parent=590036"}],"wp:term":[{"taxonomy":"category","embeddable":true,"href":"https:\/\/www.europesays.com\/fr\/wp-json\/wp\/v2\/categories?post=590036"},{"taxonomy":"post_tag","embeddable":true,"href":"https:\/\/www.europesays.com\/fr\/wp-json\/wp\/v2\/tags?post=590036"}],"curies":[{"name":"wp","href":"https:\/\/api.w.org\/{rel}","templated":true}]}}