{"id":590044,"date":"2025-12-10T06:08:25","date_gmt":"2025-12-10T06:08:25","guid":{"rendered":"https:\/\/www.europesays.com\/fr\/590044\/"},"modified":"2025-12-10T06:08:25","modified_gmt":"2025-12-10T06:08:25","slug":"nantes-previsions-meteo-du-mercredi-10-decembre-2025","status":"publish","type":"post","link":"https:\/\/www.europesays.com\/fr\/590044\/","title":{"rendered":"Nantes : pr\u00e9visions m\u00e9t\u00e9o du mercredi 10 d\u00e9cembre 2025"},"content":{"rendered":"<p>\u00c0 Nantes, le mercredi 10 d\u00e9cembre 2025, la journ\u00e9e se d\u00e9roule sous un ciel tr\u00e8s nuageux avec des temp\u00e9ratures douces oscillant entre 8 et 15 degr\u00e9s. Une l\u00e9g\u00e8re brise de sud-ouest souffle, tandis que les \u00e9claircies timides apparaissent en soir\u00e9e.<\/p>\n<p>\u00c0 Nantes, ce mercredi 10 d\u00e9cembre 2025, une atmosph\u00e8re oc\u00e9anique douce s\u2019impose malgr\u00e9 un ciel charg\u00e9. Retrouvez ci-dessous notre bulletin complet, \u00e9tabli \u00e0 partir d\u2019observations locales et de mod\u00e8les valid\u00e9s par M\u00e9t\u00e9o-France.<\/p>\n<p>Ce matin \u00e0 Nantes : lever du soleil 08:42<\/p>\n<p>Le soleil se l\u00e8ve \u00e0 08 h 42, mais il restera longtemps masqu\u00e9 derri\u00e8re une \u00e9paisse couverture nuageuse.<\/p>\n<p>D\u00e8s 09 h, le thermom\u00e8tre affiche <b>12 \u00b0C<\/b>, avec une sensation \u00e9quivalente, une humidit\u00e9 \u00e9lev\u00e9e \u00e0 94 % et une brise de Sud-Sud-Ouest ne d\u00e9passant pas 7 km\/h.<\/p>\n<p>Le risque d\u2019averse demeure tr\u00e8s faible, \u00e0 seulement 3 %. Cependant, la forte humidit\u00e9 favorise la formation de nappes de brouillard, notamment sur la Loire et les axes routiers p\u00e9riph\u00e9riques.<\/p>\n<ul>\n<li><b>Thermom\u00e8tre<\/b> : 12 \u00b0C \u00e0 09 h, mini pr\u00e9vu 8 \u00b0C.<\/li>\n<li><b>Vent<\/b> : Sud-Sud-Ouest 7 km\/h, quasi calme.<\/li>\n<li><b>Risques<\/b> : brouillard local, chauss\u00e9es glissantes \u00e0 l\u2019aube.<\/li>\n<\/ul>\n<p>Apr\u00e8s-midi : douceur sous la grisaille<\/p>\n<p>Malgr\u00e9 un ciel restant tr\u00e8s nuageux, la douceur s&rsquo;accentue : \u00e0 15 h, on rel\u00e8ve <b>15 \u00b0C<\/b>, pour un ressenti de 13 \u00b0C.<\/p>\n<p>Le vent s\u2019oriente \u00e0 l\u2019Ouest-Sud-Ouest, atteignant 10 km\/h. Cette l\u00e9g\u00e8re brise pourra ponctuellement dissiper la grisaille, mais ne suffira pas \u00e0 r\u00e9duire une humidit\u00e9 toujours \u00e9lev\u00e9e, \u00e0 77 %.<\/p>\n<p>La probabilit\u00e9 de pluie se maintient \u00e0 5 %, ce qui devrait permettre de laisser parapluies et imperm\u00e9ables au placard, que ce soit pour la sortie de bureau ou une visite au march\u00e9 de No\u00ebl place Royale.<\/p>\n<ul>\n<li><b>Maxi du jour<\/b> : 15 \u00b0C vers 15 h.<\/li>\n<li><b>Pression<\/b> : 1 021 hPa, atmosph\u00e8re stable.<\/li>\n<li><b>Pluie<\/b> : probabilit\u00e9 5 %, quantit\u00e9 n\u00e9gligeable.<\/li>\n<\/ul>\n<p>Ces temp\u00e9ratures, sup\u00e9rieures d\u2019environ 2 \u00b0C aux normales de d\u00e9cembre, refl\u00e8tent la tendance au r\u00e9chauffement observ\u00e9e sur l\u2019ouest de la France selon le dernier rapport Copernicus.<\/p>\n<p>Soir\u00e9e et coucher du soleil 17:16<\/p>\n<p>Le soleil se couche \u00e0 17 h 16, laissant place \u00e0 un ciel variable o\u00f9 les \u00e9claircies se feront plus franches qu\u2019en journ\u00e9e.<\/p>\n<p>\u00c0 21 h, la temp\u00e9rature redescend \u00e0 <b>9 \u00b0C<\/b>, ressentie \u00e0 8 \u00b0C, avec une humidit\u00e9 approchant les 97 % et un vent faible de 5 km\/h venant du Sud.<\/p>\n<p>La nuit s\u2019annonce calme, sans pr\u00e9cipitations ni rafales notables. La faiblesse du vent accentuera la sensation de fra\u00eecheur, particuli\u00e8rement perceptible pour les cyclistes rentrant tard.<\/p>\n<ul>\n<li><b>Temp\u00e9rature<\/b> : 9 \u00b0C \u00e0 21 h.<\/li>\n<li><b>Humidit\u00e9<\/b> : 97 %, sensation fra\u00eeche.<\/li>\n<li><b>Visibilit\u00e9<\/b> : bonnes \u00e9claircies, aucune perturbation.<\/li>\n<\/ul>\n<p>Si vous envisagez une promenade nocturne, consultez <a href=\"https:\/\/www.meteocity.com\/france\/nantes-v2990969\/tourisme\" target=\"_blank\" rel=\"noopener\">notre page tourisme<\/a> pour choisir un circuit couvert en cas d\u2019humidit\u00e9 persistante.<\/p>\n<p>Tendance pour jeudi 11 d\u00e9cembre<\/p>\n<p>Jeudi 11 d\u00e9cembre, les mod\u00e8les pr\u00e9voient une persistance de la couverture nuageuse, avec des temp\u00e9ratures comprises entre <b>8 \u00b0C<\/b> et <b>12 \u00b0C<\/b>, et un vent de Sud-Sud-Est avoisinant les 15 km\/h.<\/p>\n<p>Avec une humidit\u00e9 quasi satur\u00e9e (98 %), quelques bruines isol\u00e9es pourraient se produire, surtout avant l\u2019aube, bien que les quantit\u00e9s attendues restent anecdotiques.<\/p>\n<p>Il conviendra de surveiller la baisse de la pression vers 1 015 hPa la nuit suivante, signe annonciateur d\u2019une possible instabilit\u00e9 en fin de semaine.<\/p>\n<ul>\n<li><b>Mini<\/b> : 8 \u00b0C \u00e0 l\u2019aube.<\/li>\n<li><b>Maxi<\/b> : 12 \u00b0C l\u2019apr\u00e8s-midi.<\/li>\n<li><b>Vent dominant<\/b> : Sud-Sud-Est 15 km\/h.<\/li>\n<\/ul>\n<p>Pour un suivi actualis\u00e9 sur 15 jours, consultez <a href=\"https:\/\/www.meteocity.com\/france\/nantes-v2990969\/meteo-15-jours\" target=\"_blank\" rel=\"noopener\">nos pr\u00e9visions d\u00e9taill\u00e9es<\/a>.<\/p>\n","protected":false},"excerpt":{"rendered":"\u00c0 Nantes, le mercredi 10 d\u00e9cembre 2025, la journ\u00e9e se d\u00e9roule sous un ciel tr\u00e8s nuageux avec des&hellip;\n","protected":false},"author":2,"featured_media":590045,"comment_status":"","ping_status":"","sticky":false,"template":"","format":"standard","meta":{"footnotes":""},"categories":[2818],"tags":[1111,11,1777,674,1011,27,766,12,2636,25],"class_list":{"0":"post-590044","1":"post","2":"type-post","3":"status-publish","4":"format-standard","5":"has-post-thumbnail","7":"category-nantes","8":"tag-actu","9":"tag-actualites","10":"tag-eu","11":"tag-europe","12":"tag-fr","13":"tag-france","14":"tag-nantes","15":"tag-news","16":"tag-pays-de-la-loire","17":"tag-republique-francaise"},"share_on_mastodon":{"url":"https:\/\/pubeurope.com\/@fr\/115693781299312346","error":""},"_links":{"self":[{"href":"https:\/\/www.europesays.com\/fr\/wp-json\/wp\/v2\/posts\/590044","targetHints":{"allow":["GET"]}}],"collection":[{"href":"https:\/\/www.europesays.com\/fr\/wp-json\/wp\/v2\/posts"}],"about":[{"href":"https:\/\/www.europesays.com\/fr\/wp-json\/wp\/v2\/types\/post"}],"author":[{"embeddable":true,"href":"https:\/\/www.europesays.com\/fr\/wp-json\/wp\/v2\/users\/2"}],"replies":[{"embeddable":true,"href":"https:\/\/www.europesays.com\/fr\/wp-json\/wp\/v2\/comments?post=590044"}],"version-history":[{"count":0,"href":"https:\/\/www.europesays.com\/fr\/wp-json\/wp\/v2\/posts\/590044\/revisions"}],"wp:featuredmedia":[{"embeddable":true,"href":"https:\/\/www.europesays.com\/fr\/wp-json\/wp\/v2\/media\/590045"}],"wp:attachment":[{"href":"https:\/\/www.europesays.com\/fr\/wp-json\/wp\/v2\/media?parent=590044"}],"wp:term":[{"taxonomy":"category","embeddable":true,"href":"https:\/\/www.europesays.com\/fr\/wp-json\/wp\/v2\/categories?post=590044"},{"taxonomy":"post_tag","embeddable":true,"href":"https:\/\/www.europesays.com\/fr\/wp-json\/wp\/v2\/tags?post=590044"}],"curies":[{"name":"wp","href":"https:\/\/api.w.org\/{rel}","templated":true}]}}