{"id":590056,"date":"2025-12-10T06:16:12","date_gmt":"2025-12-10T06:16:12","guid":{"rendered":"https:\/\/www.europesays.com\/fr\/590056\/"},"modified":"2025-12-10T06:16:12","modified_gmt":"2025-12-10T06:16:12","slug":"le-record-de-temperature-battu-sur-un-mois-de-decembre","status":"publish","type":"post","link":"https:\/\/www.europesays.com\/fr\/590056\/","title":{"rendered":"le record de temp\u00e9rature battu sur un mois de d\u00e9cembre\u00a0?"},"content":{"rendered":"<p>                    Par<br \/>\n        <strong><br \/>\n            <a href=\"https:\/\/actu.fr\/auteur\/fabien-binacchi\" title=\"Consulter tous les articles de Fabien Binacchi\" target=\"_blank\" rel=\"noopener\">Fabien Binacchi<\/a><br \/>\n                    <\/strong><\/p>\n<p>        Publi\u00e9 le<\/p>\n<p>            10 d\u00e9c. 2025 \u00e0 6h46        <\/p>\n<p>Le pic a \u00e9t\u00e9 atteint. Entre ces lundi\u00a08 et mardi 9\u00a0d\u00e9cembre 2025, il a fait <strong>jusqu\u2019\u00e0 19\u00b0C<\/strong> dans les <a href=\"https:\/\/actu.fr\/provence-alpes-cote-d-azur\/bouches-du-rhone_13\" target=\"_blank\" rel=\"noopener\">Bouches-du-Rh\u00f4ne.<\/a> L\u2019impressionnante <a href=\"https:\/\/actu.fr\/provence-alpes-cote-d-azur\/marseille_13055\/meteo-a-marseille-pourquoi-les-temperatures-vont-radicalement-changer-les-previsions_63533686.html\" target=\"_blank\" rel=\"noopener\">\u00ab\u2009vague de douceur\u2009\u00bb<\/a> qui r\u00e9chauffe l\u2019atmosph\u00e8re europ\u00e9enne ces derniers jours va encore se poursuivre jusqu\u2019\u00e0 la semaine prochaine. Mais elle n\u2019est pas un cas isol\u00e9 \u00e0 cette p\u00e9riode de l\u2019ann\u00e9e.<\/p>\n<p class=\" wall-content\">Il a d\u00e9j\u00e0 fait bien plus chaud en d\u00e9cembre, notamment \u00e0 <a href=\"https:\/\/actu.fr\/marseille\/\" target=\"_blank\" rel=\"noopener\">Marseille.<\/a><\/p>\n<p>Encore au moins une semaine<\/p>\n<p class=\" wall-content\">L\u2019\u00e9pisode de douceur, \u00ab\u2009d\u00fb en grande partie \u00e0 l\u2019arriv\u00e9e d\u2019un air tr\u00e8s doux d\u2019origine subtropicale port\u00e9e par l\u2019anticyclone des A\u00e7ores\u2009\u00bb, selon le m\u00e9t\u00e9orologue ind\u00e9pendant Paul Marquis, est parti pour durer. \u00ab\u2009L\u2019Europe conservera des temp\u00e9ratures remarquablement \u00e9lev\u00e9es ces 7 prochains jours, indique son confr\u00e8re Guillaume S\u00e9chet, du site <a href=\"https:\/\/www.meteo-villes.com\/\" target=\"_blank\" rel=\"noopener\">Meteo-villes.com.<\/a> En France, <strong>l\u2019anomalie moyenne sera de +4\u00b0C \u00e0 +5\u00b0C.<\/strong>\u2009\u00bb<\/p>\n<p class=\" wall-content\">\n<p class=\" wall-content\">Sur toute la dur\u00e9e de cette vague, les temp\u00e9ratures enregistr\u00e9es ce lundi 8\u00a0d\u00e9cembre 2025 ne devraient plus \u00eatre d\u00e9pass\u00e9es dans le d\u00e9partement des Bouches-du-Rh\u00f4ne\u2009: <strong>\u00ab\u2009nous avons atteint 17\u00b0C \u00e0 19\u00b0C\u2009\u00bb,<\/strong> r\u00e9v\u00e8le encore Paul Marquis, fondateur du service <a href=\"https:\/\/www.previplus.fr\/\" target=\"_blank\" rel=\"noopener\">Pr\u00e9vi+.<\/a><\/p>\n<p class=\" wall-content\">Encore mardi, la station de Marseille Saint-Loup, dans le 10e arrondissement, a enregistr\u00e9 <strong>17\u00b0C,<\/strong> une maximale encore bien au-dessus des temp\u00e9ratures attendus en cette saison.<\/p>\n<p>Un record le 30\u00a0d\u00e9cembre 2021 \u00e0 Marseille<\/p>\n<p class=\" wall-content\">Le record pour un mois de d\u00e9cembre dans les Bouches-du-Rh\u00f4ne n\u2019a pourtant pas \u00e9t\u00e9 battu. Et de loin. Paul Marquis cite notamment 2021. Plusieurs maximums avaient \u00e9t\u00e9 r\u00e9guli\u00e8rement d\u00e9pass\u00e9s cette ann\u00e9e-l\u00e0. Avec un pic le 30\u00a0d\u00e9cembre 2021\u2009:<\/p>\n<blockquote class=\"ac-article-quote wall-content\">\n<p>On avait atteint 23,1\u00b0C \u00e0 Marseille-Longchamp.<\/p>\n<p>    <strong>Paul Marquis<\/strong>\n            <\/p><\/blockquote>\n<p>Votre r\u00e9gion, votre actu !<\/p>\n<p>Recevez chaque jour les infos qui comptent pour vous.<\/p>\n<p>\t<a href=\"https:\/\/actu.fr\/newsletter\" class=\"ac-btn ac-btn--corner ac-btn--medium ac-btn--blue800\" target=\"_blank\" rel=\"noopener\">S&rsquo;incrire<\/a><\/p>\n<p class=\" wall-content\">Bien au-del\u00e0, donc, des normales de saison. Selon le service climatologie de M\u00e9t\u00e9o-France, sur la station de Marignane, elles se situent plut\u00f4t <strong>entre 4,4\u00b0C (minimales) et 12,4\u00b0C (maximales)<\/strong> sur un mois de d\u00e9cembre<\/p>\n<p class=\" wall-content\">Personnalisez votre actualit\u00e9 en ajoutant vos villes et m\u00e9dias en favori avec <a href=\"https:\/\/moncompte.actu.fr\" title=\"D\u00e9couvez Mon Actu\" rel=\"nofollow noopener\" data-trk=\"{&quot;cta&quot;:{&quot;action&quot;:&quot;https:\\\/\\\/moncompte.actu.fr&quot;,&quot;category&quot;:&quot;mon compte&quot;,&quot;from&quot;:&quot;article footer&quot;,&quot;name&quot;:&quot;Mon actu&quot;,&quot;type&quot;:&quot;cta&quot;}}\" target=\"_blank\">Mon Actu<\/a>.<\/p>\n","protected":false},"excerpt":{"rendered":"Par Fabien Binacchi Publi\u00e9 le 10 d\u00e9c. 2025 \u00e0 6h46 Le pic a \u00e9t\u00e9 atteint. Entre ces lundi\u00a08&hellip;\n","protected":false},"author":2,"featured_media":580115,"comment_status":"","ping_status":"","sticky":false,"template":"","format":"standard","meta":{"footnotes":""},"categories":[2814],"tags":[1111,11,1777,674,1011,27,884,2487,2357,12,882,25],"class_list":{"0":"post-590056","1":"post","2":"type-post","3":"status-publish","4":"format-standard","5":"has-post-thumbnail","7":"category-marseille","8":"tag-actu","9":"tag-actualites","10":"tag-eu","11":"tag-europe","12":"tag-fr","13":"tag-france","14":"tag-marseille","15":"tag-meteo","16":"tag-meteo-france","17":"tag-news","18":"tag-provence-alpes-cote-dazur","19":"tag-republique-francaise"},"share_on_mastodon":{"url":"https:\/\/pubeurope.com\/@fr\/115693812790759411","error":""},"_links":{"self":[{"href":"https:\/\/www.europesays.com\/fr\/wp-json\/wp\/v2\/posts\/590056","targetHints":{"allow":["GET"]}}],"collection":[{"href":"https:\/\/www.europesays.com\/fr\/wp-json\/wp\/v2\/posts"}],"about":[{"href":"https:\/\/www.europesays.com\/fr\/wp-json\/wp\/v2\/types\/post"}],"author":[{"embeddable":true,"href":"https:\/\/www.europesays.com\/fr\/wp-json\/wp\/v2\/users\/2"}],"replies":[{"embeddable":true,"href":"https:\/\/www.europesays.com\/fr\/wp-json\/wp\/v2\/comments?post=590056"}],"version-history":[{"count":0,"href":"https:\/\/www.europesays.com\/fr\/wp-json\/wp\/v2\/posts\/590056\/revisions"}],"wp:featuredmedia":[{"embeddable":true,"href":"https:\/\/www.europesays.com\/fr\/wp-json\/wp\/v2\/media\/580115"}],"wp:attachment":[{"href":"https:\/\/www.europesays.com\/fr\/wp-json\/wp\/v2\/media?parent=590056"}],"wp:term":[{"taxonomy":"category","embeddable":true,"href":"https:\/\/www.europesays.com\/fr\/wp-json\/wp\/v2\/categories?post=590056"},{"taxonomy":"post_tag","embeddable":true,"href":"https:\/\/www.europesays.com\/fr\/wp-json\/wp\/v2\/tags?post=590056"}],"curies":[{"name":"wp","href":"https:\/\/api.w.org\/{rel}","templated":true}]}}