{"id":590057,"date":"2025-12-10T06:17:15","date_gmt":"2025-12-10T06:17:15","guid":{"rendered":"https:\/\/www.europesays.com\/fr\/590057\/"},"modified":"2025-12-10T06:17:15","modified_gmt":"2025-12-10T06:17:15","slug":"sofitel-lyon-grande-soiree-de-la-chandeleur-la-date-est-fixee","status":"publish","type":"post","link":"https:\/\/www.europesays.com\/fr\/590057\/","title":{"rendered":"Sofitel Lyon. Grande soir\u00e9e de la Chandeleur, la date est fix\u00e9e ! &#8211;"},"content":{"rendered":"<p>\t\t\t\t<img fetchpriority=\"high\" decoding=\"async\" width=\"900\" height=\"579\" src=\"https:\/\/www.europesays.com\/fr\/wp-content\/uploads\/2025\/12\/CHANDELEUR-SOFITEL_AM.jpg\" alt=\"\" title=\"CHANDELEUR SOFITEL_AM\"   class=\"wp-image-167757\"\/><\/p>\n<p><strong>Texte\u00a0: Philippe Lecoq<\/strong> \u2013 Les t\u00e9l\u00e9phones portables de <strong>Marc Jean<\/strong> et de <strong>Julien Narbonne<\/strong> vont vraiment chauffer.<\/p>\n<p>Co-organisateurs de la plus courue des soir\u00e9es prestigieuses de l\u2019ann\u00e9e, le pr\u00e9sident de Com1conseil \u2013 mais aussi du Club des Clubs \u2013 et le General manager du Sofitel Lyon Bellecour, ont en effet fix\u00e9 la date de la traditionnelle Chandeleur\u00a0: ce sera le 2 f\u00e9vrier 2025, dans les salons de l\u2019iconique h\u00f4tel des rives du Rh\u00f4ne privatis\u00e9 pour l\u2019occasion.<\/p>\n<p><strong>500 personnes sont attendues. Et ce ne sera pas si simple d\u2019obtenir un s\u00e9same. <\/strong><br \/>\n<img loading=\"lazy\" decoding=\"async\" aria-describedby=\"caption-attachment-167756\" class=\"wp-image-167756 size-full\" src=\"data:image\/svg+xml,%3Csvg%20xmlns=\" http:=\"\" alt=\"\" width=\"900\" height=\"675\" data-lazy- data-lazy- data-lazy-src=\"https:\/\/www.europesays.com\/fr\/wp-content\/uploads\/2025\/12\/Chandeleur-2026-Sofitel-Alpine.jpg\"\/><\/p>\n<p id=\"caption-attachment-167756\" class=\"wp-caption-text\">Marc Jean entour\u00e9 de ses partenaires r\u00e9unis dans le show-room Alpine de V\u00e9nissieux<\/p>\n<p>Lanc\u00e9e il y a plus de cinquante ans maintenant, cette soir\u00e9e VIP sera d\u2019autant plus pris\u00e9e cette ann\u00e9e qu\u2019elle s\u2019inscrit dans la campagne officielle pour les \u00e9lections municipale et m\u00e9tropolitaine, avec pour corollaire un afflux du personnel politique, bien conscient de l\u2019opportunit\u00e9 de se montrer devant un ar\u00e9opage de d\u00e9cideurs voire d\u2019influenceurs tri\u00e9s sur le volet.<\/p>\n<p><strong>Alors qui en sera\u00a0? Myst\u00e8re. <\/strong><\/p>\n<p>Seule certitude, ce sera <strong>Pierre Oliver<\/strong>, le maire actuel du deuxi\u00e8me arrondissement de Lyon \u2013 et candidat aux \u00e9lections aux c\u00f4t\u00e9s de <strong>Jean-Michel Aulas<\/strong> \u2013 qui selon la tradition fera sauter de sa main\u2026 droite la premi\u00e8re cr\u00eape avec un Louis d\u2019or dans la main gauche cens\u00e9 porter bonheur tout a long de l\u2019ann\u00e9e \u00e0 tous les Lyonnais.<\/p>\n<p>Comme les ann\u00e9es pr\u00e9c\u00e9dentes, diff\u00e9rents ateliers de cr\u00eapes accompagn\u00e9s des champagnes Mumm et de la maison Pernod Ricard combleront les plus de 500 convives encadr\u00e9s par les \u00e9quipes du Sofitel Lyon Bellecour emmen\u00e9es par <strong>Dimitri Chevalier<\/strong> qui f\u00eatera sa 14\u00e8me Chandeleur.<\/p>\n<p><img loading=\"lazy\" decoding=\"async\" class=\"alignnone size-full wp-image-167763\" src=\"data:image\/svg+xml,%3Csvg%20xmlns=\" http:=\"\" alt=\"\" width=\"900\" height=\"675\" data-lazy- data-lazy- data-lazy-src=\"https:\/\/www.europesays.com\/fr\/wp-content\/uploads\/2025\/12\/Alpine-2025.jpg\"\/><\/p>\n<p><strong>Arnaud Rimbert<\/strong>, directeur de plaque Renault Retail Group, pr\u00e9sentera en exclusivit\u00e9 la nouvelle gamme Alpine, partenaire de l\u2019\u00e9v\u00e8nement. Et bien s\u00fbr Lyon People au grand complet, partenaire m\u00e9dia d\u2019une Chandeleur r\u00e9ussie, qui sera \u00e9galement l\u2019occasion d\u2019offrir une \u0153uvre d\u2019art \u00e0 l\u2019association Docteur Clown, retenue cette ann\u00e9e par les organisateurs et le pr\u00e9sident du CAFAL,<strong> Pierre Nallet<\/strong>.<\/p>\n<p>On en oublie\u00a0? Tant mieux. Il faut \u00eatre chanceux pour en \u00eatre, le secret d\u2019une soir\u00e9e o\u00f9 les lettres VIP prennent enfin du sens.<\/p>\n","protected":false},"excerpt":{"rendered":"Texte\u00a0: Philippe Lecoq \u2013 Les t\u00e9l\u00e9phones portables de Marc Jean et de Julien Narbonne vont vraiment chauffer. Co-organisateurs&hellip;\n","protected":false},"author":2,"featured_media":590058,"comment_status":"","ping_status":"","sticky":false,"template":"","format":"standard","meta":{"footnotes":""},"categories":[1889],"tags":[4257,1111,11,2430,70319,1777,674,1011,27,2428,12,25],"class_list":{"0":"post-590057","1":"post","2":"type-post","3":"status-publish","4":"format-standard","5":"has-post-thumbnail","7":"category-lyon","8":"tag-0top","9":"tag-actu","10":"tag-actualites","11":"tag-auvergne-rhone-alpes","12":"tag-chandeleur","13":"tag-eu","14":"tag-europe","15":"tag-fr","16":"tag-france","17":"tag-lyon","18":"tag-news","19":"tag-republique-francaise"},"share_on_mastodon":{"url":"https:\/\/pubeurope.com\/@fr\/115693817441753591","error":""},"_links":{"self":[{"href":"https:\/\/www.europesays.com\/fr\/wp-json\/wp\/v2\/posts\/590057","targetHints":{"allow":["GET"]}}],"collection":[{"href":"https:\/\/www.europesays.com\/fr\/wp-json\/wp\/v2\/posts"}],"about":[{"href":"https:\/\/www.europesays.com\/fr\/wp-json\/wp\/v2\/types\/post"}],"author":[{"embeddable":true,"href":"https:\/\/www.europesays.com\/fr\/wp-json\/wp\/v2\/users\/2"}],"replies":[{"embeddable":true,"href":"https:\/\/www.europesays.com\/fr\/wp-json\/wp\/v2\/comments?post=590057"}],"version-history":[{"count":0,"href":"https:\/\/www.europesays.com\/fr\/wp-json\/wp\/v2\/posts\/590057\/revisions"}],"wp:featuredmedia":[{"embeddable":true,"href":"https:\/\/www.europesays.com\/fr\/wp-json\/wp\/v2\/media\/590058"}],"wp:attachment":[{"href":"https:\/\/www.europesays.com\/fr\/wp-json\/wp\/v2\/media?parent=590057"}],"wp:term":[{"taxonomy":"category","embeddable":true,"href":"https:\/\/www.europesays.com\/fr\/wp-json\/wp\/v2\/categories?post=590057"},{"taxonomy":"post_tag","embeddable":true,"href":"https:\/\/www.europesays.com\/fr\/wp-json\/wp\/v2\/tags?post=590057"}],"curies":[{"name":"wp","href":"https:\/\/api.w.org\/{rel}","templated":true}]}}