{"id":590059,"date":"2025-12-10T06:18:13","date_gmt":"2025-12-10T06:18:13","guid":{"rendered":"https:\/\/www.europesays.com\/fr\/590059\/"},"modified":"2025-12-10T06:18:13","modified_gmt":"2025-12-10T06:18:13","slug":"a-lyon-la-fete-des-lumieres-en-quete-dun-nouveau-souffle","status":"publish","type":"post","link":"https:\/\/www.europesays.com\/fr\/590059\/","title":{"rendered":"\u00e0 Lyon, la f\u00eate des Lumi\u00e8res en qu\u00eate d\u2019un nouveau souffle"},"content":{"rendered":"<p>\n    Toujours pris\u00e9e des visiteurs, la f\u00eate des Lumi\u00e8res commence toutefois \u00e0 lasser entre Rh\u00f4ne et Sa\u00f4ne. Plusieurs candidats aux municipales proposent de r\u00e9enchanter son mod\u00e8le copi\u00e9 partout dans le monde, en retrouvant le sens initial de cet \u00e9v\u00e8nement.<\/p>\n<p class=\"fig-paragraph\">La f\u00eate des Lumi\u00e8res \u00e0 Lyon &#8211; et ses 2 millions de visiteurs annuels &#8211; est-elle \u00e0 bout de souffle\u00a0? Apr\u00e8s 25 ans de festivit\u00e9s, les projections sur les fa\u00e7ades et les \u0153uvres \u00e9parpill\u00e9es un peu partout dans la ville semblent avoir perdu de leur magie avec le temps. Imagin\u00e9e sous Raymond Barre en 1999 et propuls\u00e9e par\u00a0<a href=\"http:\/\/www.lefigaro.fr\/lyon\/municipales-2026-a-lyon-tensions-autour-de-l-heritage-d-un-microparti-de-gerard-collomb-recupere-par-jean-michel-aulas-20250903\" data-fig-type=\"NewsFlash\" data-gtm-custom-categorie=\"navigation\" data-gtm-custom-action=\"crossclick\" data-gtm-custom-label=\"Contextuel\" data-gtm-event=\"customEventSPE\" data-fig-domain=\"LEFIGARO\" target=\"_blank\" rel=\"noopener\">G\u00e9rard Collomb<\/a>\u00a0au d\u00e9but des ann\u00e9es 2000, la\u00a0<a href=\"http:\/\/www.lefigaro.fr\/lyon\/message-anti-police-lors-de-la-fete-des-lumieres-a-lyon-la-polemique-prend-une-tournure-politique-20251208\" data-fig-type=\"NewsFlash\" data-gtm-custom-categorie=\"navigation\" data-gtm-custom-action=\"crossclick\" data-gtm-custom-label=\"Contextuel\" data-gtm-event=\"customEventSPE\" data-fig-domain=\"LEFIGARO\" target=\"_blank\" rel=\"noopener\">f\u00eate des Lumi\u00e8res<\/a>\u00a0est le produit d\u2019une \u00e9poque\u00a0: celle de la comp\u00e9tition entre les villes pour attirer la masse de touristes que charrie l\u2019\u00e9mergence des compagnies a\u00e9riennes low-cost.<\/p>\n<p class=\"fig-paragraph\">Lyon a alors pour mod\u00e8le Barcelone et au plus fort de sa notori\u00e9t\u00e9, l\u2019\u00e9v\u00e9nement aurait attir\u00e9 jusqu\u2019\u00e0 4 millions de personnes, selon les chiffres donn\u00e9s alors par G\u00e9rard Collomb. \u00abG\u00e9rard avait tendance \u00e0 exag\u00e9rer. On \u00e9tait probablement pas loin des 3 millions, mais il faut se souvenir que l\u2019\u00e9v\u00e9nement avait lieu partout en ville\u00bb, glisse un proche de l\u2019ancien maire. Et ce m\u00e9lange de chauvinisme et d\u2019exag\u00e9ration parfaitement assum\u00e9 par G\u00e9rard Collomb fonctionnait. Lyon, ville de passage, est redevenue un lieu de destination pour les touristes fran\u00e7ais et internationaux. Mais 25 ans plus tard, la formule semble avoir vieilli. Les mappings &#8211; ces projections sur les fa\u00e7ades d\u2019immeubles pour leur donner une nouvelle dimension &#8211; se sont popularis\u00e9s partout dans le monde, et Lyon ne fait plus vraiment figure d\u2019exception.<\/p>\n<p>                                            <a class=\"fig-a11y-skip\" href=\"#fig-a11y-skip-main-inarticle\" data-module=\"a11y-skip\" data-context=\"was @visible\"><br \/>\n    Passer la publicit\u00e9<br \/>\n<\/a>            <\/p>\n<p>                                            Une f\u00eate en recherche de sens<\/p>\n<p class=\"fig-paragraph\">Au point de laisser certains Lyonnais en panne d\u2019\u00e9merveillement. Une disette que n\u2019a pas vraiment combl\u00e9e une \u00e9dition 2025 marqu\u00e9e par des contraintes budg\u00e9taires, qui a r\u00e9duit le nombre d\u2019\u0153uvres pr\u00e9sent\u00e9es (23 contre 32 en 2024) et peu renouvel\u00e9 le genre, sauf \u00e0 introduire un spectacle drones, avec dix ans de retard sur le reste du monde. Face \u00e0 la critique de la \u00abdisneylandisation\u00bb de l\u2019\u00e9v\u00e9nement, plusieurs candidats \u00e0 la mairie veulent que la f\u00eate des Lumi\u00e8res retrouve son sens originel. Celui de l\u2019inauguration de la statue de Marie, le 8 d\u00e9cembre 1852 \u00e0\u00a0<a href=\"http:\/\/www.lefigaro.fr\/lyon\/lyon-il-manque-encore-un-demi-million-d-euros-pour-sauver-la-basilique-notre-dame-de-fourviere-qui-lance-un-nouvel-appel-au-don-20251119\" data-fig-type=\"NewsFlash\" data-gtm-custom-categorie=\"navigation\" data-gtm-custom-action=\"crossclick\" data-gtm-custom-label=\"Contextuel\" data-gtm-event=\"customEventSPE\" data-fig-domain=\"LEFIGARO\" target=\"_blank\" rel=\"noopener\">Fourvi\u00e8re<\/a>, jour de la f\u00eate de l\u2019Immacul\u00e9e Conception (voir encadr\u00e9). Ce soir-l\u00e0, les Lyonnais avaient dispos\u00e9 des lumignons \u00e0 leurs fen\u00eatres pour f\u00eater l\u2019\u00e9v\u00e9nement.<\/p>\n<p class=\"fig-paragraph\">Nathalie Perrin-Gilbert,\u00a0<a href=\"https:\/\/video.lefigaro.fr\/figaro\/politique\/lyon-le-maire-gregory-doucet-renvoie-son-adjointe-a-la-culture-20240514\" data-fig-type=\"Video\" data-gtm-custom-categorie=\"navigation\" data-gtm-custom-action=\"crossclick\" data-gtm-custom-label=\"Contextuel\" data-gtm-event=\"customEventSPE\" data-fig-domain=\"LEFIGARO\" target=\"_blank\" rel=\"noopener\">ancienne adjointe \u00e0 la culture de Gr\u00e9gory Doucet,<\/a>\u00a0propose ainsi de consacrer le 8 d\u00e9cembre \u00e0 ces lumignons (qui ont peu \u00e0 peu disparu des fen\u00eatres au fil des ann\u00e9es) et d\u2019\u00e9teindre les \u0153uvres pour \u00abretrouver un esprit plus calme avec un moment de respiration qui c\u00e9l\u00e8bre notre ville\u00bb. Un constat partag\u00e9 par Jean-Michel Aulas qui lui aussi aimerait commencer la f\u00eate par le 8 d\u00e9cembre. \u00abLa f\u00eate religieuse est devenue une f\u00eate commerciale. Il faut la recentrer pour parler de nouveau de Lyon\u00bb, d\u00e9veloppe \u00c9douard Hoffmann, qui ambitionne de devenir adjoint d\u00e9di\u00e9 \u00e0 la culture de l\u2019ancien patron de l\u2019OL s\u2019il est \u00e9lu. \u00abIl faut redonner du sens \u00e0 cet \u00e9v\u00e9nement. Sortir de la gadg\u00e9tisation et du mauvais go\u00fbt pour en refaire un grand \u00e9v\u00e9nement d\u2019union des Lyonnais. C\u2019est \u00e7a qui attirera les visiteurs et les touristes du monde entier\u00bb, abonde\u00a0<a href=\"http:\/\/www.lefigaro.fr\/lyon\/a-lyon-le-rn-veut-faire-son-retour-au-conseil-municipal-en-2026-20251009\" data-fig-type=\"NewsFlash\" data-gtm-custom-categorie=\"navigation\" data-gtm-custom-action=\"crossclick\" data-gtm-custom-label=\"Contextuel\" data-gtm-event=\"customEventSPE\" data-fig-domain=\"LEFIGARO\" target=\"_blank\" rel=\"noopener\">Alexandre Dupalais<\/a>, candidat UDR\/RN.<\/p>\n<p class=\"fig-paragraph\">Plusieurs critiquent \u00e9galement la f\u00eate des Lumi\u00e8res \u00e0 la sauce \u00e9colo, qui a parfois privil\u00e9gi\u00e9 le message des \u0153uvres par rapport \u00e0 l\u2019\u00e9motion qu\u2019elles procurent. \u00abIl y a eu un c\u00f4t\u00e9 moralisateur \u00e0 faire peser la responsabilit\u00e9 sur les individus. Ce n\u2019est pas \u00e7a faire de la politique\u00bb, tranche Nathalie Perrin-Gilbert. \u00abIls font du pr\u00eat \u00e0 manger pour les visiteurs\u00bb, d\u00e9plore de son c\u00f4t\u00e9 \u00c9douard Hoffmann. Des accusations rejet\u00e9es par Audrey H\u00e9nocque, premi\u00e8re adjointe de Gr\u00e9gory Doucet en charge de l\u2019\u00e9v\u00e9nement\u00a0: \u00abAujourd\u2019hui les artistes sont travers\u00e9s par les questions de soci\u00e9t\u00e9, sur la question du d\u00e9r\u00e8glement climatique, etc.. Donc forc\u00e9ment \u00e7a se retrouve dans les \u0153uvres produites. Nous, ce que l\u2019on regarde c\u2019est la cr\u00e9ation et la qualit\u00e9 de ce qui est propos\u00e9\u00bb.<\/p>\n<p class=\"fig-paragraph\">L\u2019\u00e9lue \u00e9cologiste ne croit pas non plus \u00e0 cette autoflagellation locale \u00e0 propos de la f\u00eate des Lumi\u00e8res\u00a0: \u00abEst-ce que les Lyonnais en ont marre\u00a0? Je ne pense pas. Je vois beaucoup de gens qui sont attach\u00e9s au 8 d\u00e9cembre mais aussi \u00e0 la version f\u00eate. Beaucoup de n\u00e9o-Lyonnais sont ravis de la d\u00e9couvrir.\u00bb Cette ann\u00e9e encore, les h\u00f4tels ont fait le plein avec un taux d\u2019occupation en hausse de 19% par rapport \u00e0 2024. Car l\u00e0 est le tour de force r\u00e9alis\u00e9 par G\u00e9rard Collomb\u00a0: organiser un \u00e9v\u00e9nement aux retomb\u00e9es mondiales pour sa ville pour un prix relativement mod\u00e9r\u00e9. Chaque f\u00eate des Lumi\u00e8res co\u00fbte pr\u00e8s de 3,5 millions d\u2019euros. \u00abMais 1 euro investi dans la f\u00eate c\u2019est environ 6 euros de retomb\u00e9es pour le territoire. C\u2019est la fourchette tr\u00e8s haute pour ce genre d\u2019\u00e9v\u00e9nement\u00bb, d\u00e9taille la premi\u00e8re adjointe. Difficile dans ce contexte de r\u00e9duire la voilure tant la f\u00eate est importante pour l\u2019\u00e9conomie locale.<\/p>\n<p>                                            R\u00e9enchanter les lumi\u00e8res, un enjeu de campagne<\/p>\n<p class=\"fig-paragraph\">\u00c0 quatre mois des municipales, plusieurs candidats y vont d\u00e9sormais de leurs propositions afin de r\u00e9enchanter la f\u00eate. Jean-Michel Aulas veut ainsi \u00abredonner \u00e0 Lyon une f\u00eate ambitieuse, financ\u00e9e \u00e0 hauteur des besoins en associant public et priv\u00e9\u00bb. \u00abIl faut \u00eatre audacieux, ajoute \u00c9douard Hoffmann. Pourquoi ne pas avoir un artiste associ\u00e9\u00a0? Pourquoi ne pas imaginer un grand concert son et lumi\u00e8re comme celui de Jean-Michel Jarre lors de la venue du pape \u00e0 Lyon en 1986\u00a0? Et pourquoi ne pas faire revenir le Pape d\u2019ailleurs pour les 40 ans de sa venue\u00a0? Pourquoi ne pas cr\u00e9er une sp\u00e9cialit\u00e9 culinaire sp\u00e9cialement pour l\u2019\u00e9v\u00e9nement\u00a0? On mangerait des \u00abc\u0153urs lyonnais\u00bb (Nom du mouvement de Jean-Michel Aulas, ndlr)\u00bb.<\/p>\n<p>                                            <a class=\"fig-a11y-skip\" href=\"#fig-a11y-skip-main-inarticle_mtf\" data-module=\"a11y-skip\" data-context=\"was @visible\"><br \/>\n    Passer la publicit\u00e9<br \/>\n<\/a>            <\/p>\n<p class=\"fig-paragraph\">De son c\u00f4t\u00e9 Nathalie Perrin-Gilbert souhaite faire durer la f\u00eate du 8 au 21 d\u00e9cembre, jour de la fin du solstice d\u2019hiver. \u00abMon id\u00e9e est de cr\u00e9er une ballade de la cit\u00e9 internationale \u00e0 la confluence par un cheminement lumineux en utilisant notre patrimoine et nos cours d\u2019eau\u00bb, propose la candidate.\u00a0Chez les Verts, Audrey H\u00e9nocque esp\u00e8re, elle, ouvrir la f\u00eate \u00e0 plus de quartiers\u00a0: \u00abOn a d\u00e9j\u00e0 commenc\u00e9 \u00e0 d\u00e9centraliser. Mais j\u2019aimerais que l\u2019on aille plus loin en travaillant dans tous les arrondissements avec des collectifs d\u2019artistes, des \u00e9tudiants\u00bb.<\/p>\n<p>                                            Une nouvelle donne s\u00e9curitaire depuis 2016<\/p>\n<p class=\"fig-paragraph\">Depuis les attentats de 2015, la f\u00eate se d\u00e9roule dans des p\u00e9rim\u00e8tres restreints. Une s\u00e9curisation qui p\u00e8se sur le budget de l\u2019\u00e9v\u00e9nement et qui a probablement particip\u00e9 \u00e0 lui faire perdre un peu de magie. \u00abComme tout \u00e9v\u00e9nement qui s\u2019inscrit dans la dur\u00e9e, il faut trouver l\u2019\u00e9nergie de l\u2019innovation initiale pour rester premier. Mais les attentats de 2015 ont probablement cass\u00e9 la dynamique de la f\u00eate et on n\u2019en est pas encore tout \u00e0 fait sorti\u00bb, analyse Georges K\u00e9p\u00e9n\u00e9kian, ancien maire de Lyon et adjoint de G\u00e9rard Collomb charg\u00e9 de l\u2019organisation de l\u2019\u00e9v\u00e9nement.<\/p>\n<p class=\"fig-paragraph\">Plus vraiment unique, la f\u00eate des Lumi\u00e8res est \u00e0 la crois\u00e9e des chemins. Retrouver son sens initial sans perdre de sa popularit\u00e9. Rester grand public sans participer au tourisme de masse. Se d\u00e9ployer partout en ville tout en garantissant la s\u00e9curit\u00e9 des visiteurs. Une \u00e9quation compliqu\u00e9e que la prochaine majorit\u00e9 aura la charge de r\u00e9soudre.<\/p>\n<p class=\"fig-frame__title\">L\u2019histoire de la f\u00eate des Lumi\u00e8res et du 8 d\u00e9cembre<\/p>\n<p>Protectrice de la ville de Lyon depuis le 17e si\u00e8cle, la Vierge Marie est remerci\u00e9e en 1852 par la cr\u00e9ation d\u2019une statue qui doit \u00eatre inaugur\u00e9e le 8 septembre, jour de la f\u00eate de la nativit\u00e9 et jour du v\u0153u des \u00e9chevins \u00e0 Lyon. Mais une crue de la Sa\u00f4ne emp\u00eache le transport de la statue ce jour-l\u00e0. L\u2019archev\u00each\u00e9 d\u00e9cide alors de reporter au 8 d\u00e9cembre, F\u00eate de l\u2019Immacul\u00e9e Conception, l\u2019installation de l\u2019\u0153uvre. Le 8 d\u00e9cembre, le temps est de nouveau peu cl\u00e9ment et la c\u00e9r\u00e9monie va \u00eatre de nouveau annul\u00e9e. Mais \u00e0 la faveur d\u2019une \u00e9claircie les Lyonnais descendent dans les rues, disposent des lumignons pour illuminer leurs fen\u00eatres et \u00e9clairent la statue de la chapelle de Notre-Dame-de-Fourviere pour rendre hommage \u00e0 la vierge.<\/p>\n","protected":false},"excerpt":{"rendered":"Toujours pris\u00e9e des visiteurs, la f\u00eate des Lumi\u00e8res commence toutefois \u00e0 lasser entre Rh\u00f4ne et Sa\u00f4ne. Plusieurs candidats&hellip;\n","protected":false},"author":2,"featured_media":590060,"comment_status":"","ping_status":"","sticky":false,"template":"","format":"standard","meta":{"footnotes":""},"categories":[1889],"tags":[1111,11,2430,1777,674,48836,1011,27,5226,5227,2428,12,25],"class_list":{"0":"post-590059","1":"post","2":"type-post","3":"status-publish","4":"format-standard","5":"has-post-thumbnail","7":"category-lyon","8":"tag-actu","9":"tag-actualites","10":"tag-auvergne-rhone-alpes","11":"tag-eu","12":"tag-europe","13":"tag-fete-des-lumieres","14":"tag-fr","15":"tag-france","16":"tag-gregory-doucet","17":"tag-jean-michel-aulas","18":"tag-lyon","19":"tag-news","20":"tag-republique-francaise"},"share_on_mastodon":{"url":"https:\/\/pubeurope.com\/@fr\/115693820539963126","error":""},"_links":{"self":[{"href":"https:\/\/www.europesays.com\/fr\/wp-json\/wp\/v2\/posts\/590059","targetHints":{"allow":["GET"]}}],"collection":[{"href":"https:\/\/www.europesays.com\/fr\/wp-json\/wp\/v2\/posts"}],"about":[{"href":"https:\/\/www.europesays.com\/fr\/wp-json\/wp\/v2\/types\/post"}],"author":[{"embeddable":true,"href":"https:\/\/www.europesays.com\/fr\/wp-json\/wp\/v2\/users\/2"}],"replies":[{"embeddable":true,"href":"https:\/\/www.europesays.com\/fr\/wp-json\/wp\/v2\/comments?post=590059"}],"version-history":[{"count":0,"href":"https:\/\/www.europesays.com\/fr\/wp-json\/wp\/v2\/posts\/590059\/revisions"}],"wp:featuredmedia":[{"embeddable":true,"href":"https:\/\/www.europesays.com\/fr\/wp-json\/wp\/v2\/media\/590060"}],"wp:attachment":[{"href":"https:\/\/www.europesays.com\/fr\/wp-json\/wp\/v2\/media?parent=590059"}],"wp:term":[{"taxonomy":"category","embeddable":true,"href":"https:\/\/www.europesays.com\/fr\/wp-json\/wp\/v2\/categories?post=590059"},{"taxonomy":"post_tag","embeddable":true,"href":"https:\/\/www.europesays.com\/fr\/wp-json\/wp\/v2\/tags?post=590059"}],"curies":[{"name":"wp","href":"https:\/\/api.w.org\/{rel}","templated":true}]}}