{"id":590061,"date":"2025-12-10T06:20:17","date_gmt":"2025-12-10T06:20:17","guid":{"rendered":"https:\/\/www.europesays.com\/fr\/590061\/"},"modified":"2025-12-10T06:20:17","modified_gmt":"2025-12-10T06:20:17","slug":"le-gang-georgien-des-cambrioleurs-a-lacide-juge-pour-une-vingtaine-de-casses-dans-toute-lile-de-france","status":"publish","type":"post","link":"https:\/\/www.europesays.com\/fr\/590061\/","title":{"rendered":"Le gang g\u00e9orgien des cambrioleurs \u00e0 l\u2019acide jug\u00e9 pour une vingtaine de casses dans toute l\u2019\u00cele-de-France"},"content":{"rendered":"<p class=\"paragraph text_align_left lp-f-body-02\">Ces hommes \u00e2g\u00e9s de 37 \u00e0 42 ans sont soup\u00e7onn\u00e9s d\u2019avoir organis\u00e9 et accompli des raids au cours des \u00e9t\u00e9s 2022 et 2023. Les enqu\u00eateurs ont recens\u00e9 environ 80 cambriolages \u00e0 l\u2019acide \u00e0 Paris, dans les Hauts-de-Seine, la Seine-Saint-Denis, le Val-de-Marne et l\u2019Essonne. Au terme des investigations, les pr\u00e9venus sont poursuivis pour une vingtaine de casses commis parfois dans une m\u00eame r\u00e9sidence, le m\u00eame jour.<\/p>\n","protected":false},"excerpt":{"rendered":"Ces hommes \u00e2g\u00e9s de 37 \u00e0 42 ans sont soup\u00e7onn\u00e9s d\u2019avoir organis\u00e9 et accompli des raids au cours&hellip;\n","protected":false},"author":2,"featured_media":590062,"comment_status":"","ping_status":"","sticky":false,"template":"","format":"standard","meta":{"footnotes":""},"categories":[1592],"tags":[1111,11,1777,674,1011,27,3314,662,1944,12,626,25],"class_list":{"0":"post-590061","1":"post","2":"type-post","3":"status-publish","4":"format-standard","5":"has-post-thumbnail","7":"category-ile-de-france","8":"tag-actu","9":"tag-actualites","10":"tag-eu","11":"tag-europe","12":"tag-fr","13":"tag-france","14":"tag-hauts-de-seine","15":"tag-ile-de-france","16":"tag-ma-ville","17":"tag-news","18":"tag-paris","19":"tag-republique-francaise"},"share_on_mastodon":{"url":"https:\/\/pubeurope.com\/@fr\/115693828581187880","error":""},"_links":{"self":[{"href":"https:\/\/www.europesays.com\/fr\/wp-json\/wp\/v2\/posts\/590061","targetHints":{"allow":["GET"]}}],"collection":[{"href":"https:\/\/www.europesays.com\/fr\/wp-json\/wp\/v2\/posts"}],"about":[{"href":"https:\/\/www.europesays.com\/fr\/wp-json\/wp\/v2\/types\/post"}],"author":[{"embeddable":true,"href":"https:\/\/www.europesays.com\/fr\/wp-json\/wp\/v2\/users\/2"}],"replies":[{"embeddable":true,"href":"https:\/\/www.europesays.com\/fr\/wp-json\/wp\/v2\/comments?post=590061"}],"version-history":[{"count":0,"href":"https:\/\/www.europesays.com\/fr\/wp-json\/wp\/v2\/posts\/590061\/revisions"}],"wp:featuredmedia":[{"embeddable":true,"href":"https:\/\/www.europesays.com\/fr\/wp-json\/wp\/v2\/media\/590062"}],"wp:attachment":[{"href":"https:\/\/www.europesays.com\/fr\/wp-json\/wp\/v2\/media?parent=590061"}],"wp:term":[{"taxonomy":"category","embeddable":true,"href":"https:\/\/www.europesays.com\/fr\/wp-json\/wp\/v2\/categories?post=590061"},{"taxonomy":"post_tag","embeddable":true,"href":"https:\/\/www.europesays.com\/fr\/wp-json\/wp\/v2\/tags?post=590061"}],"curies":[{"name":"wp","href":"https:\/\/api.w.org\/{rel}","templated":true}]}}