{"id":590063,"date":"2025-12-10T06:21:11","date_gmt":"2025-12-10T06:21:11","guid":{"rendered":"https:\/\/www.europesays.com\/fr\/590063\/"},"modified":"2025-12-10T06:21:11","modified_gmt":"2025-12-10T06:21:11","slug":"flixbus-ouvre-une-nouvelle-gare-a-porte-maillot-des-le-15-decembre-avant-la-fermeture-de-bercy","status":"publish","type":"post","link":"https:\/\/www.europesays.com\/fr\/590063\/","title":{"rendered":"FlixBus ouvre une nouvelle gare \u00e0 Porte Maillot d\u00e8s le 15 d\u00e9cembre avant la fermeture de Bercy"},"content":{"rendered":"<p>                    Par<br \/>\n        <strong><br \/>\n            <a href=\"https:\/\/actu.fr\/auteur\/dorinegoth\" title=\"Consulter tous les articles de Dorine Goth\" target=\"_blank\" rel=\"noopener\">Dorine Goth<\/a><br \/>\n                    <\/strong><\/p>\n<p>        Publi\u00e9 le<\/p>\n<p>            10 d\u00e9c. 2025 \u00e0 7h16        <\/p>\n<p>Elle va absorber une partie du trafic de la gare routi\u00e8re de Bercy. Lundi 15\u00a0d\u00e9cembre 2025, FlixBus inaugurera la nouvelle gare de Pershing-Porte Maillot. Les premiers d\u00e9parts seront r\u00e9alis\u00e9s \u00e0 7\u00a0heures, \u00e0 destination de Bruxelles, Rennes, Caen ou Rouen. Elle devrait accueillir entre <strong>30\u2009% et 50\u2009% de l\u2019activit\u00e9 de Bercy<\/strong>, soit 2,5\u00a0millions de passagers, avant sa <a href=\"https:\/\/actu.fr\/ile-de-france\/paris_75056\/a-paris-la-vetuste-gare-routiere-de-bercy-finalement-maintenue-jusqu-en-2030_62340306.html\" target=\"_blank\" rel=\"noopener\">fermeture d\u00e9finitive en 2030<\/a>. \u00ab\u00a0\u00a0\u00bbD\u00e9lest\u00e9e d\u2019une partie de son activit\u00e9 la gare devrait retrouver une forme de qui\u00e9tude que certains riverains appelaient de leurs v\u0153ux\u00a0\u00bb, commente <a href=\"https:\/\/actu.fr\/economie\/flixbus-blablacar-10-ans-apres-les-cars-macron-seduisent-toujours-malgre-des-infrastructures-obsoletes_63018629.html\" target=\"_blank\" rel=\"noopener\">FlixBus<\/a>.<\/p>\n<p>D\u00e9sengorger Bercy<\/p>\n<p class=\" wall-content\">Cette nouvelle infrastructure est le fruit d\u2019un consensus apr\u00e8s <a href=\"https:\/\/actu.fr\/ile-de-france\/paris_75056\/fermeture-de-la-gare-routiere-de-bercy-flixbus-veut-un-nouveau-site-dans-paris-ou-avec-le-metro_60497353.html\" target=\"_blank\" rel=\"noopener\">l\u2019annonce surprise<\/a> de la Ville de Paris de <strong>fermer sa seule gare routi\u00e8re dans Paris<\/strong> intra-muros apr\u00e8s les <a href=\"https:\/\/actu.fr\/tag\/jo-paris-2024\" target=\"_blank\" rel=\"noopener\">Jeux olympiques et paralympiques de Paris 2024<\/a>. \u00ab\u2009Si les prestations offertes par la gare de Bercy n\u2019\u00e9taient objectivement pas \u00e0 la hauteur, Paris ne pouvait toutefois pas demeurer la seule capitale europ\u00e9enne d\u00e9pourvue d\u2019une gare routi\u00e8re r\u00e9pondant aux standards d\u2019accueil de millions de passagers\u2009\u00bb, plaide FlixBus.<\/p>\n<p class=\" wall-content\">Un bras de fer s\u2019\u00e9tait alors engag\u00e9 entre la Ville et les op\u00e9rateurs, avec en arbitre <a href=\"https:\/\/actu.fr\/politique\/francois-durovray-nomme-ministre-delegue-aux-transports-un-domaine-qu-il-connait-bien_61639247.html\" target=\"_blank\" rel=\"noopener\">Fran\u00e7ois Durovray<\/a>, alors ministre des Transports et Marc Guillaume, pr\u00e9fet de la r\u00e9gion \u00cele-de-France. Les n\u00e9gociations ont abouti en l\u2019ouverture du site de Pershing-Porte Maillot et d\u2019un lieu de remise au parking de Douaumont et un report de la fermeture de Bercy \u00e0 2030. Cette nouvelle date co\u00efnciderait avec l\u2019inauguration d\u2019une nouvelle<a href=\"https:\/\/actu.fr\/ile-de-france\/saint-denis_93066\/fermeture-de-la-gare-routiere-de-bercy-l-option-de-saint-denis-se-precise_61614299.html\" target=\"_blank\" rel=\"noopener\"> gare \u00e0 Saint-Denis Pleyel<\/a>.<\/p>\n<p>Une gare r\u00e9nov\u00e9e<\/p>\n<p class=\" wall-content\">\u00c0 Pershing, FlixBus revient en terrain connu. L\u2019adresse \u00e9tait utilis\u00e9e jusqu\u2019en 2018, avant le lancement des <strong><a href=\"https:\/\/actu.fr\/ile-de-france\/neuilly-sur-seine_92051\/apres-des-annees-de-travaux-l-axe-paris-la-defense-a-neuilly-sur-seine-entame-sa-derniere-ligne-droite_61689398.html\" target=\"_blank\" rel=\"noopener\">travaux de la porte Maillot<\/a><\/strong>. Cette nouvelle gare desservira principalement l\u2019ouest de la France \u00ab\u2009afin d\u2019offrir des temps de trajets optimis\u00e9s pour les passagers\u2009\u00bb.<\/p>\n<p class=\" wall-content\">Au total, les cars Macron partageront <strong>19 quais <\/strong>avec la navette pour l\u2019a\u00e9roport de Beauvais. Sur place, les passagers pourront trouver <strong>trois zones d\u2019attente couvertes,<\/strong> des sanitaires, des guichets de vente de billets. Le lieu sera s\u00e9curis\u00e9 avec des agents de s\u00e9curit\u00e9 pr\u00e9sents jour et nuit. \u00ab\u2009<a href=\"https:\/\/actu.fr\/ile-de-france\/paris_75056\/les-travaux-ont-dure-trop-longtemps-a-paris-les-boutiques-du-palais-des-congres-regrettent-leurs-clients_62513812.html\" target=\"_blank\" rel=\"noopener\">Le centre commercial du Palais des Congr\u00e8s<\/a> \u2013 proposant notamment une offre de restauration compl\u00e8te \u2013 sera accessible aux passagers des cars longue distance entre 10h30 et 19h30\u2009\u00bb, pr\u00e9cise FlixBus. Pour le personnel en gare et les conducteurs, un espace de repos a \u00e9t\u00e9 am\u00e9nag\u00e9.\u00a0<\/p>\n<p class=\" wall-content\">En attendant sa fermeture, la gare de Bercy va conna\u00eetre des<strong> travaux d\u2019embellissement<\/strong> avec un nettoyage en profondeur, de la peinture \u00ab\u2009pour \u00e9claircir les lieux\u2009\u00bb, une am\u00e9lioration des zones d\u2019attente et la r\u00e9novation des sanitaires.<\/p>\n<p class=\" wall-content\">Personnalisez votre actualit\u00e9 en ajoutant vos villes et m\u00e9dias en favori avec <a href=\"https:\/\/moncompte.actu.fr\" title=\"D\u00e9couvez Mon Actu\" rel=\"nofollow noopener\" data-trk=\"{&quot;cta&quot;:{&quot;action&quot;:&quot;https:\\\/\\\/moncompte.actu.fr&quot;,&quot;category&quot;:&quot;mon compte&quot;,&quot;from&quot;:&quot;article footer&quot;,&quot;name&quot;:&quot;Mon actu&quot;,&quot;type&quot;:&quot;cta&quot;}}\" target=\"_blank\">Mon Actu<\/a>.<\/p>\n","protected":false},"excerpt":{"rendered":"Par Dorine Goth Publi\u00e9 le 10 d\u00e9c. 2025 \u00e0 7h16 Elle va absorber une partie du trafic de&hellip;\n","protected":false},"author":2,"featured_media":590064,"comment_status":"","ping_status":"","sticky":false,"template":"","format":"standard","meta":{"footnotes":""},"categories":[1888],"tags":[1111,1928,11,1927,14846,1777,674,1011,27,12,1926,626,1925,25,104,2803],"class_list":{"0":"post-590063","1":"post","2":"type-post","3":"status-publish","4":"format-standard","5":"has-post-thumbnail","7":"category-paris","8":"tag-actu","9":"tag-actu-paris","10":"tag-actualites","11":"tag-actualites-paris","12":"tag-bercy","13":"tag-eu","14":"tag-europe","15":"tag-fr","16":"tag-france","17":"tag-news","18":"tag-news-paris","19":"tag-paris","20":"tag-paris-news","21":"tag-republique-francaise","22":"tag-societe","23":"tag-transport"},"share_on_mastodon":{"url":"https:\/\/pubeurope.com\/@fr\/115693832414873347","error":""},"_links":{"self":[{"href":"https:\/\/www.europesays.com\/fr\/wp-json\/wp\/v2\/posts\/590063","targetHints":{"allow":["GET"]}}],"collection":[{"href":"https:\/\/www.europesays.com\/fr\/wp-json\/wp\/v2\/posts"}],"about":[{"href":"https:\/\/www.europesays.com\/fr\/wp-json\/wp\/v2\/types\/post"}],"author":[{"embeddable":true,"href":"https:\/\/www.europesays.com\/fr\/wp-json\/wp\/v2\/users\/2"}],"replies":[{"embeddable":true,"href":"https:\/\/www.europesays.com\/fr\/wp-json\/wp\/v2\/comments?post=590063"}],"version-history":[{"count":0,"href":"https:\/\/www.europesays.com\/fr\/wp-json\/wp\/v2\/posts\/590063\/revisions"}],"wp:featuredmedia":[{"embeddable":true,"href":"https:\/\/www.europesays.com\/fr\/wp-json\/wp\/v2\/media\/590064"}],"wp:attachment":[{"href":"https:\/\/www.europesays.com\/fr\/wp-json\/wp\/v2\/media?parent=590063"}],"wp:term":[{"taxonomy":"category","embeddable":true,"href":"https:\/\/www.europesays.com\/fr\/wp-json\/wp\/v2\/categories?post=590063"},{"taxonomy":"post_tag","embeddable":true,"href":"https:\/\/www.europesays.com\/fr\/wp-json\/wp\/v2\/tags?post=590063"}],"curies":[{"name":"wp","href":"https:\/\/api.w.org\/{rel}","templated":true}]}}