{"id":590073,"date":"2025-12-10T06:26:18","date_gmt":"2025-12-10T06:26:18","guid":{"rendered":"https:\/\/www.europesays.com\/fr\/590073\/"},"modified":"2025-12-10T06:26:18","modified_gmt":"2025-12-10T06:26:18","slug":"les-etats-unis-se-desengageant-laide-militaire-a-kiev-au-plus-bas","status":"publish","type":"post","link":"https:\/\/www.europesays.com\/fr\/590073\/","title":{"rendered":"Les Etats-Unis se d\u00e9sengageant, l\u2019aide militaire \u00e0 Kiev au plus bas\u2026"},"content":{"rendered":"<p>L\u2019aide militaire \u00e0 l\u2019Ukraine au plus bas<\/p>\n<p>L\u2019aide militaire \u00e0 l\u2019Ukraine pourrait atteindre son plus bas niveau en\u00a02025, a pr\u00e9venu mercredi l\u2019institut de recherche allemand Kiel Institute, les Europ\u00e9ens, qui en fournissent d\u00e9sormais l\u2019essentiel, ne parvenant plus \u00e0 compenser l\u2019arr\u00eat de l\u2019aide am\u00e9ricaine.<\/p>\n<p>Avant de se d\u00e9sengager, \u00e0 l\u2019initiative de Donald Trump de retour \u00e0 la Maison-Blanche en janvier\u00a02025, les Etats-Unis fournissaient plus de la moiti\u00e9 de l\u2019aide militaire. Si les Europ\u00e9ens sont dans un premier temps parvenus \u00e0 compenser, ils ont ensuite flanch\u00e9 depuis le d\u00e9but de l\u2019\u00e9t\u00e9, selon le Kiel Institute.<\/p>\n<p>Sur les dix premiers mois de\u00a02025, 32,5\u00a0milliards d\u2019euros d\u2019aide militaire ont \u00e9t\u00e9 allou\u00e9s \u00e0 l\u2019Ukraine, essentiellement par l\u2019Europe. En seulement deux mois, les alli\u00e9s de l\u2019Ukraine devraient allouer plus de 5\u00a0milliards d\u2019euros pour \u00e9galer la plus faible ann\u00e9e (37,6\u00a0milliards allou\u00e9s en\u00a02022) et plus de 9\u00a0milliards pour s\u2019inscrire dans la moyenne de 41,6\u00a0milliards annuels vers\u00e9s entre\u00a02022 et\u00a02024. Or de juillet \u00e0 octobre, seulement 2\u00a0milliards d\u2019euros ont \u00e9t\u00e9 allou\u00e9s en moyenne chaque mois.<\/p>\n<p>Selon les chercheurs du Kiel Institute, la France, l\u2019Allemagne et le Royaume-Uni ont doubl\u00e9 voire tripl\u00e9 leurs contributions respectives, tandis que le soutien de l\u2019Italie a baiss\u00e9 de 15\u00a0% et que l\u2019Espagne n\u2019a allou\u00e9 aucune nouvelle aide militaire en\u00a02025.<\/p>\n<p>Zelensky \u00ab\u00a0pr\u00eat\u00a0\u00bb \u00e0 organiser des \u00e9lections apr\u00e8s les critiques de Trump<\/p>\n<p>Volodymyr Zelensky a assur\u00e9 mardi \u00eatre \u00ab\u00a0pr\u00eat\u00a0\u00bb \u00e0 organiser des \u00e9lections pr\u00e9sidentielles dans son pays, alors que son homologue am\u00e9ricain Donald Trump a de nouveau critiqu\u00e9 l\u2019absence d\u2019\u00e9lections en Ukraine qui fait face depuis bient\u00f4t quatre ans \u00e0 l\u2019invasion russe de son territoire.<\/p>\n<p>\u00ab\u00a0Je suis pr\u00eat pour des \u00e9lections\u00a0\u00bb, a d\u00e9clar\u00e9 le pr\u00e9sident ukrainien \u00e0 des journalistes, ajoutant que la tenue d\u2019\u00e9lections \u00e9tait conditionn\u00e9e \u00e0 la s\u00e9curit\u00e9 et qu\u2019il demandait \u00e9galement aux d\u00e9put\u00e9s de pr\u00e9parer \u00ab\u00a0des propositions sur la possibilit\u00e9 d\u2019amender les fondements l\u00e9gislatifs et la loi sur les \u00e9lections sous loi martiale\u00a0\u00bb.<\/p>\n<p>Bienvenue dans ce nouveau Live<\/p>\n<p>Bonjour \u00e0 toutes et \u00e0 tous. Comme chaque jour, la r\u00e9daction de 20 Minutes est mobilis\u00e9e pour vous donner l\u2019ensemble des informations sur le conflit entre Kiev et Moscou. Sur le terrain les armes continuent de parler alors que dans le m\u00eame temps se tiennent de difficiles n\u00e9gociations men\u00e9es par les Etats-Unis pour mettre fin \u00e0 la guerre.<\/p>\n","protected":false},"excerpt":{"rendered":"L\u2019aide militaire \u00e0 l\u2019Ukraine au plus bas L\u2019aide militaire \u00e0 l\u2019Ukraine pourrait atteindre son plus bas niveau en\u00a02025,&hellip;\n","protected":false},"author":2,"featured_media":590074,"comment_status":"","ping_status":"","sticky":false,"template":"","format":"standard","meta":{"footnotes":""},"categories":[1590],"tags":[47,11,75,73,1777,674,131,74,12,132,220,555,133,135,134],"class_list":{"0":"post-590073","1":"post","2":"type-post","3":"status-publish","4":"format-standard","5":"has-post-thumbnail","7":"category-ukraine","8":"tag-actualite","9":"tag-actualites","10":"tag-donald-trump","11":"tag-etats-unis","12":"tag-eu","13":"tag-europe","14":"tag-guerre-en-ukraine","15":"tag-monde","16":"tag-news","17":"tag-russie","18":"tag-ukraine","19":"tag-union-europeenne-ue","20":"tag-video","21":"tag-vladimir-poutine","22":"tag-volodymyr-zelensky"},"share_on_mastodon":{"url":"https:\/\/pubeurope.com\/@fr\/115693852036083864","error":""},"_links":{"self":[{"href":"https:\/\/www.europesays.com\/fr\/wp-json\/wp\/v2\/posts\/590073","targetHints":{"allow":["GET"]}}],"collection":[{"href":"https:\/\/www.europesays.com\/fr\/wp-json\/wp\/v2\/posts"}],"about":[{"href":"https:\/\/www.europesays.com\/fr\/wp-json\/wp\/v2\/types\/post"}],"author":[{"embeddable":true,"href":"https:\/\/www.europesays.com\/fr\/wp-json\/wp\/v2\/users\/2"}],"replies":[{"embeddable":true,"href":"https:\/\/www.europesays.com\/fr\/wp-json\/wp\/v2\/comments?post=590073"}],"version-history":[{"count":0,"href":"https:\/\/www.europesays.com\/fr\/wp-json\/wp\/v2\/posts\/590073\/revisions"}],"wp:featuredmedia":[{"embeddable":true,"href":"https:\/\/www.europesays.com\/fr\/wp-json\/wp\/v2\/media\/590074"}],"wp:attachment":[{"href":"https:\/\/www.europesays.com\/fr\/wp-json\/wp\/v2\/media?parent=590073"}],"wp:term":[{"taxonomy":"category","embeddable":true,"href":"https:\/\/www.europesays.com\/fr\/wp-json\/wp\/v2\/categories?post=590073"},{"taxonomy":"post_tag","embeddable":true,"href":"https:\/\/www.europesays.com\/fr\/wp-json\/wp\/v2\/tags?post=590073"}],"curies":[{"name":"wp","href":"https:\/\/api.w.org\/{rel}","templated":true}]}}