{"id":590081,"date":"2025-12-10T06:30:28","date_gmt":"2025-12-10T06:30:28","guid":{"rendered":"https:\/\/www.europesays.com\/fr\/590081\/"},"modified":"2025-12-10T06:30:28","modified_gmt":"2025-12-10T06:30:28","slug":"confiscation-avoirs-russes-europe-une-crise-politique","status":"publish","type":"post","link":"https:\/\/www.europesays.com\/fr\/590081\/","title":{"rendered":"Confiscation Avoirs Russes Europe : Une Crise Politique"},"content":{"rendered":"<p><img fetchpriority=\"high\" decoding=\"async\" width=\"1024\" height=\"536\" src=\"https:\/\/www.europesays.com\/fr\/wp-content\/uploads\/2025\/12\/Image-LD-6-copie-3-4-1024x536.jpg\" alt=\"Illustration d\u2019une bombe \u00e0 retardement pos\u00e9e sur un coffre-fort aux couleurs de la Russie, symbolisant le risque g\u00e9opolitique et financier li\u00e9 \u00e0 la confiscation des avoirs russes en Europe.\" class=\"wp-image-17525\"  \/>R\u00e9alisation<strong>\u00a0Le Lab Le Diplo<\/strong><\/p>\n<p><strong>Par Olivier d\u2019Auzon \u2013 D\u00e9couvrez son nouvel ouvrage chez Erick Bonnier :\u00a0<\/strong><a href=\"https:\/\/www.erickbonnier-editions.com\/fonds-maghreb-afrique-3-0\" target=\"_blank\" rel=\"noopener\"><strong>AFRIQUE 3.0<\/strong><\/a><strong\/><\/p>\n<p><strong>Le feuilleton des avoirs souverains russes gel\u00e9s \u2014 quelque 300 milliards d\u2019euros immobilis\u00e9s \u00e0 travers l\u2019Union europ\u00e9enne et le G7 \u2014 vire d\u00e9sormais \u00e0 une crise politique majeure. Ce qui n\u2019\u00e9tait \u00e0 l\u2019origine qu\u2019une\u00a0mesure provisoire\u00a0se transforme peu \u00e0 peu en la plus p\u00e9rilleuse tentation que l\u2019Europe ait connue depuis des d\u00e9cennies.<\/strong><\/p>\n<p><strong>Une man\u0153uvre financi\u00e8re titanesque<\/strong><\/p>\n<p>La Commission europ\u00e9enne pousse avec insistance un m\u00e9canisme baptis\u00e9 \u00ab pr\u00eat pour r\u00e9parations \u00bb, destin\u00e9 \u00e0 financer l\u2019Ukraine et garanti par les actifs souverains russes. Les chiffres donnent le vertige : 165 milliards d\u2019euros de ligne de cr\u00e9dit envisag\u00e9e, dont 140 milliards conserv\u00e9s chez Euroclear, en Belgique, et 25 milliards dans les banques priv\u00e9es. \u00c0 l\u2019horizon 2030, la structure pourrait culminer \u00e0 210 milliards.<\/p>\n<p><strong>\u00c0 lire aussi :<\/strong> <a href=\"https:\/\/lediplomate.media\/confiscation-des-avoirs-russes-une-fausse-bonne-idee\/\" target=\"_blank\" rel=\"noreferrer noopener\">Confiscation des avoirs russes : une fausse bonne id\u00e9e<\/a><\/p>\n<p><strong>Une construction juridique sur du sable<\/strong><\/p>\n<p>Or, ce projet repose sur une architecture juridique d\u2019une fragilit\u00e9 extr\u00eame.<\/p>\n<p>M\u00eame la Banque centrale europ\u00e9enne avertit que l\u2019initiative ne dispose que d\u2019un fondement \u00ab\u00a0tr\u00e8s faiblement justifiable sur les plans juridique et financier\u00a0\u00bb. Euroclear s\u2019y oppose frontalement. Quant \u00e0 la Belgique \u2014 gardienne de la plus grande masse d\u2019actifs russes au monde \u2014 elle refuse d\u2019assumer seule les risques, jug\u00e9s\u00a0existentiels.<\/p>\n<p>Malgr\u00e9 cela, la Commission estime pouvoir forcer la d\u00e9cision au moyen d\u2019un vote \u00e0 la majorit\u00e9 qualifi\u00e9e : 15 \u00c9tats sur 27, repr\u00e9sentant 65 % de la population. Autrement dit : l\u2019Europe s\u2019appr\u00eate peut-\u00eatre \u00e0 d\u00e9cider, \u00e0 la majorit\u00e9, du plus grand acte d\u2019expropriation souveraine de l\u2019histoire moderne.<\/p>\n<p>On imagine ais\u00e9ment les fractures politiques internes qu\u2019un tel pr\u00e9c\u00e9dent pourrait provoquer.<\/p>\n<p><strong>\u00c0 lire aussi :<\/strong> <a href=\"https:\/\/lediplomate.media\/decryptage-ukraine-missiles-anglo-francais-negociations-gelees-risque-guerre-sauto-entretient\/\" target=\"_blank\" rel=\"noreferrer noopener\">D\u00c9CRYPTAGE \u2013\u00a0Ukraine\u00a0: Missiles anglo-fran\u00e7ais, n\u00e9gociations gel\u00e9es et le risque d\u2019une guerre qui s\u2019auto-entretient<\/a><\/p>\n<p><strong>Bruxelles met la pression, Bruxelles s\u2019inqui\u00e8te<\/strong><\/p>\n<p>Les man\u0153uvres pour faire c\u00e9der Bruxelles se multiplient. Le pr\u00e9sident de la CDU, Friedrich Merz, a annul\u00e9 une visite en Norv\u00e8ge pour rejoindre en urgence la capitale belge. Il y rencontrera Ursula von der Leyen et surtout le Premier ministre belge Bart De Wever, intraitable sur trois points : le partage du risque, la protection de la liquidit\u00e9, et une r\u00e9partition \u00e9quitable des co\u00fbts.<\/p>\n<p>La Belgique refuse de devenir la cible privil\u00e9gi\u00e9e de poursuites internationales si la Russie engage une action \u2014 ce qu\u2019elle fera sans h\u00e9siter.<\/p>\n<p>Et elle a de quoi trembler : selon les trait\u00e9s d\u2019investissement en vigueur, les indemnisations pour expropriation ill\u00e9gale pourraient d\u00e9passer la valeur m\u00eame des actifs confisqu\u00e9s. Moscou, de son c\u00f4t\u00e9, menace d\u00e9j\u00e0 d\u2019une \u00ab r\u00e9ponse s\u00e9v\u00e8re \u00bb.<\/p>\n<p><strong>\u00c0 lire aussi : <\/strong><a href=\"https:\/\/lediplomate.media\/analyse-pekin-debiteurs-africains-cheques-en-blanc\/\" target=\"_blank\" rel=\"noreferrer noopener\">ANALYSE \u2013 P\u00e9kin et ses d\u00e9biteurs africains : La fin des ch\u00e8ques en blanc<\/a><\/p>\n<p><strong>Paris se ravise, Washington pr\u00e9pare une autre strat\u00e9gie<\/strong><\/p>\n<p>Un signe ne trompe pas : m\u00eame la France, longtemps partisane d\u2019une ligne dure, recule. Le ministre des Affaires \u00e9trang\u00e8res, Jean-No\u00ebl Barrot, admet d\u00e9sormais que l\u2019objectif du sommet du 18 d\u00e9cembre 2025 pourrait se limiter\u2026 \u00e0\u00a0prolonger le gel. Une reconnaissance implicite de l\u2019impasse politico-juridique dans laquelle s\u2019est enferm\u00e9e l\u2019Union.<\/p>\n<p>Plus troublant encore : selon\u00a0Politico, l\u2019Administration Trump aurait d\u00e9j\u00e0 indiqu\u00e9 en priv\u00e9 qu\u2019une fois un accord de paix conclu, Washington rendrait les avoirs souverains russes \u00e0 Moscou. De quoi isoler davantage l\u2019Union europ\u00e9enne dans une aventure risqu\u00e9e.<\/p>\n<p><strong>\u00c0 lire aussi :<\/strong> <a href=\"https:\/\/lediplomate.media\/ue-cooperation-afrique-du-sud\/\" target=\"_blank\" rel=\"noreferrer noopener\">ANALYSE \u2013 L\u2019UE intensifie sa coop\u00e9ration avec l\u2019Afrique du Sud alors que les relations avec les \u00c9tats-Unis se d\u00e9t\u00e9riorent<\/a><\/p>\n<p><strong>Une Europe \u00e0 court d\u2019argent, d\u2019unit\u00e9 et de temps<\/strong><\/p>\n<p>L\u2019acharnement avec lequel Bruxelles tente de faire passer ce m\u00e9canisme r\u00e9v\u00e8le moins une strat\u00e9gie punitive coh\u00e9rente qu\u2019un sympt\u00f4me : celui d\u2019une crise financi\u00e8re latente, qu\u2019on cherche \u00e0 masquer sous un geste politique spectaculaire.<\/p>\n<p>\u00c0 l\u2019approche du sommet de d\u00e9cembre, une inqui\u00e9tude grandit : et si, en voulant sanctionner la Russie, l\u2019Union europ\u00e9enne ne faisait que se d\u00e9chirer elle-m\u00eame ?<\/p>\n<p><strong>\u00c0 lire aussi :<\/strong> <a href=\"https:\/\/lediplomate.media\/analyse-future-rencontre-trump-poutine-marchandage-planetaire\/\" target=\"_blank\" rel=\"noreferrer noopener\">ANALYSE \u2013 Future rencontre Trump\/Poutine\u00a0: Vers un marchandage plan\u00e9taire\u2026<\/a><\/p>\n<p>#avoirsrusses, #Russie, #UnionEurop\u00e9enne, #UE, #gelDesAvoirs, #confiscation, #detteUkraine, #pr\u00eatDeR\u00e9parations, #Euroclear, #Belgique, #Ukraine, #guerreUkraine, #politiqueEurope, #financeInternationales, #sanctionsRussie, #criseEurope, #risqueJuridique, #s\u00e9curit\u00e9Financi\u00e8re, #expropriation, #actifsGel\u00e9s, #droitInternational, #impactG\u00e9opolitique, #R\u00e9parationsDeGuerre, #stabilit\u00e9\u00c9conomique, #solidarit\u00e9Ukraine, #Bruxelles, #pouvoirEurop\u00e9en, #transfertDeDette, #avenirDeLEurope, #polarisationPolitique, #UnionFragile, #menaceRusse, #revancheMoscou, #choixDifficile, #\u00e9croulementFinancier, #UE2025, #int\u00e9r\u00eatGeler, #EuroclearBelgique, #financementUkraine<\/p>\n<p><img loading=\"lazy\" decoding=\"async\" src=\"https:\/\/www.europesays.com\/fr\/wp-content\/uploads\/2025\/10\/auzon-mini.jpg\" width=\"100\" height=\"100\" alt=\"Olivier Auzon\" itemprop=\"image\"\/><\/p>\n<p>Olivier d\u2019Auzon est consultant juriste aupr\u00e8s des Nations unies, de l\u2019Union europ\u00e9enne et de la Banque mondiale. Il a notamment publi\u00e9 : Piraterie maritime d\u2019aujourd\u2019hui (VA \u00c9ditions), Et si l\u2019Eurasie repr\u00e9sentait \u00ab la nouvelle fronti\u00e8re \u00bb ? (VA \u00c9ditions), L\u2019Inde face \u00e0 son destin (Lavauzelle), ou encore La Revanche de Poutine (Erick Bonnier).<\/p>\n","protected":false},"excerpt":{"rendered":"R\u00e9alisation\u00a0Le Lab Le Diplo Par Olivier d\u2019Auzon \u2013 D\u00e9couvrez son nouvel ouvrage chez Erick Bonnier :\u00a0AFRIQUE 3.0 Le&hellip;\n","protected":false},"author":2,"featured_media":590082,"comment_status":"","ping_status":"","sticky":false,"template":"","format":"standard","meta":{"footnotes":""},"categories":[1586],"tags":[11,1020,33,1777,674,1011,27,12,25,132,364],"class_list":{"0":"post-590081","1":"post","2":"type-post","3":"status-publish","4":"format-standard","5":"has-post-thumbnail","7":"category-europe","8":"tag-actualites","9":"tag-analyse","10":"tag-economie","11":"tag-eu","12":"tag-europe","13":"tag-fr","14":"tag-france","15":"tag-news","16":"tag-republique-francaise","17":"tag-russie","18":"tag-union-europeenne"},"share_on_mastodon":{"url":"https:\/\/pubeurope.com\/@fr\/115693868619432196","error":""},"_links":{"self":[{"href":"https:\/\/www.europesays.com\/fr\/wp-json\/wp\/v2\/posts\/590081","targetHints":{"allow":["GET"]}}],"collection":[{"href":"https:\/\/www.europesays.com\/fr\/wp-json\/wp\/v2\/posts"}],"about":[{"href":"https:\/\/www.europesays.com\/fr\/wp-json\/wp\/v2\/types\/post"}],"author":[{"embeddable":true,"href":"https:\/\/www.europesays.com\/fr\/wp-json\/wp\/v2\/users\/2"}],"replies":[{"embeddable":true,"href":"https:\/\/www.europesays.com\/fr\/wp-json\/wp\/v2\/comments?post=590081"}],"version-history":[{"count":0,"href":"https:\/\/www.europesays.com\/fr\/wp-json\/wp\/v2\/posts\/590081\/revisions"}],"wp:featuredmedia":[{"embeddable":true,"href":"https:\/\/www.europesays.com\/fr\/wp-json\/wp\/v2\/media\/590082"}],"wp:attachment":[{"href":"https:\/\/www.europesays.com\/fr\/wp-json\/wp\/v2\/media?parent=590081"}],"wp:term":[{"taxonomy":"category","embeddable":true,"href":"https:\/\/www.europesays.com\/fr\/wp-json\/wp\/v2\/categories?post=590081"},{"taxonomy":"post_tag","embeddable":true,"href":"https:\/\/www.europesays.com\/fr\/wp-json\/wp\/v2\/tags?post=590081"}],"curies":[{"name":"wp","href":"https:\/\/api.w.org\/{rel}","templated":true}]}}