{"id":590087,"date":"2025-12-10T06:33:14","date_gmt":"2025-12-10T06:33:14","guid":{"rendered":"https:\/\/www.europesays.com\/fr\/590087\/"},"modified":"2025-12-10T06:33:14","modified_gmt":"2025-12-10T06:33:14","slug":"brigitte-macron-se-savait-filmee-au-spectacle-dary-abittan-lagence-de-mimi-marchand-deplore-une-bourde","status":"publish","type":"post","link":"https:\/\/www.europesays.com\/fr\/590087\/","title":{"rendered":"Brigitte Macron se savait film\u00e9e au spectacle d\u2019Ary Abittan, l\u2019agence de Mimi Marchand d\u00e9plore une bourde"},"content":{"rendered":"<p>        <img decoding=\"async\" loading=\"lazy\" src=\"https:\/\/www.europesays.com\/fr\/wp-content\/uploads\/2025\/12\/096a37b_upload-1-1qyybwmkamgx-afp-20251208-hl-quentindegroeve-2984786-v1-highres-francepoliticscroat.jpeg\"  width=\"728\" height=\"409\" alt=\"La vid\u00e9o dans laquelle Brigitte Macron insulte des f\u00e9ministes de \u00ab\u00a0sales connes\u00a0\u00bb a \u00e9t\u00e9 diffus\u00e9e \u00e0 la presse people \u00e0 la suite d\u2019une bourde de l\u2019agence Bestimage, explique cette derni\u00e8re ce mardi 9\u00a0d\u00e9cembre.\"\/>  <\/p>\n<p>QUENTIN DE GROEVE \/ Hans Lucas via AFP<\/p>\n<p>La vid\u00e9o dans laquelle Brigitte Macron insulte des f\u00e9ministes de \u00ab\u00a0sales connes\u00a0\u00bb a \u00e9t\u00e9 diffus\u00e9e \u00e0 la presse people \u00e0 la suite d\u2019une bourde de l\u2019agence Bestimage, explique cette derni\u00e8re ce mardi 9\u00a0d\u00e9cembre.<\/p>\n<p class=\"asset asset-text\">La piste de \u00ab\u00a0l\u2019erreur\u00a0\u00bb. L\u2019agence Bestimage dirig\u00e9e par la reine des paparazzi<a href=\"https:\/\/www.huffingtonpost.fr\/justice\/article\/mimi-marchand-reine-des-paparazzi-condamnee-pour-avoir-fait-chanter-karine-le-marchand_252062.html\" target=\"_blank\" rel=\"noopener\" title=\"Nouvelle fen\u00eatre\"> Mimi Marchand<\/a>, \u00e9galement connue pour \u00eatre une amie de <a href=\"https:\/\/www.huffingtonpost.fr\/france\/article\/brigitte-macron-qualifie-de-sales-connes-des-militantes-qui-ont-interrompu-un-spectacle-d-ary-abittan_258003.html\" target=\"_blank\" rel=\"noopener\" title=\"Nouvelle fen\u00eatre\">Brigitte Macron<\/a>, avait obtenu \u00ab\u00a0l\u2019exclusivit\u00e9 des coulisses\u00a0\u00bb du spectacle de l\u2019humoriste Ary Abittan. Par cons\u00e9quent, l\u2019agence est \u00e0 l\u2019origine de la diffusion de la vid\u00e9o dans laquelle la premi\u00e8re dame insulte les militantes f\u00e9ministes venues interrompre la repr\u00e9sentation de l\u2019acteur accus\u00e9 de viol, rapportent notamment <a href=\"https:\/\/www.mediapart.fr\/journal\/france\/091225\/brigitte-macron-et-les-sales-connes-l-antifeminisme-l-elysee?utm_source=global&amp;utm_medium=social&amp;utm_campaign=SharingApp&amp;xtor=CS3-5\" target=\"_blank\" rel=\"noopener\" title=\"Nouvelle fen\u00eatre\">Mediapart<\/a> et <a href=\"https:\/\/www.leparisien.fr\/culture-loisirs\/tv\/le-sales-connes-de-brigitte-macron-les-coulisses-dune-video-polemique-devoilee-par-erreur-09-12-2025-I6TOFU5WSJG6FK5J6B2KR5UUZU.php\" target=\"_blank\" rel=\"noopener\" title=\"Nouvelle fen\u00eatre\">Le Parisien<\/a>.<\/p>\n<p class=\"asset asset-text\">\u00ab\u00a0Si les d\u00e9fenseurs de Brigitte Macron parlent d\u2019une vid\u00e9o vol\u00e9e ou priv\u00e9e, elle se savait pourtant tr\u00e8s bien film\u00e9e\u00a0\u00bb, indique David Perrotin, journaliste \u00e0 Mediapart, <a href=\"https:\/\/x.com\/davidperrotin\/status\/1998471455861063754?t=9azewk3Lj8hDVwmmdQZ8ZA&amp;s=19\" target=\"_blank\" rel=\"noopener\" title=\"Nouvelle fen\u00eatre\">sur son compte X<\/a>. L\u2019article du journal d\u2019investigation rappelle par ailleurs que Mimi Marchand a \u0153uvr\u00e9 ses derni\u00e8res ann\u00e9es \u00e0 la communication du couple Macron, ce qui explique pourquoi Brigitte Macron n\u2019avait pas de pudeur \u00e0 s\u2019adresser \u00e0 la cam\u00e9ra. L\u2019\u00c9lys\u00e9e a d\u2019ailleurs fini par assumer les propos de l\u2019\u00e9pouse du pr\u00e9sident.<\/p>\n<p class=\"asset asset-text\">Sauf que la vid\u00e9o n\u2019aurait jamais d\u00fb sortir, d\u2019apr\u00e8s les informations du<a href=\"https:\/\/www.leparisien.fr\/culture-loisirs\/tv\/le-sales-connes-de-brigitte-macron-les-coulisses-dune-video-polemique-devoilee-par-erreur-09-12-2025-I6TOFU5WSJG6FK5J6B2KR5UUZU.php\" target=\"_blank\" rel=\"noopener\" title=\"Nouvelle fen\u00eatre\"> Parisien <\/a>et de Mediapart confirm\u00e9es mardi 9\u00a0d\u00e9cembre \u00e0 l\u2019AFP par Bestimage.<\/p>\n<p>    Mimi Marchand ne travaillait pas, selon l\u2019agence    <\/p>\n<p class=\"asset asset-text\">En effet, les images, r\u00e9alis\u00e9es par un photographe vid\u00e9aste de l\u2019agence sp\u00e9cialis\u00e9e dans l\u2019actualit\u00e9 people, ont \u00e9t\u00e9 vendues \u00e0 Paris Match, Closer et Public, mais sans que le son ni les dialogues n\u2019aient \u00e9t\u00e9 v\u00e9rifi\u00e9s, selon Bestimage. Public, qui a re\u00e7u la s\u00e9quence pol\u00e9mique, n\u2019a pas confirm\u00e9 au Parisien l\u2019avoir obtenue via Bestimage.<\/p>\n<p class=\"asset asset-text\">\u00ab\u00a0Notre photographe a pr\u00e9sent\u00e9 sa d\u00e9mission, mais nous l\u2019avons refus\u00e9e. C\u2019est un excellent professionnel, responsable mais pas coupable\u00a0\u00bb, a pr\u00e9cis\u00e9 le service vid\u00e9o de Bestimage \u00e0 nos confr\u00e8res.<\/p>\n<p class=\"asset asset-text\">Mimi Marchand, qui veille habituellement sur les images envoy\u00e9es, \u00e9tait absente en raison d\u2019un deuil, selon l\u2019agence.<\/p>\n<p class=\"asset asset-text\">Samedi soir, quatre militantes du collectif f\u00e9ministe #NousToutes, portant des masques \u00e0 l\u2019effigie d\u2019Ary Abittan avec la mention \u00ab\u00a0violeur\u00a0\u00bb, ont interrompu son spectacle dans la salle parisienne des Folies Berg\u00e8re, selon cette organisation.<\/p>\n<p class=\"asset asset-text\">Fin 2021, l\u2019humoriste a \u00e9t\u00e9 accus\u00e9 de viol par une jeune femme qu\u2019il fr\u00e9quentait depuis quelques semaines. Apr\u00e8s trois ans d\u2019enqu\u00eate, l\u2019instruction a abouti \u00e0 un non-lieu confirm\u00e9 en appel en janvier. Mardi, son avocate a rappel\u00e9 qu\u2019il \u00e9tait \u00ab\u00a0innocent\u00a0\u00bb aux yeux de la justice.<\/p>\n<p class=\"asset asset-text\">Interrog\u00e9 par l\u2019AFP, l\u2019entourage de Brigitte Macron avait assur\u00e9 qu\u2019il ne fallait \u00ab\u00a0voir dans cet \u00e9change qu\u2019une critique de la m\u00e9thode radicale employ\u00e9e\u00a0\u00bb par les militantes.<\/p>\n","protected":false},"excerpt":{"rendered":"QUENTIN DE GROEVE \/ Hans Lucas via AFP La vid\u00e9o dans laquelle Brigitte Macron insulte des f\u00e9ministes de&hellip;\n","protected":false},"author":2,"featured_media":590088,"comment_status":"","ping_status":"","sticky":false,"template":"","format":"standard","meta":{"footnotes":""},"categories":[2],"tags":[11,986,6757,1011,27,500,12,35772,25],"class_list":{"0":"post-590087","1":"post","2":"type-post","3":"status-publish","4":"format-standard","5":"has-post-thumbnail","7":"category-actualites","8":"tag-actualites","9":"tag-brigitte-macron","10":"tag-feminisme","11":"tag-fr","12":"tag-france","13":"tag-medias","14":"tag-news","15":"tag-presse-people","16":"tag-republique-francaise"},"share_on_mastodon":{"url":"https:\/\/pubeurope.com\/@fr\/115693880532758715","error":""},"_links":{"self":[{"href":"https:\/\/www.europesays.com\/fr\/wp-json\/wp\/v2\/posts\/590087","targetHints":{"allow":["GET"]}}],"collection":[{"href":"https:\/\/www.europesays.com\/fr\/wp-json\/wp\/v2\/posts"}],"about":[{"href":"https:\/\/www.europesays.com\/fr\/wp-json\/wp\/v2\/types\/post"}],"author":[{"embeddable":true,"href":"https:\/\/www.europesays.com\/fr\/wp-json\/wp\/v2\/users\/2"}],"replies":[{"embeddable":true,"href":"https:\/\/www.europesays.com\/fr\/wp-json\/wp\/v2\/comments?post=590087"}],"version-history":[{"count":0,"href":"https:\/\/www.europesays.com\/fr\/wp-json\/wp\/v2\/posts\/590087\/revisions"}],"wp:featuredmedia":[{"embeddable":true,"href":"https:\/\/www.europesays.com\/fr\/wp-json\/wp\/v2\/media\/590088"}],"wp:attachment":[{"href":"https:\/\/www.europesays.com\/fr\/wp-json\/wp\/v2\/media?parent=590087"}],"wp:term":[{"taxonomy":"category","embeddable":true,"href":"https:\/\/www.europesays.com\/fr\/wp-json\/wp\/v2\/categories?post=590087"},{"taxonomy":"post_tag","embeddable":true,"href":"https:\/\/www.europesays.com\/fr\/wp-json\/wp\/v2\/tags?post=590087"}],"curies":[{"name":"wp","href":"https:\/\/api.w.org\/{rel}","templated":true}]}}