{"id":590089,"date":"2025-12-10T06:34:19","date_gmt":"2025-12-10T06:34:19","guid":{"rendered":"https:\/\/www.europesays.com\/fr\/590089\/"},"modified":"2025-12-10T06:34:19","modified_gmt":"2025-12-10T06:34:19","slug":"le-vent-lennemi-jure-du-premier-telepherique-dile-de-france","status":"publish","type":"post","link":"https:\/\/www.europesays.com\/fr\/590089\/","title":{"rendered":"Le vent, l\u2019ennemi jur\u00e9 du premier t\u00e9l\u00e9ph\u00e9rique d\u2019\u00cele-de-France"},"content":{"rendered":"<p>S\u00e9rie\u00c9pisode 3Avant son premier voyage le 13 d\u00e9cembre, Le Parisien revient sur l\u2019histoire du premier t\u00e9l\u00e9ph\u00e9rique d\u2019\u00cele-de-France, baptis\u00e9 C\u00e2ble 1. Seul hic\u00a0: des rafales trop fortes \u2014 rares dans la r\u00e9gion \u2014, qui peuvent le contraindre \u00e0 ralentir sa course, voire \u00e0 s\u2019arr\u00eater.<\/p>\n<p class=\"lp-f-ui-04-strong lp-mt-03 lp-mb-01\">Par\u00a0<a href=\"https:\/\/www.leparisien.fr\/auteur\/laure-parny\/\" class=\"lp-link lp-link--underline lp-link--text lp-link--size-ui-04-strong\" target=\"_blank\" rel=\"noopener\">Laure Parny<\/a><\/p>\n<p class=\"lp-f-ui-05 lp-color-text-muted\">Le 10 d\u00e9cembre 2025 \u00e0 07h20, modifi\u00e9 le 10 d\u00e9cembre 2025 \u00e0 07h20<\/p>\n","protected":false},"excerpt":{"rendered":"S\u00e9rie\u00c9pisode 3Avant son premier voyage le 13 d\u00e9cembre, Le Parisien revient sur l\u2019histoire du premier t\u00e9l\u00e9ph\u00e9rique d\u2019\u00cele-de-France, baptis\u00e9&hellip;\n","protected":false},"author":2,"featured_media":590090,"comment_status":"","ping_status":"","sticky":false,"template":"","format":"standard","meta":{"footnotes":""},"categories":[4],"tags":[11,33,1011,27,1944,12,25,1125],"class_list":{"0":"post-590089","1":"post","2":"type-post","3":"status-publish","4":"format-standard","5":"has-post-thumbnail","7":"category-france","8":"tag-actualites","9":"tag-economie","10":"tag-fr","11":"tag-france","12":"tag-ma-ville","13":"tag-news","14":"tag-republique-francaise","15":"tag-val-de-marne"},"share_on_mastodon":{"url":"https:\/\/pubeurope.com\/@fr\/115693883591589751","error":""},"_links":{"self":[{"href":"https:\/\/www.europesays.com\/fr\/wp-json\/wp\/v2\/posts\/590089","targetHints":{"allow":["GET"]}}],"collection":[{"href":"https:\/\/www.europesays.com\/fr\/wp-json\/wp\/v2\/posts"}],"about":[{"href":"https:\/\/www.europesays.com\/fr\/wp-json\/wp\/v2\/types\/post"}],"author":[{"embeddable":true,"href":"https:\/\/www.europesays.com\/fr\/wp-json\/wp\/v2\/users\/2"}],"replies":[{"embeddable":true,"href":"https:\/\/www.europesays.com\/fr\/wp-json\/wp\/v2\/comments?post=590089"}],"version-history":[{"count":0,"href":"https:\/\/www.europesays.com\/fr\/wp-json\/wp\/v2\/posts\/590089\/revisions"}],"wp:featuredmedia":[{"embeddable":true,"href":"https:\/\/www.europesays.com\/fr\/wp-json\/wp\/v2\/media\/590090"}],"wp:attachment":[{"href":"https:\/\/www.europesays.com\/fr\/wp-json\/wp\/v2\/media?parent=590089"}],"wp:term":[{"taxonomy":"category","embeddable":true,"href":"https:\/\/www.europesays.com\/fr\/wp-json\/wp\/v2\/categories?post=590089"},{"taxonomy":"post_tag","embeddable":true,"href":"https:\/\/www.europesays.com\/fr\/wp-json\/wp\/v2\/tags?post=590089"}],"curies":[{"name":"wp","href":"https:\/\/api.w.org\/{rel}","templated":true}]}}