{"id":590104,"date":"2025-12-10T06:47:12","date_gmt":"2025-12-10T06:47:12","guid":{"rendered":"https:\/\/www.europesays.com\/fr\/590104\/"},"modified":"2025-12-10T06:47:12","modified_gmt":"2025-12-10T06:47:12","slug":"qualifie-en-finale-qui-est-thomas-lacrobate-venu-de-seine-et-marne","status":"publish","type":"post","link":"https:\/\/www.europesays.com\/fr\/590104\/","title":{"rendered":"qualifi\u00e9 en finale, qui est Thomas, l&rsquo;acrobate venu de Seine-et-Marne\u00a0?"},"content":{"rendered":"<p>                    Par<br \/>\n        <strong><br \/>\n            <a href=\"https:\/\/actu.fr\/auteur\/geoffrey-faucheux\" title=\"Consulter tous les articles de Geoffrey Faucheux\" target=\"_blank\" rel=\"noopener\">Geoffrey Faucheux<\/a><br \/>\n                    <\/strong><\/p>\n<p>        Publi\u00e9 le<\/p>\n<p>            9 d\u00e9c. 2025 \u00e0 23h32        <\/p>\n<p><a href=\"https:\/\/actu.fr\/ile-de-france\/moret-loing-et-orvanne_77316\/la-france-a-un-incroyable-talent-ce-candidat-de-seine-et-marne-va-vous-eblouir-avec-ses-acrobaties-aeriennes_63417267.html\" target=\"_blank\" rel=\"noopener\">Thomas Rochelet<\/a> continue d\u2019impressionner. Apr\u00e8s avoir obtenu une <a href=\"https:\/\/actu.fr\/ile-de-france\/moret-loing-et-orvanne_77316\/seine-et-marne-thomas-a-conquis-le-jury-de-la-france-a-un-incroyable-talent-avec-son-numero-exceptionnel_63417280.html\" target=\"_blank\" rel=\"noopener\">qualification directe pour les demi-finales<\/a> de La France a un incroyable talent gr\u00e2ce au \u00ab <b>Golden Buzzer<\/b> \u00bb d\u2019<b>Eric Antoine<\/b>, il a une nouvelle fois \u00e9merveill\u00e9 jury et t\u00e9l\u00e9spectateurs, mardi 9\u00a0d\u00e9cembre, sur M6. Gr\u00e2ce \u00e0 un num\u00e9ro de sangles a\u00e9riennes m\u00ealant force et souplesse, l\u2019acrobate de 29 ans, originaire de Veneux-les-Sablons (<a href=\"https:\/\/actu.fr\/la-republique-de-seine-et-marne\/\" target=\"_blank\" rel=\"noopener\">Seine-et-Marne<\/a>) a en effet d\u00e9croch\u00e9 l\u2019un des 10 billets (neuf plus le \u00ab Platinum buzzer \u00bb) pour la grande finale du <b>16 d\u00e9cembre<\/b>.<\/p>\n<p>\u00ab J\u2019ai d\u00fb changer mon num\u00e9ro \u00e0 la derni\u00e8re minute \u00bb<\/p>\n<p class=\" wall-content\">\u00ab Tout s\u2019est merveilleusement bien pass\u00e9. Les juges ont m\u00eame fait <b>des commentaires encore plus beaux <\/b>que lors des auditions. M\u00eame si j\u2019avoue que comme mon nom a \u00e9t\u00e9 l\u2019un des derniers \u00e0 \u00eatre annonc\u00e9 parmi les qualifi\u00e9s, j\u2019ai un petit peu stress\u00e9 \u00bb, reconna\u00eet le jeune homme de 29 ans.<\/p>\n<p class=\" wall-content\">Avant d\u2019int\u00e9grer le monde du cirque, c\u2019est gr\u00e2ce au <b>patinage artistique<\/b> que Thomas a mis le pied dans l\u2019univers du spectacle. Membre du club de <b>Dammarie-l\u00e8s-Lys<\/b> depuis l\u2019\u00e2ge de 10 ans, le jeune homme n\u2019a en effet jamais pris go\u00fbt \u00e0 la comp\u00e9tition et s\u2019est donc tourn\u00e9 vers un autre aspect de ce sport.<\/p>\n<p class=\" wall-content\">Pour lui, outre l\u2019\u00e9motion de la qualification en finale, c\u2019est la pr\u00e9sence de ses proches dans les gradins qui a rendu ce moment encore plus sp\u00e9cial : \u00ab Ma famille est venue, mais j\u2019avais aussi fait venir <b>ma premi\u00e8re entra\u00eeneure de patinage<\/b>. Elle ne m\u2019avait jamais vu en sangles et je lui ai fait verser une petite larme, donc je me suis dit que ma prestation avait d\u00fb \u00eatre assez correcte \u00bb, confie l\u2019acrobate.<\/p>\n<p class=\" wall-content\">Apr\u00e8s plus de 15 ans sur la glace, c\u2019est en<b> janvier 2023<\/b> que le patineur a ouvert un nouveau chapitre de sa vie artistique en s\u2019envolant pour Montr\u00e9al afin de se lancer dans l\u2019univers des sangles a\u00e9riennes :<b> <\/b>\u00ab\u00a0Pendant les spectacles sur glace, il y avait des num\u00e9ros qui n\u2019avaient rien \u00e0 voir avec le patin afin d\u2019apporter de l\u2019originalit\u00e9. Souvent, c\u2019\u00e9tait les sangles a\u00e9riennes, et <b>voir ces acrobates voltiger avec seulement deux lani\u00e8res m\u2019a fascin\u00e9<\/b>\u00ab\u00a0, reconna\u00eet-il.<\/p>\n<p class=\" wall-content\">Autant dire que le changement, \u00e7a le conna\u00eet, et heureusement. En effet, si la performance finale du Veneusien a \u00e9t\u00e9 plus que brillante, la pr\u00e9paration pour cette demi-finale n\u2019a pas \u00e9t\u00e9 de tout repos : \u00ab Les r\u00e9p\u00e9titions ont \u00e9t\u00e9 un peu stressantes, parce que <b>j\u2019ai d\u00fb changer mon num\u00e9ro \u00e0 la derni\u00e8re minute<\/b>. Il a fallu que je rajoute une figure, car musicalement, \u00e7a ne fonctionnait pas, explique-t-il. En effet, \u00e0 La France a un incroyable talent, on travaille avec un moteur, alors qu\u2019\u00e0 l\u2019entra\u00eenement, \u00e0 <b>Montr\u00e9al<\/b>, je m\u2019entra\u00eene avec un syst\u00e8me de poulies, ce qui implique une grosse diff\u00e9rence de timing \u00bb, pr\u00e9cise-t-il.<\/p>\n<p>Votre r\u00e9gion, votre actu !<\/p>\n<p>Recevez chaque jour les infos qui comptent pour vous.<\/p>\n<p>\t<a href=\"https:\/\/actu.fr\/newsletter\" class=\"ac-btn ac-btn--corner ac-btn--medium ac-btn--blue800\" target=\"_blank\" rel=\"noopener\">S&rsquo;incrire<\/a><br \/>\n\u00ab\u00a0L\u2019objectif, c\u2019est de gagner\u00a0\u00bb<\/p>\n<p class=\" wall-content\">Au-del\u00e0 de la fiert\u00e9, c\u2019est surtout le soulagement qui prime pour Thomas Rochelet, apr\u00e8s cette demi-finale : \u00ab <b>La pression est compl\u00e8tement retomb\u00e9e <\/b>\u00bb, souligne-t-il.<\/p>\n<p class=\" wall-content\">Mais pour un acharn\u00e9 de travail comme lui, l\u2019entra\u00eenement a rapidement repris le dessus sur la satisfaction : \u00ab D\u00e8s le lendemain (la demi-finale a \u00e9t\u00e9 enregistr\u00e9e le 15\u00a0novembre, ndlr), je me suis dit que c\u2019\u00e9tait bien d\u2019\u00eatre qualifi\u00e9, mais qu\u2019il fallait <b>tout de suite penser au num\u00e9ro que j\u2019allais faire en finale<\/b>, parce qu\u2019il n\u2019y a pas beaucoup de temps pour se pr\u00e9parer. Donc, je n\u2019ai pas vraiment eu l\u2019occasion de c\u00e9l\u00e9brer \u00bb, confie-t-il.<\/p>\n<p class=\" wall-content\">Et pour cause, en finale, Thomas ne compte pas faire de la figuration : \u00ab Maintenant que j\u2019en suis arriv\u00e9 l\u00e0, je n\u2019y vais pas juste pour participer. <b>L\u2019objectif, c\u2019est de gagner<\/b> \u00bb, r\u00e9v\u00e8le-t-il.<\/p>\n<p class=\" wall-content\">Alors, pour \u00e9blouir le jury et les t\u00e9l\u00e9spectateurs encore plus qu\u2019en demi-finale, le jeune homme veut se d\u00e9marquer : \u00ab J\u2019ai choisi <b>une musique vraiment diff\u00e9rente<\/b> de mes deux premi\u00e8res prestations. Le but, c\u2019est de montrer que je sais performer sur diff\u00e9rents styles de musique, mais aussi de ne pas \u00eatre redondant. Et c\u00f4t\u00e9 figures, c\u2019est pareil, je vais faire <b>quelque chose qui change <\/b>par rapport aux auditions et \u00e0 la demi-finale, hormis une figure que je vais reproduire, parce qu\u2019elle a tr\u00e8s bien fonctionn\u00e9. Ce sera <b>la cerise sur le g\u00e2teau<\/b> \u00bb, conclut-il, avec le sourire.<\/p>\n<p class=\" wall-content\">Rendez-vous donc <b>mardi 16 d\u00e9cembre, \u00e0 21h10<\/b>, sur la cha\u00eene M6, pour suivre la grande finale de Thomas Rochelet et esp\u00e9rer le voir remporter cette \u00e9dition 2025 de La France a un incroyable talent.<\/p>\n<p class=\" wall-content\">Personnalisez votre actualit\u00e9 en ajoutant vos villes et m\u00e9dias en favori avec <a href=\"https:\/\/moncompte.actu.fr\" title=\"D\u00e9couvez Mon Actu\" rel=\"nofollow noopener\" data-trk=\"{&quot;cta&quot;:{&quot;action&quot;:&quot;https:\\\/\\\/moncompte.actu.fr&quot;,&quot;category&quot;:&quot;mon compte&quot;,&quot;from&quot;:&quot;article footer&quot;,&quot;name&quot;:&quot;Mon actu&quot;,&quot;type&quot;:&quot;cta&quot;}}\" target=\"_blank\">Mon Actu<\/a>.<\/p>\n","protected":false},"excerpt":{"rendered":"Par Geoffrey Faucheux Publi\u00e9 le 9 d\u00e9c. 2025 \u00e0 23h32 Thomas Rochelet continue d\u2019impressionner. Apr\u00e8s avoir obtenu une&hellip;\n","protected":false},"author":2,"featured_media":590105,"comment_status":"","ping_status":"","sticky":false,"template":"","format":"standard","meta":{"footnotes":""},"categories":[1356],"tags":[5398,58,59,1011,27,104,252,1364],"class_list":{"0":"post-590104","1":"post","2":"type-post","3":"status-publish","4":"format-standard","5":"has-post-thumbnail","7":"category-television","8":"tag-cirque","9":"tag-divertissement","10":"tag-entertainment","11":"tag-fr","12":"tag-france","13":"tag-societe","14":"tag-television","15":"tag-tv"},"share_on_mastodon":{"url":"https:\/\/pubeurope.com\/@fr\/115693934567380419","error":""},"_links":{"self":[{"href":"https:\/\/www.europesays.com\/fr\/wp-json\/wp\/v2\/posts\/590104","targetHints":{"allow":["GET"]}}],"collection":[{"href":"https:\/\/www.europesays.com\/fr\/wp-json\/wp\/v2\/posts"}],"about":[{"href":"https:\/\/www.europesays.com\/fr\/wp-json\/wp\/v2\/types\/post"}],"author":[{"embeddable":true,"href":"https:\/\/www.europesays.com\/fr\/wp-json\/wp\/v2\/users\/2"}],"replies":[{"embeddable":true,"href":"https:\/\/www.europesays.com\/fr\/wp-json\/wp\/v2\/comments?post=590104"}],"version-history":[{"count":0,"href":"https:\/\/www.europesays.com\/fr\/wp-json\/wp\/v2\/posts\/590104\/revisions"}],"wp:featuredmedia":[{"embeddable":true,"href":"https:\/\/www.europesays.com\/fr\/wp-json\/wp\/v2\/media\/590105"}],"wp:attachment":[{"href":"https:\/\/www.europesays.com\/fr\/wp-json\/wp\/v2\/media?parent=590104"}],"wp:term":[{"taxonomy":"category","embeddable":true,"href":"https:\/\/www.europesays.com\/fr\/wp-json\/wp\/v2\/categories?post=590104"},{"taxonomy":"post_tag","embeddable":true,"href":"https:\/\/www.europesays.com\/fr\/wp-json\/wp\/v2\/tags?post=590104"}],"curies":[{"name":"wp","href":"https:\/\/api.w.org\/{rel}","templated":true}]}}