{"id":590122,"date":"2025-12-10T06:56:19","date_gmt":"2025-12-10T06:56:19","guid":{"rendered":"https:\/\/www.europesays.com\/fr\/590122\/"},"modified":"2025-12-10T06:56:19","modified_gmt":"2025-12-10T06:56:19","slug":"florilege-en-photos-des-principales-reactions-sur-ladoption-du-budget-de-la-secu","status":"publish","type":"post","link":"https:\/\/www.europesays.com\/fr\/590122\/","title":{"rendered":"Floril\u00e8ge en photos des principales r\u00e9actions sur l\u2019adoption du budget de la S\u00e9cu"},"content":{"rendered":"<p><img fetchpriority=\"high\" decoding=\"async\" alt=\"S\u00e9bastien Lecornu est satisfait, il a r\u00e9ussi son pari face \u00e0 une Assembl\u00e9e nationale fragment\u00e9e. \u00ab\u00a0Cette majorit\u00e9 de responsabilit\u00e9 montre que le compromis n\u2019est pas un slogan\u00a0: il permet d\u2019avancer dans le sens de l\u2019int\u00e9r\u00eat g\u00e9n\u00e9ral. Je veux d\u2019abord remercier les d\u00e9put\u00e9s qui soutiennent l\u2019action du Gouvernement et qui, ces derni\u00e8res semaines, ont accept\u00e9 de travailler puis de voter un texte de compromis \u2013 parfois \u00e9loign\u00e9 de leurs propres convictions. [\u2026] Je remercie \u00e9galement les parlementaires de l\u2019opposition, qui ont accept\u00e9 le principe d\u2019un compromis mais aussi compris que le pouvoir \u00e9tait d\u00e9sormais partag\u00e9. [\u2026] Et d\u00e8s demain, il faudra travailler \u00e0 l\u2019adoption d\u2019un budget pour l\u2019Etat. Ce sera difficile. Peut-\u00eatre plus encore que ces derni\u00e8res semaines. Mais l\u2019\u00e9tat d\u2019esprit du Gouvernement ne changera pas\u00a0: l\u2019int\u00e9r\u00eat g\u00e9n\u00e9ral d\u2019abord, sans c\u00e9der ni \u00e0 la f\u00e9brilit\u00e9, ni aux agendas \u00e9lectoraux\u00a0\u00bb, a-t-il \u00e9crit sur X.\" class=\"mb-s@xs radius-0@xs radius-xxs@md c-img\" loading=\"eager\" width=\"640\" height=\"408\" src=\"https:\/\/img.20mn.fr\/MZBdJgEdTaGAhRYgln2Wuyk\/640x408_sebastien-lecornu-est-satisfait-il-a-reussi-son-pari-face-a-une-assemblee-nationale-fragmentee-cette-majorite-de-responsabilite-montre-que-le-compromis-n-est-pas-un-slogan-il-permet-d-avancer-dans-le-sens-de-l-interet-general-je-veux-d-abord-remercier-les-deputes-qui-soutiennent-l-action-du-gouvernement-et-qui-ces-dernieres-semaines-ont-accepte-de-travailler-puis-de-voter-un-texte-de-compromis-parfois-eloigne-de-leurs-propres-convictions-je-remercie-egalement-les-parlementaires-de-l-opposition-qui-ont-accepte-le-principe-d-un-compromis-mais-aussi-compris-que-le-pouvoir-etait-desormais-partage-et-des-demain-il-faudra-travailler-a-l-adoption-d-un-budget-pour-l-etat-ce-sera-difficile-peut-etre-plus-encore-que-ces-dernieres-semaines-mais-l-etat-d-esprit-du-gouvernement-ne-changera-pas-l-interet-general-d-abord-sans-ceder-ni-a-la-febrilite-ni-aux-agendas-electoraux-a-t-il-ecrit-sur-x\" \/>Ian Langsdon\u2002\/\u00a0AFP<\/p>\n<p>S\u00e9bastien Lecornu est satisfait, il a r\u00e9ussi son pari face \u00e0 une Assembl\u00e9e nationale fragment\u00e9e. \u00ab\u00a0Cette majorit\u00e9 de responsabilit\u00e9 montre que le compromis n\u2019est pas un slogan\u00a0: il permet d\u2019avancer dans le sens de l\u2019int\u00e9r\u00eat g\u00e9n\u00e9ral. Je veux d\u2019abord remercier les d\u00e9put\u00e9s qui soutiennent l\u2019action du Gouvernement et qui, ces derni\u00e8res semaines, ont accept\u00e9 de travailler puis de voter un texte de compromis \u2013 parfois \u00e9loign\u00e9 de leurs propres convictions. [\u2026] Je remercie \u00e9galement les parlementaires de l\u2019opposition, qui ont accept\u00e9 le principe d\u2019un compromis mais aussi compris que le pouvoir \u00e9tait d\u00e9sormais partag\u00e9. [\u2026] Et d\u00e8s demain, il faudra travailler \u00e0 l\u2019adoption d\u2019un budget pour l\u2019Etat. Ce sera difficile. Peut-\u00eatre plus encore que ces derni\u00e8res semaines. Mais l\u2019\u00e9tat d\u2019esprit du Gouvernement ne changera pas\u00a0: l\u2019int\u00e9r\u00eat g\u00e9n\u00e9ral d\u2019abord, sans c\u00e9der ni \u00e0 la f\u00e9brilit\u00e9, ni aux agendas \u00e9lectoraux\u00a0\u00bb, a-t-il \u00e9crit sur X.<\/p>\n<p><img decoding=\"async\" alt=\"Gabriel Attal avait annonc\u00e9 que son groupe allait voter en faveur du texte. Sur France 2, le secr\u00e9taire g\u00e9n\u00e9ral de Renaissance et pr\u00e9sident du groupe EPR \u00e0 l\u2019Assembl\u00e9e a donc applaudi le r\u00e9sultat\u00a0: \u00ab\u00a0Je veux saluer le travail du Premier ministre et de son gouvernement. C\u2019est une \u00e9tape importante franchie aujourd\u2019hui. [\u2026] J\u2019aurais souhait\u00e9 un budget dans lequel il y a plus d\u2019\u00e9conomies, plus de valorisation des Fran\u00e7ais qui travaillent. Est-ce que pour autant \u00e7a justifie de tout envoyer balader, en consid\u00e9rant que \u00e7a serait mieux que le pays n\u2019ait pas de budget\u00a0? Je ne crois pas. [\u2026] On a fait le choix du compromis. Et donc on a fait le choix d\u2019accepter certaines mesures avec lesquelles on n\u2019est pas forc\u00e9ment d\u2019accord. On a aussi eu des victoires\u00a0\u00bb.\" class=\"mb-s@xs radius-0@xs radius-xxs@md c-img\" loading=\"eager\" width=\"640\" height=\"408\" src=\"https:\/\/img.20mn.fr\/c4h73NQLTn6pZR7J8y_bqyk\/640x408_president-of-ensemble-pour-la-republique-parliamentary-group-gabriel-attal-attends-during-a-session-to-debate-on-france-s-2026-social-security-budget-bill-plfss-prior-to-vote-at-the-assemblee-nationale-in-paris-on-november-12-2025-a-stephane-lemouton-sipa-lemoutonstephane-251112a021-credit-stephane-lemouton-sipa-2511122329\" \/>Stephane Lemouton\u2002\/\u00a0SIPA<\/p>\n<p>Gabriel Attal avait annonc\u00e9 que son groupe allait voter en faveur du texte. Sur France 2, le secr\u00e9taire g\u00e9n\u00e9ral de Renaissance et pr\u00e9sident du groupe EPR \u00e0 l\u2019Assembl\u00e9e a donc applaudi le r\u00e9sultat\u00a0: \u00ab\u00a0Je veux saluer le travail du Premier ministre et de son gouvernement. C\u2019est une \u00e9tape importante franchie aujourd\u2019hui. [\u2026] J\u2019aurais souhait\u00e9 un budget dans lequel il y a plus d\u2019\u00e9conomies, plus de valorisation des Fran\u00e7ais qui travaillent. Est-ce que pour autant \u00e7a justifie de tout envoyer balader, en consid\u00e9rant que \u00e7a serait mieux que le pays n\u2019ait pas de budget\u00a0? Je ne crois pas. [\u2026] On a fait le choix du compromis. Et donc on a fait le choix d\u2019accepter certaines mesures avec lesquelles on n\u2019est pas forc\u00e9ment d\u2019accord. On a aussi eu des victoires\u00a0\u00bb.<\/p>\n<p><img decoding=\"async\" alt=\"Olivier Faure avait men\u00e9 la danse des n\u00e9gociations avec le Premier ministre. Le premier secr\u00e9taire du PS a donc savour\u00e9 le r\u00e9sultat \u00e0 l\u2019Assembl\u00e9e\u00a0: \u00ab\u00a0Cette victoire, elle est d\u2019abord celle du Parlement lui-m\u00eame. [\u2026] Nous avons cherch\u00e9 \u00e0 \u00eatre utiles aux Fran\u00e7aises et aux Fran\u00e7ais, et je crois que nous n\u2019avons trahi personne\u00a0\u00bb. Il a invit\u00e9 le gouvernement \u00e0 adopter \u00ab\u00a0la m\u00eame approche\u00a0\u00bb s\u2019il souhaite faire adopter le budget de l\u2019\u00c9tat.\" class=\"mb-s@xs radius-0@xs radius-xxs@md c-img\" loading=\"eager\" width=\"640\" height=\"408\" src=\"https:\/\/img.20mn.fr\/_0UHTrHgSW6w03_pA9XBzik\/640x408_olivier-faure-depute-parti-socialiste-suite-de-l-examen-du-projet-de-loi-de-financement-de-la-securite-sociale-plfss-2026-avec-le-premier-ministre-sebastien-lecornu-et-les-deputes-le-3-decembre-2025-a-l-assemblee-nationale-a-paris-paris-france-03-12-2025-olivier-faure-deputy-socialist-party-continuation-of-the-examination-of-the-2026-social-security-financing-bill-with-prime-minister-sa-bastien-lecornu-and-members-of-parliament-on-3-december-2025-at-the-national-assembly-in-paris-paris-france-03-12-2025-04harsin-examenplfss2026assembleenationale042-credit-isa-harsin-sipa-2512032311\" \/>Isa Harsin\u2002\/\u00a0SIPA<\/p>\n<p>Olivier Faure avait men\u00e9 la danse des n\u00e9gociations avec le Premier ministre. Le premier secr\u00e9taire du PS a donc savour\u00e9 le r\u00e9sultat \u00e0 l\u2019Assembl\u00e9e\u00a0: \u00ab\u00a0Cette victoire, elle est d\u2019abord celle du Parlement lui-m\u00eame. [\u2026] Nous avons cherch\u00e9 \u00e0 \u00eatre utiles aux Fran\u00e7aises et aux Fran\u00e7ais, et je crois que nous n\u2019avons trahi personne\u00a0\u00bb. Il a invit\u00e9 le gouvernement \u00e0 adopter \u00ab\u00a0la m\u00eame approche\u00a0\u00bb s\u2019il souhaite faire adopter le budget de l\u2019\u00c9tat.<\/p>\n<p><img decoding=\"async\" alt=\"Marc Fesneau, pr\u00e9sident du groupe MoDem, a \u00e9galement exprim\u00e9 sa satisfaction\u00a0: \u00ab\u00a0Quelque chose de nouveau s\u2019est construit. Je disais ce matin bien du courage \u00e0 ceux qui voudraient changer et revenir \u00e0 des m\u00e9thodes beaucoup plus coercitives. [\u2026] Le Parlement a pris l\u2019habitude un peu dans ce texte, et c\u2019est une bonne nouvelle, de prendre ses responsabilit\u00e9s.\u00a0\u00bb\" class=\"mb-s@xs radius-0@xs radius-xxs@md c-img\" loading=\"eager\" width=\"640\" height=\"408\" src=\"https:\/\/img.20mn.fr\/y_-jSg_HQQ21W3QaWB5psCk\/640x408_france-s-mp-deputy-and-president-of-the-group-les-democrates-marc-fesneau-speaks-during-a-session-devoted-to-the-second-reading-of-the-2026-social-security-budget-bill-plfss-at-the-national-assembly-in-paris-on-december-4-2025-a-stephane-lemouton-sipa-lemoutonstephane-251204a062-credit-stephane-lemouton-sipa-2512050126\" \/>Stephane Lemouton\u2002\/\u00a0SIPA<\/p>\n<p>Marc Fesneau, pr\u00e9sident du groupe MoDem, a \u00e9galement exprim\u00e9 sa satisfaction\u00a0: \u00ab\u00a0Quelque chose de nouveau s\u2019est construit. Je disais ce matin bien du courage \u00e0 ceux qui voudraient changer et revenir \u00e0 des m\u00e9thodes beaucoup plus coercitives. [\u2026] Le Parlement a pris l\u2019habitude un peu dans ce texte, et c\u2019est une bonne nouvelle, de prendre ses responsabilit\u00e9s.\u00a0\u00bb<\/p>\n<p><img decoding=\"async\" alt=\"Le patron du groupe LR Laurent Wauquiez avait demand\u00e9 \u00e0 ses d\u00e9put\u00e9s d\u2019\u00e9viter le \u00ab\u00a0blocage\u00a0\u00bb en privil\u00e9giant l\u2019abstention. Sur X, il n\u2019a donc pas cri\u00e9 victoire mais presque\u00a0: \u00ab\u00a0L\u2019Assembl\u00e9e nationale vient d\u2019adopter le budget de la S\u00e9curit\u00e9 sociale. Nous nous sommes battus tout au long des d\u00e9bats pour l\u2019am\u00e9liorer\u00a0: suppression de hausses d\u2019imp\u00f4ts, retour de la d\u00e9fiscalisation int\u00e9grale des heures suppl\u00e9mentaires, revalorisation des retraites\u2026 Ce texte n\u2019est ni parfait, ni id\u00e9al. C\u2019est un moindre mal\u00a0\u00bb.\" class=\"mb-s@xs radius-0@xs radius-xxs@md c-img\" loading=\"eager\" width=\"640\" height=\"408\" src=\"https:\/\/img.20mn.fr\/GQ_ED_C4TfChslzmiaICMik\/640x408_laurent-wauquiez-depute-droite-republicaine-amendements-et-troisieme-partie-du-projet-de-loi-de-financement-de-la-securite-sociale-plfss-2026-qui-concerne-son-volet-depenses-debattue-dans-l-hemicycle-avec-les-deputes-et-qui-a-ete-adoptee-par-227-voix-pour-et-86-contre-a-l-assemblee-nationale-le-9-decembre-2025-a-paris-paris-france-10-12-2025-laurent-wauquiez-deputy-droite-republicaine-amendments-and-third-part-of-the-2026-social-security-financing-bill-plfss-concerning-its-expenditure-section-debated-in-the-chamber-with-m-ps-and-adopted-by-227-votes-to-86-in-the-national-assembly-on-9-december-2025-in-paris-paris-france-10-12-2025-04harsin-depensesplfss2026assnationale028-credit-isa-harsin-sipa-2512100109\" \/>Isa Harsin\u2002\/\u00a0SIPA<\/p>\n<p>Le patron du groupe LR Laurent Wauquiez avait demand\u00e9 \u00e0 ses d\u00e9put\u00e9s d\u2019\u00e9viter le \u00ab\u00a0blocage\u00a0\u00bb en privil\u00e9giant l\u2019abstention. Sur X, il n\u2019a donc pas cri\u00e9 victoire mais presque\u00a0: \u00ab\u00a0L\u2019Assembl\u00e9e nationale vient d\u2019adopter le budget de la S\u00e9curit\u00e9 sociale. Nous nous sommes battus tout au long des d\u00e9bats pour l\u2019am\u00e9liorer\u00a0: suppression de hausses d\u2019imp\u00f4ts, retour de la d\u00e9fiscalisation int\u00e9grale des heures suppl\u00e9mentaires, revalorisation des retraites\u2026 Ce texte n\u2019est ni parfait, ni id\u00e9al. C\u2019est un moindre mal\u00a0\u00bb.<\/p>\n<p><img decoding=\"async\" alt=\"A l\u2019issue du vote, Paul Christophe, pr\u00e9sident du groupe Horizons \u00e0 l\u2019Assembl\u00e9e, n\u2019a pas manqu\u00e9 de rappeler sur BFMTV les raisons du choix d\u2019Edouard Philippe, patron du parti, de ne pas voter en faveur du texte\u00a0: \u00ab\u00a0Nous avions annonc\u00e9 que majoritairement, nous nous abstiendrions sur le vote de ce budget et c\u2019est ce que nous avons fait. [\u2026] Parce que ce budget produit une trajectoire budg\u00e9taire excessive. [\u2026] Il ne propose pas de r\u00e9duction de d\u00e9pense, parce que les recettes nouvelles sont assujetties \u00e0 de la fiscalit\u00e9 nouvelle. Et parce que la suspension de la r\u00e9forme des retraites, qui n\u2019est en aucun cas une solution, reste propos\u00e9e. [\u2026] Mais nous avions dit que nous ne serions pas les artisans du chaos, comme peuvent l\u2019\u00eatre les deux extr\u00eames. [\u2026] Ce n\u2019est pas ce que m\u00e9ritent les Fran\u00e7aises et les Fran\u00e7ais\u00a0\u00bb.\" class=\"mb-s@xs radius-0@xs radius-xxs@md c-img\" loading=\"eager\" width=\"640\" height=\"408\" src=\"https:\/\/img.20mn.fr\/tOHXm9DNQEiFQ7txuFQZvyk\/640x408_prise-de-parole-devant-la-presse-de-paul-christophe-depute-groupe-horizons-et-independants-apres-le-vote-et-l-adoption-du-projet-de-loi-de-financement-de-la-securite-sociale-plfss-2026-du-gouvernement-de-sebastien-lecornu-dans-la-salle-des-4-colonnes-a-l-assemblee-nationale-le-9-decembre-2025-a-paris-paris-france-09-12-2025-press-conference-by-paul-christophe-deputy-horizons-et-independants-group-following-the-vote-and-adoption-of-the-2026-social-security-financing-bill-plfss-proposed-by-sebastien-lecornu-s-government-in-the-salle-des-4-colonnes-at-the-national-assembly-on-9-december-2025-in-paris-paris-france-09-12-2025-04harsin-confpressegroupespolitapresvoteplfss017-credit-isa-harsin-sipa-2512092213\" \/>Isa Harsin\u2002\/\u00a0SIPA<\/p>\n<p>A l\u2019issue du vote, Paul Christophe, pr\u00e9sident du groupe Horizons \u00e0 l\u2019Assembl\u00e9e, n\u2019a pas manqu\u00e9 de rappeler sur BFMTV les raisons du choix d\u2019Edouard Philippe, patron du parti, de ne pas voter en faveur du texte\u00a0: \u00ab\u00a0Nous avions annonc\u00e9 que majoritairement, nous nous abstiendrions sur le vote de ce budget et c\u2019est ce que nous avons fait. [\u2026] Parce que ce budget produit une trajectoire budg\u00e9taire excessive. [\u2026] Il ne propose pas de r\u00e9duction de d\u00e9pense, parce que les recettes nouvelles sont assujetties \u00e0 de la fiscalit\u00e9 nouvelle. Et parce que la suspension de la r\u00e9forme des retraites, qui n\u2019est en aucun cas une solution, reste propos\u00e9e. [\u2026] Mais nous avions dit que nous ne serions pas les artisans du chaos, comme peuvent l\u2019\u00eatre les deux extr\u00eames. [\u2026] Ce n\u2019est pas ce que m\u00e9ritent les Fran\u00e7aises et les Fran\u00e7ais\u00a0\u00bb.<\/p>\n<p><img decoding=\"async\" alt=\"LFI \u00e9tait fermement oppos\u00e9e au texte, Mathilde Panot a donc exprim\u00e9 sur X sa col\u00e8re \u2013 surtout contre la gauche \u2013 apr\u00e8s le r\u00e9sultat. Pour la pr\u00e9sidente du groupe Insoumis \u00e0 l\u2019Assembl\u00e9e, \u00ab\u00a0le rejet du budget mortif\u00e8re de la S\u00e9curit\u00e9 sociale aura \u00e9chou\u00e9 \u00e0 13 voix pr\u00e8s. 4\u00a0milliards de coupes sur la sant\u00e9, baisse des allocations familiales, limitation des arr\u00eats maladies ou encore augmentation du prix des mutuelles. Ce d\u00e9sastre vous est offert par le vote pour du Parti socialiste qui rejoint d\u00e9finitivement la Macronie ainsi que par l\u2019abstention d\u2019une partie des \u00e9cologistes. La semaine prochaine, il est encore possible d\u2019envoyer ce budget \u00e0 la poubelle\u00a0!\u00a0\u00bb\" class=\"mb-s@xs radius-0@xs radius-xxs@md c-img\" loading=\"eager\" width=\"640\" height=\"408\" src=\"https:\/\/img.20mn.fr\/7S96eHIoQmKhrOt7tteHBCk\/640x408_matilde-panot-de-la-france-insoumise-seance-hebdomadaire-des-questions-au-gouvernement-avec-le-premier-ministre-sebastien-lecornu-les-ministres-et-les-deputes-le-3-decembre-2025-a-l-assemblee-nationale-a-paris-paris-france-03-12-2025-matilde-panot-of-la-france-insoumise-party-weekly-session-of-questions-of-the-government-with-prime-minister-sebastien-lecornu-ministers-and-m-ps-on-december-3-2025-at-the-national-assembly-paris-france-03-12-2025-04harsin-qagassembleenationale047-credit-isa-harsin-sipa-2512032138\" \/>Isa Harsin\u2002\/\u00a0SIPA<\/p>\n<p>LFI \u00e9tait fermement oppos\u00e9e au texte, Mathilde Panot a donc exprim\u00e9 sur X sa col\u00e8re \u2013 surtout contre la gauche \u2013 apr\u00e8s le r\u00e9sultat. Pour la pr\u00e9sidente du groupe Insoumis \u00e0 l\u2019Assembl\u00e9e, \u00ab\u00a0le rejet du budget mortif\u00e8re de la S\u00e9curit\u00e9 sociale aura \u00e9chou\u00e9 \u00e0 13 voix pr\u00e8s. 4\u00a0milliards de coupes sur la sant\u00e9, baisse des allocations familiales, limitation des arr\u00eats maladies ou encore augmentation du prix des mutuelles. Ce d\u00e9sastre vous est offert par le vote pour du Parti socialiste qui rejoint d\u00e9finitivement la Macronie ainsi que par l\u2019abstention d\u2019une partie des \u00e9cologistes. La semaine prochaine, il est encore possible d\u2019envoyer ce budget \u00e0 la poubelle\u00a0!\u00a0\u00bb<\/p>\n<p><img decoding=\"async\" alt=\"Le s\u00e9nateur Bruno Retailleau n\u2019appr\u00e9ciait pas non plus le texte. Le pr\u00e9sident des R\u00e9publicains l\u2019a donc redit \u00e0 la presse mardi soir\u00a0: \u00ab\u00a0Je persiste \u00e0 dire que ce n\u2019est pas un bon budget pour la France. [\u2026] Ce ne sont pas nos convictions ni nos propositions\u00a0\u00bb.\" class=\"mb-s@xs radius-0@xs radius-xxs@md c-img\" loading=\"eager\" width=\"640\" height=\"408\" src=\"https:\/\/img.20mn.fr\/ai48N2sfQG-1ij1J4uH3Xyk\/640x408_french-senator-bruno-retailleau-during-the-examination-of-the-government-s-initial-version-of-the-finance-bill-after-the-broad-rejection-of-the-draft-finance-bill-plf-by-french-national-assembly-at-the-senate-the-french-parliament-upper-house-in-paris-france-november-27-2025-01accorsinijeanne-plf-0041-credit-jeanne-accorsini-sipa-2511271659\" \/>Jeanne Accorsini\u2002\/\u00a0SIPA<\/p>\n<p>Le s\u00e9nateur Bruno Retailleau n\u2019appr\u00e9ciait pas non plus le texte. Le pr\u00e9sident des R\u00e9publicains l\u2019a donc redit \u00e0 la presse mardi soir\u00a0: \u00ab\u00a0Je persiste \u00e0 dire que ce n\u2019est pas un bon budget pour la France. [\u2026] Ce ne sont pas nos convictions ni nos propositions\u00a0\u00bb.<\/p>\n<p><img decoding=\"async\" alt=\"Sur X, Jordan Bardella, pr\u00e9sident du Rassemblement national, a lui aussi exprim\u00e9 son tr\u00e8s fort m\u00e9contentement\u00a0: \u00ab\u00a0Ce soir, un budget de la S\u00e9curit\u00e9 sociale de punition et de taxation a \u00e9t\u00e9 vot\u00e9 en deuxi\u00e8me lecture \u00e0 l\u2019Assembl\u00e9e nationale, gr\u00e2ce \u00e0 l\u2019alliance des socialistes et des macronistes, mais aussi gr\u00e2ce au soutien bienveillant, \u00e9videmment coordonn\u00e9 avec le Premier ministre, des d\u00e9put\u00e9s LR. Nous tendons la main \u00e0 tous les \u00e9lecteurs de droite qui refusent cette compromission\u00a0: un autre chemin est possible, celui qui m\u00e8ne \u00e0 l\u2019union de nos forces pour le redressement de la France.\u00a0\u00bb\" class=\"mb-s@xs radius-0@xs radius-xxs@md c-img\" loading=\"eager\" width=\"640\" height=\"408\" src=\"https:\/\/img.20mn.fr\/PN2-nqiGTrqcH5uaJDvahik\/640x408_jordan-bardella-rn-rassemblement-national-et-eric-ciotti-ex-lr-republicain-union-des-droite-udr-ont-visite-le-salon-milipol-le-19-novembre-2025-milipol-paris-est-le-plus-important-evenement-mondial-de-la-surete-et-de-la-securite-interieure-des-etats-armes-armements-munitions-protections-et-equipements-pour-polices-et-forces-armees-l-edition-2025-du-salon-se-deroule-du-18-au-21-novembre-30-000-visiteurs-attendus-et-1-100-exposants-parc-des-expositions-paris-nord-2-villepinte-france-milipol-paris-is-the-world-s-leading-event-for-homeland-security-and-state-safety-weapons-armaments-ammunition-protective-gear-and-equipment-for-police-and-armed-forces-the-2025-edition-of-the-show-takes-place-from-november-18-to-21-with-30-000-visitors-and-1-100-exhibitors-expected-paris-nord-2-exhibition-center-villepinte-france-04nicolasmessyasz-2025-11-19a-600a-credit-nicolas-messyasz-sipa-2511191731\" \/>Nicolas Messyasz\u2002\/\u00a0SIPA<\/p>\n<p>Sur X, Jordan Bardella, pr\u00e9sident du Rassemblement national, a lui aussi exprim\u00e9 son tr\u00e8s fort m\u00e9contentement\u00a0: \u00ab\u00a0Ce soir, un budget de la S\u00e9curit\u00e9 sociale de punition et de taxation a \u00e9t\u00e9 vot\u00e9 en deuxi\u00e8me lecture \u00e0 l\u2019Assembl\u00e9e nationale, gr\u00e2ce \u00e0 l\u2019alliance des socialistes et des macronistes, mais aussi gr\u00e2ce au soutien bienveillant, \u00e9videmment coordonn\u00e9 avec le Premier ministre, des d\u00e9put\u00e9s LR. Nous tendons la main \u00e0 tous les \u00e9lecteurs de droite qui refusent cette compromission\u00a0: un autre chemin est possible, celui qui m\u00e8ne \u00e0 l\u2019union de nos forces pour le redressement de la France.\u00a0\u00bb<\/p>\n<p><img decoding=\"async\" alt=\"M\u00eame col\u00e8re sur X pour \u00c9ric Ciotti, pr\u00e9sident du groupe UDR \u00e0 l\u2019Assembl\u00e9e et alli\u00e9 du RN. \u00ab\u00a0Le PLFSS socialiste invotable selon Bruno Retailleau passe avec les 18 voix du groupe DR de Laurent Wauquiez Apr\u00e8s s\u2019\u00eatre alli\u00e9 avec la macronie, M.\u00a0Wauquiez est maintenant totalement inf\u00e9od\u00e9 aux socialistes et \u00e9cologistes Un naufrage. Quelle tristesse pour les militants LR trahis\u00a0\u00bb.\" class=\"mb-s@xs radius-0@xs radius-xxs@md c-img\" loading=\"eager\" width=\"640\" height=\"408\" src=\"https:\/\/img.20mn.fr\/IS_V7XzkTZmPLI1rtBKsPCk\/640x408_explication-de-vote-du-depute-eric-ciotti-groupe-union-des-droites-pour-la-republique-avant-le-vote-solennel-concernant-le-projet-de-loi-de-financement-de-la-securite-sociale-plfss-2026-du-gouvernement-de-sebastien-lecornu-a-l-assemblee-nationale-le-9-decembre-2025-a-paris-paris-france-09-12-2025-explanation-of-vote-by-the-deputy-eric-ciotti-union-des-droites-pour-la-republique-group-before-the-formal-vote-on-the-2026-social-security-financing-bill-plfss-proposed-by-the-government-of-sebastien-lecornu-at-the-national-assembly-on-9-december-2025-in-paris-paris-france-09-12-2025-04harsin-explicationvoteplfss2026assnationale011-credit-isa-harsin-sipa-2512092352\" \/>Isa Harsin\u2002\/\u00a0SIPA<\/p>\n<p>M\u00eame col\u00e8re sur X pour \u00c9ric Ciotti, pr\u00e9sident du groupe UDR \u00e0 l\u2019Assembl\u00e9e et alli\u00e9 du RN. \u00ab\u00a0Le PLFSS socialiste invotable selon Bruno Retailleau passe avec les 18 voix du groupe DR de Laurent Wauquiez Apr\u00e8s s\u2019\u00eatre alli\u00e9 avec la macronie, M.\u00a0Wauquiez est maintenant totalement inf\u00e9od\u00e9 aux socialistes et \u00e9cologistes Un naufrage. Quelle tristesse pour les militants LR trahis\u00a0\u00bb.<\/p>\n<p><img decoding=\"async\" alt=\"En dehors de la sph\u00e8re purement politique, la CFDT \u2013 dirig\u00e9e par Marylise L\u00e9on (sur cette photo le 26\u00a0ao\u00fbt 2025) \u2013 a salu\u00e9 l\u2019adoption du texte y voyant \u00ab\u00a0un nouveau pas franchi vers la suspension de la r\u00e9forme des retraites\u00a0\u00bb. Le syndicat a soulign\u00e9 \u00ab\u00a0le sens des responsabilit\u00e9s des d\u00e9put\u00e9s ayant permis cette adoption\u00a0\u00bb. \u00ab\u00a0Ce vote consolide ce pilier des institutions r\u00e9publicaines qu\u2019est la S\u00e9curit\u00e9 sociale, dans un contexte politique et social marqu\u00e9 par une grande fragilisation de la soci\u00e9t\u00e9 fran\u00e7aise\u00a0\u00bb.\" class=\"mb-s@xs radius-0@xs radius-xxs@md c-img\" loading=\"eager\" width=\"640\" height=\"408\" src=\"https:\/\/img.20mn.fr\/UdqIQ8e6QPiRyFRTnspF4yk\/640x408_french-democratic-confederation-of-labour-cfdt-trade-union-s-general-secretary-marylise-leon-during-the-cfdt-trade-union-s-summer-conferences-at-the-bierville-estate-in-boissy-la-riviere-near-paris-august-26-2025-01accorsinijeanne-accorsini0146-credit-jeanne-accorsini-sipa-2508261746\" \/>Jeanne Accorsini\u2002\/\u00a0SIPA<\/p>\n<p>En dehors de la sph\u00e8re purement politique, la CFDT \u2013 dirig\u00e9e par Marylise L\u00e9on (sur cette photo le 26\u00a0ao\u00fbt 2025) \u2013 a salu\u00e9 l\u2019adoption du texte y voyant \u00ab\u00a0un nouveau pas franchi vers la suspension de la r\u00e9forme des retraites\u00a0\u00bb. Le syndicat a soulign\u00e9 \u00ab\u00a0le sens des responsabilit\u00e9s des d\u00e9put\u00e9s ayant permis cette adoption\u00a0\u00bb. \u00ab\u00a0Ce vote consolide ce pilier des institutions r\u00e9publicaines qu\u2019est la S\u00e9curit\u00e9 sociale, dans un contexte politique et social marqu\u00e9 par une grande fragilisation de la soci\u00e9t\u00e9 fran\u00e7aise\u00a0\u00bb.<\/p>\n<p><img decoding=\"async\" alt=\"Sophie Binet a pour sa part estim\u00e9 que \u00ab\u00a0la bataille continue\u00a0\u00bb. Selon la secr\u00e9taire g\u00e9n\u00e9rale de la CGT, \u00ab\u00a0la mobilisation des travailleuses et des travailleurs et le d\u00e9bat parlementaire ont permis de supprimer de nombreuses horreurs du budget\u00a0\u00bb. Parmi les \u00ab\u00a0horreurs\u00a0\u00bb qui ne figurent plus dans le texte, elle cite notamment \u00ab\u00a0la d\u00e9sindexation des pensions de retraite jusqu\u2019en\u00a02030, le gel des prestations sociales, le doublement des franchises et participations m\u00e9dicales\u00a0\u00bb. Et parmi \u00ab\u00a0les nombreux probl\u00e8mes\u00a0\u00bb qui subsistent\u00a0: \u00ab\u00a0le budget des h\u00f4pitaux qui s\u2019il a \u00e9t\u00e9 augment\u00e9 reste insuffisant\u00a0\u00bb et \u00ab\u00a0la taxation des mutuelles de un milliard\u00a0\u00bb d\u2019euros, qui va se traduire, selon la CGT, par des hausses de tarifs comprises entre 4\u00a0% et 10\u00a0%.&#10;\" class=\"mb-s@xs radius-0@xs radius-xxs@md c-img\" loading=\"eager\" width=\"640\" height=\"408\" src=\"https:\/\/img.20mn.fr\/S0a4UxBKQ8S-LyxKSoefdyk\/640x408_paris-manifestation-contre-l-austerite-des-milliers-de-salaries-n-avec-en-tete-du-cortege-sophie-binet-secretaire-generale-de-la-cgt-n-ont-manifeste-a-paris-le-2-decembre-2025-pour-protester-contre-l-austerite-et-reclamer-des-hausses-de-salaires-paris-demonstration-against-austerity-thousands-of-workers-led-by-sophie-binet-general-secretary-of-cgt-marched-on-2-december-2025-to-protest-austerity-and-demand-wage-increases-pic-sophie-binet-sevgi-sevgi1194-credit-sevgi-sipa-2512021701\" \/>Sevgi\u2002\/\u00a0SIPA<\/p>\n<p>Sophie Binet a pour sa part estim\u00e9 que \u00ab\u00a0la bataille continue\u00a0\u00bb. Selon la secr\u00e9taire g\u00e9n\u00e9rale de la CGT, \u00ab\u00a0la mobilisation des travailleuses et des travailleurs et le d\u00e9bat parlementaire ont permis de supprimer de nombreuses horreurs du budget\u00a0\u00bb. Parmi les \u00ab\u00a0horreurs\u00a0\u00bb qui ne figurent plus dans le texte, elle cite notamment \u00ab\u00a0la d\u00e9sindexation des pensions de retraite jusqu\u2019en\u00a02030, le gel des prestations sociales, le doublement des franchises et participations m\u00e9dicales\u00a0\u00bb. Et parmi \u00ab\u00a0les nombreux probl\u00e8mes\u00a0\u00bb qui subsistent\u00a0: \u00ab\u00a0le budget des h\u00f4pitaux qui s\u2019il a \u00e9t\u00e9 augment\u00e9 reste insuffisant\u00a0\u00bb et \u00ab\u00a0la taxation des mutuelles de un milliard\u00a0\u00bb d\u2019euros, qui va se traduire, selon la CGT, par des hausses de tarifs comprises entre 4\u00a0% et 10\u00a0%.<\/p>\n","protected":false},"excerpt":{"rendered":"Ian Langsdon\u2002\/\u00a0AFP S\u00e9bastien Lecornu est satisfait, il a r\u00e9ussi son pari face \u00e0 une Assembl\u00e9e nationale fragment\u00e9e. \u00ab\u00a0Cette&hellip;\n","protected":false},"author":2,"featured_media":590123,"comment_status":"","ping_status":"","sticky":false,"template":"","format":"standard","meta":{"footnotes":""},"categories":[4],"tags":[47,11,416,1003,1270,1271,1011,27,3540,1023,12,4484,316,2556,25,11067,731],"class_list":{"0":"post-590122","1":"post","2":"type-post","3":"status-publish","4":"format-standard","5":"has-post-thumbnail","7":"category-france","8":"tag-actualite","9":"tag-actualites","10":"tag-assemblee-nationale","11":"tag-budget","12":"tag-cfdt","13":"tag-cgt","14":"tag-fr","15":"tag-france","16":"tag-horizons","17":"tag-la-france-insoumise-lfi","18":"tag-news","19":"tag-parti-socialiste-ps","20":"tag-politique","21":"tag-rassemblement-national-rn","22":"tag-republique-francaise","23":"tag-sebastien-lecornu","24":"tag-securite-sociale"},"share_on_mastodon":{"url":"https:\/\/pubeurope.com\/@fr\/115693971402552658","error":""},"_links":{"self":[{"href":"https:\/\/www.europesays.com\/fr\/wp-json\/wp\/v2\/posts\/590122","targetHints":{"allow":["GET"]}}],"collection":[{"href":"https:\/\/www.europesays.com\/fr\/wp-json\/wp\/v2\/posts"}],"about":[{"href":"https:\/\/www.europesays.com\/fr\/wp-json\/wp\/v2\/types\/post"}],"author":[{"embeddable":true,"href":"https:\/\/www.europesays.com\/fr\/wp-json\/wp\/v2\/users\/2"}],"replies":[{"embeddable":true,"href":"https:\/\/www.europesays.com\/fr\/wp-json\/wp\/v2\/comments?post=590122"}],"version-history":[{"count":0,"href":"https:\/\/www.europesays.com\/fr\/wp-json\/wp\/v2\/posts\/590122\/revisions"}],"wp:featuredmedia":[{"embeddable":true,"href":"https:\/\/www.europesays.com\/fr\/wp-json\/wp\/v2\/media\/590123"}],"wp:attachment":[{"href":"https:\/\/www.europesays.com\/fr\/wp-json\/wp\/v2\/media?parent=590122"}],"wp:term":[{"taxonomy":"category","embeddable":true,"href":"https:\/\/www.europesays.com\/fr\/wp-json\/wp\/v2\/categories?post=590122"},{"taxonomy":"post_tag","embeddable":true,"href":"https:\/\/www.europesays.com\/fr\/wp-json\/wp\/v2\/tags?post=590122"}],"curies":[{"name":"wp","href":"https:\/\/api.w.org\/{rel}","templated":true}]}}