{"id":590126,"date":"2025-12-10T06:58:12","date_gmt":"2025-12-10T06:58:12","guid":{"rendered":"https:\/\/www.europesays.com\/fr\/590126\/"},"modified":"2025-12-10T06:58:12","modified_gmt":"2025-12-10T06:58:12","slug":"saint-etienne-santa-vertigineuse-dans-un-zenith-bouillonnant","status":"publish","type":"post","link":"https:\/\/www.europesays.com\/fr\/590126\/","title":{"rendered":"Saint-\u00c9tienne. Santa vertigineuse dans un Z\u00e9nith bouillonnant\u00a0!"},"content":{"rendered":"<p>C\u2019\u00e9tait une des grandes affiches promises dans la saison culturelle du Z\u00e9nith de Saint-\u00c9tienne et on peut dire qu\u2019elle fut largement \u00e0 la hauteur, renversante\u00a0!<\/p>\n<p>La chanteuse Santa, <a href=\"https:\/\/www.leprogres.fr\/social\/2025\/12\/06\/un-cheque-de-99-999-euros-la-chanteuse-santa-marraine-du-telethon-2025-fait-un-don-record\" target=\"_blank\" rel=\"noopener\">quelques jours apr\u00e8s son parrainage du T\u00e9l\u00e9thon<\/a>, faisait \u00e9tape \u00e0 Saint-\u00c9tienne pour l\u2019une des plus spectaculaires tourn\u00e9es contemporaines. L\u2019ex du groupe \u00e9lectro-pop Hyphen Hyphen a litt\u00e9ralement transform\u00e9 le Z\u00e9nith en une piste d\u2019acrobaties, comme un funambule sous son chapiteau, devant plus de 7\u00a0000 spectateurs.<\/p>\n<p>Elle arrive suspendue, la t\u00eate \u00e0 l\u2019envers et interpr\u00e8te \u00ab\u00a0Chanter le monde\u00a0\u00bb. Avec ses deux musiciens, elle encha\u00eene sur \u00ab\u00a0Eva\u00a0\u00bb avant de reprendre les titres de son dernier album\u00a0: \u00ab\u00a0Les larmes ne coulent pas\u00a0\u00bb ou encore \u00ab\u00a0La diff\u00e9rence\u00a0\u00bb.<\/p>\n<p>\u00ab\u00a0Ce n\u2019est pas un concert, c\u2019est du grand spectacle\u00a0\u00bb<\/p>\n<p>Elle fait virevolter son piano dans les airs, reprends \u00ab\u00a0Vivre pour le meilleur\u00a0\u00bb de Johnny Hallyday comme elle l\u2019avait interpr\u00e9t\u00e9 aux jeux olympiques de Paris, se retrouve souffl\u00e9e par d\u2019immenses ventilateurs et sort d\u2019entre les flammes de la sc\u00e8ne. Le z\u00e9nith est bouillonnant. \u00c0 tel point que les plombs ont presque failli sauter\u00a0: \u00ab C\u2019est la premi\u00e8re fois que \u00e7a nous arrive, on va meubler\u00a0! \u00a0\u00bb s\u2019est amus\u00e9e la chanteuse. \u00ab\u00a0Ce n\u2019est pas un concert, c\u2019est du grand spectacle\u00a0\u00bb, soulignait Martine dans les trav\u00e9es.<\/p>\n<p>Bouleversante sur \u00ab\u00a0Qui a le droit\u00a0\u00bb, o\u00f9 l\u2019on retrouverait presque la plume de Brel, l\u2019artiste explore toute la palette interpr\u00e9tative et vocale. Elle se livre sans interruption, tout a l\u2019air facile et pourtant, c&rsquo;est de la haute pr\u00e9cision. Certains clins d\u2019\u0153il de mise en sc\u00e8ne (comme cette immense croix qui surgit de la fosse) font penser \u00e0 Myl\u00e8ne Farmer qu\u2019elle se pla\u00eet \u00e0 reprendre dans un medley avec Michel Berger.<\/p>\n<p>Dans la salle, le public ne sait plus o\u00f9 donner de la t\u00eate, encourage la chanteuse \u00e0 s\u2019en \u00e9poumoner, tape le rythme et fait scintiller les gradins.<\/p>\n<p>Santa frappe un grand coup dans le milieu musical, n\u2019en d\u00e9plaise \u00e0 ceux qui la trouvent trop gesticulante. C\u2019est millim\u00e9tr\u00e9, c\u2019est vocal, c\u2019est vertigineux. \u00ab\u00a0Recommence-moi\u00a0! \u00a0\u00bb<\/p>\n","protected":false},"excerpt":{"rendered":"C\u2019\u00e9tait une des grandes affiches promises dans la saison culturelle du Z\u00e9nith de Saint-\u00c9tienne et on peut dire&hellip;\n","protected":false},"author":2,"featured_media":590127,"comment_status":"","ping_status":"","sticky":false,"template":"","format":"standard","meta":{"footnotes":""},"categories":[9653],"tags":[1111,11,2430,1687,7539,1777,674,107,1011,27,3367,873,12,25,4001,7538],"class_list":{"0":"post-590126","1":"post","2":"type-post","3":"status-publish","4":"format-standard","5":"has-post-thumbnail","7":"category-saint-etienne","8":"tag-actu","9":"tag-actualites","10":"tag-auvergne-rhone-alpes","11":"tag-culture-loisirs","12":"tag-edition-loire-sud","13":"tag-eu","14":"tag-europe","15":"tag-fil-info","16":"tag-fr","17":"tag-france","18":"tag-loire","19":"tag-musique","20":"tag-news","21":"tag-republique-francaise","22":"tag-saint-etienne","23":"tag-saint-etienne-ville"},"share_on_mastodon":{"url":"https:\/\/pubeurope.com\/@fr\/115693977839514417","error":""},"_links":{"self":[{"href":"https:\/\/www.europesays.com\/fr\/wp-json\/wp\/v2\/posts\/590126","targetHints":{"allow":["GET"]}}],"collection":[{"href":"https:\/\/www.europesays.com\/fr\/wp-json\/wp\/v2\/posts"}],"about":[{"href":"https:\/\/www.europesays.com\/fr\/wp-json\/wp\/v2\/types\/post"}],"author":[{"embeddable":true,"href":"https:\/\/www.europesays.com\/fr\/wp-json\/wp\/v2\/users\/2"}],"replies":[{"embeddable":true,"href":"https:\/\/www.europesays.com\/fr\/wp-json\/wp\/v2\/comments?post=590126"}],"version-history":[{"count":0,"href":"https:\/\/www.europesays.com\/fr\/wp-json\/wp\/v2\/posts\/590126\/revisions"}],"wp:featuredmedia":[{"embeddable":true,"href":"https:\/\/www.europesays.com\/fr\/wp-json\/wp\/v2\/media\/590127"}],"wp:attachment":[{"href":"https:\/\/www.europesays.com\/fr\/wp-json\/wp\/v2\/media?parent=590126"}],"wp:term":[{"taxonomy":"category","embeddable":true,"href":"https:\/\/www.europesays.com\/fr\/wp-json\/wp\/v2\/categories?post=590126"},{"taxonomy":"post_tag","embeddable":true,"href":"https:\/\/www.europesays.com\/fr\/wp-json\/wp\/v2\/tags?post=590126"}],"curies":[{"name":"wp","href":"https:\/\/api.w.org\/{rel}","templated":true}]}}