{"id":590128,"date":"2025-12-10T06:59:12","date_gmt":"2025-12-10T06:59:12","guid":{"rendered":"https:\/\/www.europesays.com\/fr\/590128\/"},"modified":"2025-12-10T06:59:12","modified_gmt":"2025-12-10T06:59:12","slug":"succession-de-gael-perdriau-a-la-mairie-de-saint-etienne-les-elus-de-la-majorite-ont-trouve-un-accord","status":"publish","type":"post","link":"https:\/\/www.europesays.com\/fr\/590128\/","title":{"rendered":"Succession de Ga\u00ebl Perdriau \u00e0 la mairie de Saint-\u00c9tienne\u00a0: les \u00e9lus de la majorit\u00e9 ont trouv\u00e9 un accord"},"content":{"rendered":"<p>La majorit\u00e9 en ordre de bataille \u00e0 Saint-Etienne \u00e0 la veille du conseil municipal qui doit d\u00e9signer le nouveau maire. Un consensus est trouv\u00e9\u00a0: c&rsquo;est le premier adjoint Jean-Pierre Berger qui sera le candidat de la majorit\u00e9\u00a0; Marc Chassaub\u00e9n\u00e9 devrait \u00eatre son premier adjoint. <\/p>\n<p>Les dissensions sont apparues au grand jour la semaine derni\u00e8re. A coups de communiqu\u00e9s.\u00a0Avec d&rsquo;un cot\u00e9 ceux qui suivaient les consignes du maire d\u00e9missionnaire Ga\u00ebl Perdriau et qui soutenaient l&rsquo;adjoint \u00e0 la culture Marc Chassaub\u00e9n\u00e9\u00a0; et puis de l&rsquo;autre, ceux qui voulaient que le premier adjoint Jean-Pierre Berger soit \u00e9lu maire. Une situation qui \u00e9tait invivable pour ce dernier \u00ab\u00a0on s&rsquo;est rencontr\u00e9s avec Marc et on s&rsquo;est dit qu&rsquo;il fallait que tout \u00e7\u00e0 s&rsquo;arr\u00eate. Parce que c&rsquo;est plus vivable et ce n&rsquo;est pas l&rsquo;objectif. On ne va pas montrer une image de majorit\u00e9 d\u00e9sunie alors que \u00e7a fait 12 ans, et notamment les trois derni\u00e8res ann\u00e9es o\u00f9 tout le monde se serre les coudes autours du maire pour tenir bon. Et tenir la maison. Pour le plan de mandat, pas pour nous\u00a0\u00bb.<\/p>\n<p>Marc Chassaub\u00e9n\u00e9 propose alors \u00e0 Jean-Pierre Berger de lui c\u00e9der la place, malgr\u00e9 sa victoire lors d&rsquo;une \u00e9lection interne organis\u00e9e la semaine derni\u00e8re. L&rsquo;objectif \u00e9tant de calmer le jeu\u00a0pour permettre aux \u00e9lus, aux employ\u00e9s municipaux de finir le mandat dans la s\u00e9r\u00e9nit\u00e9 et l&rsquo;apaisement. Mais pas seulement \u00ab\u00a0Les St\u00e9phanois, les St\u00e9phanoises ont besoin aussi de retrouver cette confiance dans la vie politique. Donc montrer une image de dissensions et de d\u00e9saccords ce n&rsquo;est pas une bonne id\u00e9e. Et puis ce n&rsquo;est pas ma personnalit\u00e9. Moi je ne sais pas fonctionner comme \u00e7a, je ne sais pas fonctionner dans le conflit. Et Jean-Pierre visiblement non plus puisque rapidement nous avons trouv\u00e9 ce consensus\u00a0\u00bb.<\/p>\n<p>Un consensus qui pr\u00e9voit tout de m\u00eame que Marc Chassaub\u00e9n\u00e9, 7e adjoint au maire jusqu&rsquo;\u00e0 pr\u00e9sent,\u00a0devienne 1er adjoint au maire. Une ascension fulgurante que regrette Siham Labich\u00a0puisque jusqu&rsquo;\u00e0 pr\u00e9sent c&rsquo;\u00e9tait elle la deuxi\u00e8me adjointe derri\u00e8re Jean Pierre Berger. \u00ab\u00a0La logique aurait voulu qu&rsquo;on fasse glisser toute la liste et qu&rsquo;en tant que deuxi\u00e8me adjointe je devienne premi\u00e8re adjointe. La condition pour que Marc Chassaub\u00e9n\u00e9 se retire c&rsquo;\u00e9tait que je ne devienne pas premi\u00e8re adjointe. J&rsquo;en prends acte parce que ma seule boussole c&rsquo;est l&rsquo;int\u00e9r\u00eat des St\u00e9phanois, la stabilit\u00e9 de notre collectivit\u00e9 et d&rsquo;arr\u00eater de renvoyer une image n\u00e9gative \u00e0 ceux qui nous ont \u00e9lus pour ce mandat\u00a0\u00bb.<\/p>\n<p>Siham Labich qui promet de soutenir Jean-Pierre Berger\u00a0et d&rsquo;\u00eatre tr\u00e8s attentive notamment pour \u00e9viter\u00a0dit-elle que le futur maire ne subisse des influences ext\u00e9rieures.\u00a0En clair que Gael Perdriau et ses fid\u00e8les tentent de peser sur l&rsquo;exercice du pouvoir.<\/p>\n<p>Au-del\u00e0 de Jean-Pierre Berger,\u00a0Nicole Peycelon sera \u00e9galement candidate au fauteuil de maire jeudi lors du conseil municipal. La conseill\u00e8re municipale LR si\u00e8ge dans opposition depuis plusieurs mois.\u00a0En revanche, la gauche ne pr\u00e9sentera pas de candidat.<\/p>\n","protected":false},"excerpt":{"rendered":"La majorit\u00e9 en ordre de bataille \u00e0 Saint-Etienne \u00e0 la veille du conseil municipal qui doit d\u00e9signer le&hellip;\n","protected":false},"author":2,"featured_media":590129,"comment_status":"","ping_status":"","sticky":false,"template":"","format":"standard","meta":{"footnotes":""},"categories":[9653],"tags":[1111,11,2430,1777,674,1011,27,12,25,4001],"class_list":{"0":"post-590128","1":"post","2":"type-post","3":"status-publish","4":"format-standard","5":"has-post-thumbnail","7":"category-saint-etienne","8":"tag-actu","9":"tag-actualites","10":"tag-auvergne-rhone-alpes","11":"tag-eu","12":"tag-europe","13":"tag-fr","14":"tag-france","15":"tag-news","16":"tag-republique-francaise","17":"tag-saint-etienne"},"share_on_mastodon":{"url":"https:\/\/pubeurope.com\/@fr\/115693981980154699","error":""},"_links":{"self":[{"href":"https:\/\/www.europesays.com\/fr\/wp-json\/wp\/v2\/posts\/590128","targetHints":{"allow":["GET"]}}],"collection":[{"href":"https:\/\/www.europesays.com\/fr\/wp-json\/wp\/v2\/posts"}],"about":[{"href":"https:\/\/www.europesays.com\/fr\/wp-json\/wp\/v2\/types\/post"}],"author":[{"embeddable":true,"href":"https:\/\/www.europesays.com\/fr\/wp-json\/wp\/v2\/users\/2"}],"replies":[{"embeddable":true,"href":"https:\/\/www.europesays.com\/fr\/wp-json\/wp\/v2\/comments?post=590128"}],"version-history":[{"count":0,"href":"https:\/\/www.europesays.com\/fr\/wp-json\/wp\/v2\/posts\/590128\/revisions"}],"wp:featuredmedia":[{"embeddable":true,"href":"https:\/\/www.europesays.com\/fr\/wp-json\/wp\/v2\/media\/590129"}],"wp:attachment":[{"href":"https:\/\/www.europesays.com\/fr\/wp-json\/wp\/v2\/media?parent=590128"}],"wp:term":[{"taxonomy":"category","embeddable":true,"href":"https:\/\/www.europesays.com\/fr\/wp-json\/wp\/v2\/categories?post=590128"},{"taxonomy":"post_tag","embeddable":true,"href":"https:\/\/www.europesays.com\/fr\/wp-json\/wp\/v2\/tags?post=590128"}],"curies":[{"name":"wp","href":"https:\/\/api.w.org\/{rel}","templated":true}]}}