{"id":590130,"date":"2025-12-10T07:00:14","date_gmt":"2025-12-10T07:00:14","guid":{"rendered":"https:\/\/www.europesays.com\/fr\/590130\/"},"modified":"2025-12-10T07:00:14","modified_gmt":"2025-12-10T07:00:14","slug":"nancy-thermal-pres-de-3-000-curistes-pour-une-premiere-saison-complete","status":"publish","type":"post","link":"https:\/\/www.europesays.com\/fr\/590130\/","title":{"rendered":"Nancy Thermal\u00a0: pr\u00e8s de 3\u00a0000 curistes pour une premi\u00e8re saison compl\u00e8te"},"content":{"rendered":"<p>Pour la premi\u00e8re fois depuis son ouverture, <a href=\"https:\/\/www.lasemaine.fr\/economie\/grand-nancy-thermal-franchit-le-cap-du-million-de-visiteurs\/\" data-type=\"post\" data-id=\"397277\" target=\"_blank\" rel=\"noopener\">Nancy Thermal<\/a> a pu mener \u00e0 bien une saison thermale compl\u00e8te, <a href=\"https:\/\/www.lasemaine.fr\/non-classe\/nancy-thermal-lhistoire-sans-fin\/\" data-type=\"post\" data-id=\"242220\" target=\"_blank\" rel=\"noopener\">sans incident technique<\/a>. Une \u00e9tape importante pour <a href=\"https:\/\/www.lasemaine.fr\/economie\/saison-estivale-quel-bilan-pour-nancy-thermal\/\" data-type=\"post\" data-id=\"400606\" target=\"_blank\" rel=\"noopener\">l\u2019\u00e9tablissement de la m\u00e9tropole du Grand Nancy<\/a>, dont la <a href=\"https:\/\/www.lasemaine.fr\/politique\/ca-fait-debat\/remboursement-des-cures-thermales-grand-est-les-etablissements-proches-de-la-noyade\/\" data-type=\"post\" data-id=\"406218\" target=\"_blank\" rel=\"noopener\">partie \u00ab\u00a0cures\u00a0\u00bb<\/a> avait \u00e9t\u00e9 affect\u00e9e, les ann\u00e9es pr\u00e9c\u00e9dentes, par des dysfonctionnements contraignant r\u00e9guli\u00e8rement l\u2019accueil des curistes. Cl\u00f4tur\u00e9e le 29\u00a0novembre, cette saison 2025 marque un tournant pour la structure nanc\u00e9ienne, qui dresse un bilan \u00ab\u00a0positif\u00a0\u00bb : 2\u00a0887 curistes ont \u00e9t\u00e9 accueillis entre mars et novembre. Parmi eux, 2\u00a0641 ont suivi une cure conventionn\u00e9e en rhumatologie et 226 ont opt\u00e9 pour une mini-cure.\u00a0La client\u00e8le reste majoritairement locale, avec 86\u00a0% de curistes venant de Meurthe-et-Moselle.<\/p>\n<p>Nouvelles mini-cures pour 2026<\/p>\n<p>Alors que le spa thermal et l\u2019espace Aquasport restent ouverts toute l\u2019ann\u00e9e, l\u2019activit\u00e9 thermale reprendra du 16\u00a0mars au 29\u00a0novembre 2026. Pour l\u2019ann\u00e9e \u00e0 venir, l\u2019exploitant ValVital enrichit son offre avec plusieurs mini-cures. Cinq nouvelles th\u00e9matiques seront donc propos\u00e9es\u00a0: \u00ab\u00a0phl\u00e9bologie\u00a0\u00bb, \u00ab\u00a0l\u00e9g\u00e8ret\u00e9 jambes\u00a0\u00bb, \u00ab\u00a0Activ\u2019silouhette\u00a0\u00bb, \u00ab\u00a0sportif\u00a0\u00bb et \u00ab\u00a0l\u00e2cher prise\u00a0\u00bb. Les r\u00e9servations sont d\u00e9j\u00e0 ouvertes.<\/p>\n<p>Un contexte stabilis\u00e9<\/p>\n<p>Apr\u00e8s plusieurs saisons fragilis\u00e9es par les al\u00e9as techniques, ValVital mise sur cette premi\u00e8re ann\u00e9e \u00ab\u00a0pleine\u00a0\u00bb et sans interruption pour installer durablement l\u2019activit\u00e9 thermale \u00e0 Nancy. Le groupe, deuxi\u00e8me op\u00e9rateur thermal de France, esp\u00e8re d\u00e9sormais poursuivre la mont\u00e9e en puissance du site, soutenu par une fr\u00e9quentation locale importante et une offre \u00e9largie.<\/p>\n","protected":false},"excerpt":{"rendered":"Pour la premi\u00e8re fois depuis son ouverture, Nancy Thermal a pu mener \u00e0 bien une saison thermale compl\u00e8te,&hellip;\n","protected":false},"author":2,"featured_media":590131,"comment_status":"","ping_status":"","sticky":false,"template":"","format":"standard","meta":{"footnotes":""},"categories":[9635],"tags":[1111,11,1777,674,1011,27,775,1702,12,25],"class_list":{"0":"post-590130","1":"post","2":"type-post","3":"status-publish","4":"format-standard","5":"has-post-thumbnail","7":"category-nancy","8":"tag-actu","9":"tag-actualites","10":"tag-eu","11":"tag-europe","12":"tag-fr","13":"tag-france","14":"tag-grand-est","15":"tag-nancy","16":"tag-news","17":"tag-republique-francaise"},"share_on_mastodon":{"url":"https:\/\/pubeurope.com\/@fr\/115693985710708858","error":""},"_links":{"self":[{"href":"https:\/\/www.europesays.com\/fr\/wp-json\/wp\/v2\/posts\/590130","targetHints":{"allow":["GET"]}}],"collection":[{"href":"https:\/\/www.europesays.com\/fr\/wp-json\/wp\/v2\/posts"}],"about":[{"href":"https:\/\/www.europesays.com\/fr\/wp-json\/wp\/v2\/types\/post"}],"author":[{"embeddable":true,"href":"https:\/\/www.europesays.com\/fr\/wp-json\/wp\/v2\/users\/2"}],"replies":[{"embeddable":true,"href":"https:\/\/www.europesays.com\/fr\/wp-json\/wp\/v2\/comments?post=590130"}],"version-history":[{"count":0,"href":"https:\/\/www.europesays.com\/fr\/wp-json\/wp\/v2\/posts\/590130\/revisions"}],"wp:featuredmedia":[{"embeddable":true,"href":"https:\/\/www.europesays.com\/fr\/wp-json\/wp\/v2\/media\/590131"}],"wp:attachment":[{"href":"https:\/\/www.europesays.com\/fr\/wp-json\/wp\/v2\/media?parent=590130"}],"wp:term":[{"taxonomy":"category","embeddable":true,"href":"https:\/\/www.europesays.com\/fr\/wp-json\/wp\/v2\/categories?post=590130"},{"taxonomy":"post_tag","embeddable":true,"href":"https:\/\/www.europesays.com\/fr\/wp-json\/wp\/v2\/tags?post=590130"}],"curies":[{"name":"wp","href":"https:\/\/api.w.org\/{rel}","templated":true}]}}