{"id":590132,"date":"2025-12-10T07:02:15","date_gmt":"2025-12-10T07:02:15","guid":{"rendered":"https:\/\/www.europesays.com\/fr\/590132\/"},"modified":"2025-12-10T07:02:15","modified_gmt":"2025-12-10T07:02:15","slug":"incident-radio-le-reseau-stan-a-larret-dans-la-metropole-du-grand-nancy","status":"publish","type":"post","link":"https:\/\/www.europesays.com\/fr\/590132\/","title":{"rendered":"Incident radio\u00a0: le r\u00e9seau Stan \u00e0 l&rsquo;arr\u00eat dans la M\u00e9tropole du Grand Nancy"},"content":{"rendered":"<p>Un probl\u00e8me technique, t\u00f4t ce mercredi, a oblig\u00e9 Keolis Nancy \u00e0 rappeler tous les bus du r\u00e9seau Stan au d\u00e9p\u00f4t.<\/p>\n<p>\u00ab\u00a0D\u00e8s \u00e0 pr\u00e9sent, incident radio en cours emp\u00eache les v\u00e9hicules de circuler en toute s\u00e9curit\u00e9.\u00a0\u00bb Le message a \u00e9t\u00e9 post\u00e9 peu avant 6h00, ce mercredi 10 d\u00e9cembre, sur les r\u00e9seaux sociaux du r\u00e9seau Stan dans la M\u00e9tropole du Grand Nancy. Cons\u00e9quence imm\u00e9diate, tous les bus ont \u00e9t\u00e9 rappel\u00e9s au d\u00e9p\u00f4t par mesure de s\u00e9curit\u00e9. La ligne T1 du trolley \u00e9lectrique est \u00e9galement concern\u00e9e.<\/p>\n<p>A 7h30, dans un nouveau point de situation, le r\u00e9seau indiquait que l&rsquo;incident \u00e9tait toujours, et que seules deux lignes secondaires, la 10 et la 18 circulaient.<\/p>\n<p>En revanche, les lignes scolaires circulent normalement.<\/p>\n","protected":false},"excerpt":{"rendered":"Un probl\u00e8me technique, t\u00f4t ce mercredi, a oblig\u00e9 Keolis Nancy \u00e0 rappeler tous les bus du r\u00e9seau Stan&hellip;\n","protected":false},"author":2,"featured_media":590133,"comment_status":"","ping_status":"","sticky":false,"template":"","format":"standard","meta":{"footnotes":""},"categories":[9635],"tags":[1111,11,1777,674,1011,27,775,1702,12,25],"class_list":{"0":"post-590132","1":"post","2":"type-post","3":"status-publish","4":"format-standard","5":"has-post-thumbnail","7":"category-nancy","8":"tag-actu","9":"tag-actualites","10":"tag-eu","11":"tag-europe","12":"tag-fr","13":"tag-france","14":"tag-grand-est","15":"tag-nancy","16":"tag-news","17":"tag-republique-francaise"},"share_on_mastodon":{"url":"https:\/\/pubeurope.com\/@fr\/115693993615590492","error":""},"_links":{"self":[{"href":"https:\/\/www.europesays.com\/fr\/wp-json\/wp\/v2\/posts\/590132","targetHints":{"allow":["GET"]}}],"collection":[{"href":"https:\/\/www.europesays.com\/fr\/wp-json\/wp\/v2\/posts"}],"about":[{"href":"https:\/\/www.europesays.com\/fr\/wp-json\/wp\/v2\/types\/post"}],"author":[{"embeddable":true,"href":"https:\/\/www.europesays.com\/fr\/wp-json\/wp\/v2\/users\/2"}],"replies":[{"embeddable":true,"href":"https:\/\/www.europesays.com\/fr\/wp-json\/wp\/v2\/comments?post=590132"}],"version-history":[{"count":0,"href":"https:\/\/www.europesays.com\/fr\/wp-json\/wp\/v2\/posts\/590132\/revisions"}],"wp:featuredmedia":[{"embeddable":true,"href":"https:\/\/www.europesays.com\/fr\/wp-json\/wp\/v2\/media\/590133"}],"wp:attachment":[{"href":"https:\/\/www.europesays.com\/fr\/wp-json\/wp\/v2\/media?parent=590132"}],"wp:term":[{"taxonomy":"category","embeddable":true,"href":"https:\/\/www.europesays.com\/fr\/wp-json\/wp\/v2\/categories?post=590132"},{"taxonomy":"post_tag","embeddable":true,"href":"https:\/\/www.europesays.com\/fr\/wp-json\/wp\/v2\/tags?post=590132"}],"curies":[{"name":"wp","href":"https:\/\/api.w.org\/{rel}","templated":true}]}}