{"id":590136,"date":"2025-12-10T07:04:21","date_gmt":"2025-12-10T07:04:21","guid":{"rendered":"https:\/\/www.europesays.com\/fr\/590136\/"},"modified":"2025-12-10T07:04:21","modified_gmt":"2025-12-10T07:04:21","slug":"pourquoi-certains-habitants-de-ce-village-vont-devoir-changer-dadresse","status":"publish","type":"post","link":"https:\/\/www.europesays.com\/fr\/590136\/","title":{"rendered":"Pourquoi certains habitants de ce village vont devoir changer d\u2019adresse"},"content":{"rendered":"<p>Absence de num\u00e9ros de rues, lieux-dits au nom impr\u00e9cis\u2026 Dans le village de\u00a0Cenon-sur-Vienne, pr\u00e8s de Ch\u00e2tellerault (Vienne), une mise \u00e0 jour de l\u2019adressage s\u2019imposait. Elle aurait d\u00fb \u00eatre r\u00e9alis\u00e9e avant le 1er\u00a0juin 2024, comme dans toutes les autres communes de moins de 2\u00a0000\u00a0habitants. Mais \u00e0 Cenon-sur-Vienne, la d\u00e9marche a pris plus de temps, rapporte <a href=\"https:\/\/www.francebleu.fr\/infos\/societe\/beaucoup-de-livreurs-se-trompaient-cette-commune-de-la-vienne-met-enfin-a-jour-ses-adresses-7013295\" target=\"_blank\" rel=\"noopener\"> ici Poitou <\/a>.<\/p>\n<p><strong>\u00ab\u00a0L\u00e0, on a d\u00fb faire le recensement, on \u00e9tait incapable de retrouver o\u00f9 on \u00e9tait. C\u2019\u00e9tait compliqu\u00e9\u00a0\u00bb<\/strong>, a comment\u00e9\u00a0la maire, Odile Landreau. En effet, les habitants se donnaient eux-m\u00eames des num\u00e9ros. La mairie, qui fournit les plaques, ne v\u00e9rifiait pas si les num\u00e9ros \u00e9taient d\u00e9j\u00e0 attribu\u00e9s. Ce qui rendait difficile la distribution du courrier ou encore l\u2019intervention des secours.<\/p>\n<p>Des d\u00e9marches \u00e0 venir pour les habitants<\/p>\n<p>La municipalit\u00e9 avertira les habitants concern\u00e9s dans les prochaines semaines et leur donnera le bon num\u00e9ro \u00e0 apposer sur leur maison. Les personnes devront ensuite faire les d\u00e9marches n\u00e9cessaires aupr\u00e8s de l\u2019administration pour changer certains papiers, comme la carte grise par exemple.<\/p>\n<p>Pour en savoir plus\u00a0: lire l\u2019article d\u2019<a href=\"https:\/\/www.francebleu.fr\/infos\/societe\/beaucoup-de-livreurs-se-trompaient-cette-commune-de-la-vienne-met-enfin-a-jour-ses-adresses-7013295\" target=\"_blank\" rel=\"noopener\"> ici Poitou <\/a>.<\/p>\n<p>\u00a0<\/p>\n","protected":false},"excerpt":{"rendered":"Absence de num\u00e9ros de rues, lieux-dits au nom impr\u00e9cis\u2026 Dans le village de\u00a0Cenon-sur-Vienne, pr\u00e8s de Ch\u00e2tellerault (Vienne), une&hellip;\n","protected":false},"author":2,"featured_media":590137,"comment_status":"","ping_status":"","sticky":false,"template":"","format":"standard","meta":{"footnotes":""},"categories":[9619],"tags":[1111,11,30992,13410,1777,674,1011,27,4021,12,882,25,2310,6456],"class_list":{"0":"post-590136","1":"post","2":"type-post","3":"status-publish","4":"format-standard","5":"has-post-thumbnail","7":"category-toulon","8":"tag-actu","9":"tag-actualites","10":"tag-adresse","11":"tag-changer","12":"tag-eu","13":"tag-europe","14":"tag-fr","15":"tag-france","16":"tag-habitants","17":"tag-news","18":"tag-provence-alpes-cote-dazur","19":"tag-republique-francaise","20":"tag-toulon","21":"tag-village"},"share_on_mastodon":{"url":"https:\/\/pubeurope.com\/@fr\/115694001446863432","error":""},"_links":{"self":[{"href":"https:\/\/www.europesays.com\/fr\/wp-json\/wp\/v2\/posts\/590136","targetHints":{"allow":["GET"]}}],"collection":[{"href":"https:\/\/www.europesays.com\/fr\/wp-json\/wp\/v2\/posts"}],"about":[{"href":"https:\/\/www.europesays.com\/fr\/wp-json\/wp\/v2\/types\/post"}],"author":[{"embeddable":true,"href":"https:\/\/www.europesays.com\/fr\/wp-json\/wp\/v2\/users\/2"}],"replies":[{"embeddable":true,"href":"https:\/\/www.europesays.com\/fr\/wp-json\/wp\/v2\/comments?post=590136"}],"version-history":[{"count":0,"href":"https:\/\/www.europesays.com\/fr\/wp-json\/wp\/v2\/posts\/590136\/revisions"}],"wp:featuredmedia":[{"embeddable":true,"href":"https:\/\/www.europesays.com\/fr\/wp-json\/wp\/v2\/media\/590137"}],"wp:attachment":[{"href":"https:\/\/www.europesays.com\/fr\/wp-json\/wp\/v2\/media?parent=590136"}],"wp:term":[{"taxonomy":"category","embeddable":true,"href":"https:\/\/www.europesays.com\/fr\/wp-json\/wp\/v2\/categories?post=590136"},{"taxonomy":"post_tag","embeddable":true,"href":"https:\/\/www.europesays.com\/fr\/wp-json\/wp\/v2\/tags?post=590136"}],"curies":[{"name":"wp","href":"https:\/\/api.w.org\/{rel}","templated":true}]}}