{"id":590142,"date":"2025-12-10T07:07:13","date_gmt":"2025-12-10T07:07:13","guid":{"rendered":"https:\/\/www.europesays.com\/fr\/590142\/"},"modified":"2025-12-10T07:07:13","modified_gmt":"2025-12-10T07:07:13","slug":"ils-payent-une-fortune-de-parking-pour-visiter-leurs-proches-au-chu-de-rouen","status":"publish","type":"post","link":"https:\/\/www.europesays.com\/fr\/590142\/","title":{"rendered":"ils payent une \u00ab fortune \u00bb de parking pour visiter leurs proches au CHU de Rouen"},"content":{"rendered":"<p>                    Par<br \/>\n        <strong><br \/>\n            <a href=\"https:\/\/actu.fr\/auteur\/adrien-filoche\" title=\"Consulter tous les articles de Adrien Filoche\" target=\"_blank\" rel=\"noopener\">Adrien Filoche<\/a><br \/>\n                    <\/strong><\/p>\n<p>        Publi\u00e9 le<\/p>\n<p>            10 d\u00e9c. 2025 \u00e0 7h11<br \/>\n        ; mis \u00e0 jour le 10 d\u00e9c. 2025 \u00e0 7h10    <\/p>\n<p><strong>\u00ab\u2009Pr\u00e8s de 1000 euros en deux mois.\u2009\u00bb<\/strong> Voil\u00e0 la somme qu\u2019estime avoir d\u00e9pens\u00e9 Julien en stationnement. Entre le 18\u00a0novembre 2023 et le 19\u00a0janvier 2024, cet habitant d\u2019Elbeuf a rendu visite \u00e0 son p\u00e8re, hospitalis\u00e9 en soins intensifs au <a href=\"https:\/\/actu.fr\/tag\/chu-rouen\" target=\"_blank\" rel=\"noopener\">CHU de Rouen<\/a>. \u00ab\u2009Je me suis rendu chaque jour \u00e0 l\u2019h\u00f4pital. J\u2019ai \u00e9galement \u00e9t\u00e9 rappel\u00e9 plusieurs fois en pleine nuit pour prendre des d\u00e9cisions m\u00e9dicales\u2009\u00bb, raconte-t-il aupr\u00e8s de 76actu. \u00c0 chaque visite, <strong>parfois deux ou trois fois dans la m\u00eame journ\u00e9e<\/strong>, il se gare pendant plusieurs heures au parking P3 du CHU afin de se rendre au chevet de son p\u00e8re. \u00ab\u2009On est dans des moments d\u00e9j\u00e0 difficiles, alors on veut faire au plus simple\u2009\u00bb, souligne-t-il. Et puis, lorsque l\u2019on fait les comptes, on constate que la facture est sal\u00e9e.\u00a0Julien est loin d\u2019\u00eatre le seul \u00e0 avoir v\u00e9cu cette situation.<\/p>\n<p>Pour se garer au CHU de Rouen, la facture est sal\u00e9e<\/p>\n<p class=\" wall-content\">Sandrine, habitante de l\u2019Eure, partage la m\u00eame exp\u00e9rience. \u00ab\u2009Mon p\u00e8re a \u00e9t\u00e9 hospitalis\u00e9 en soins intensifs, puis en pneumologie entre mars et avril\u00a02025 pendant un mois et demi. Je ne vous raconte pas la facture \u00e0 la fin\u2009\u00bb, t\u00e9moigne-t-elle.<\/p>\n<p class=\" wall-content\">Aupr\u00e8s de son travail, elle parvient \u00e0 s\u2019arranger afin de pouvoir <strong>lui rendre visite chaque apr\u00e8s-midi.<\/strong> \u00ab\u2009G\u00e9n\u00e9ralement, j\u2019y \u00e9tais entre 14 et 18 heures. C\u2019est tr\u00e8s difficile de trouver une place, alors j\u2019\u00e9tais oblig\u00e9 de prendre le parking la plupart du temps\u2009\u00bb, poursuit l\u2019Euroise. Comme Julien, elle n\u2019a pas pris le temps de faire le d\u00e9tail de la somme totale d\u00e9bours\u00e9e. Il faut dire que ce n\u2019est pas la premi\u00e8re chose \u00e0 laquelle on pense lorsque l\u2019un de nos proches est malade.<\/p>\n<p class=\" wall-content\">Mais pour autant, <strong>la facture reste cons\u00e9quente et difficile \u00e0 avaler.<\/strong> Dans le cas de Sandrine, si on prend une moyenne de quatre jours de parking par semaine \u00e0 raison de quatre heures (8,60 euros) par jour sur une dur\u00e9e de six semaines, on tombe sur un total <strong>206,40 euros.<\/strong><\/p>\n<p class=\" wall-content\">Autre t\u00e9moignage, celui de Marie. Elle indique que sa fille est n\u00e9e en juillet et qu\u2019elle a \u00e9t\u00e9 hospitalis\u00e9e les deux premi\u00e8res semaines d\u2019ao\u00fbt, puis quelques jours en septembre o\u00f9 \u00ab\u2009nous avons appris un diagnostic de maladie g\u00e9n\u00e9tique qui engendre un suivi assez r\u00e9gulier au CHU\u2009\u00bb.<\/p>\n<blockquote class=\"ac-article-quote wall-content\">\n<p>Depuis le mois de septembre, j\u2019ai des trajets r\u00e9guliers pour le CHU. Lors des hospitalisations, mon conjoint a \u00e9galement utilis\u00e9 le parking.\u00a0Cela repr\u00e9sente un co\u00fbt assez important. Encore hier, j\u2019ai d\u00fb\u00a0passer\u00a0la matin\u00e9e sur place (entre 9 et 12 heures) et la facture affiche 7,40 euros.<\/p>\n<p>    <strong>Marie<\/strong>\n            <\/p><\/blockquote>\n<p class=\" wall-content\">Elle l\u2019assure, \u00ab\u2009le cumul depuis le mois d\u2019ao\u00fbt est vraiment cons\u00e9quent. Il est dommage que le tarif soit si \u00e9lev\u00e9, surtout quand on vient r\u00e9guli\u00e8rement pour du suivi\u2009\u00bb.<\/p>\n<p>Votre r\u00e9gion, votre actu !<\/p>\n<p>Recevez chaque jour les infos qui comptent pour vous.<\/p>\n<p>\t<a href=\"https:\/\/actu.fr\/newsletter\" class=\"ac-btn ac-btn--corner ac-btn--medium ac-btn--blue800\" target=\"_blank\" rel=\"noopener\">S&rsquo;incrire<\/a><\/p>\n<p class=\" wall-content\">Pour se garer au CHU, <strong>le parking Effia P3<\/strong> propose une tarification unique, que l\u2019on soit patient, visiteurs ou autre. Les <a href=\"https:\/\/www.effia.com\/parking\/parking-hopital-rouen-chu-p3-effia\" target=\"_blank\" rel=\"noopener\">tarifs<\/a> vont de 0,60 centime pour 30\u00a0minutes \u00e0 17,10\u00a0euros les 24\u00a0heures. 15\u00a0minutes de stationnement sont gratuites, quand il faut d\u00e9bourser 6,30\u00a0euros pour 3\u00a0heures et 13,10\u00a0euros pour 6\u00a0heures. Des forfaits (illimit\u00e9s par jour et par mois) sont \u00e9galement \u00e0 disposition mais sont soumis \u00e0 conditions, selon les places disponibles.<\/p>\n<p class=\" wall-content\">Julien, Sandrine et Marie (et ils sont loin d\u2019\u00eatre les seuls) d\u00e9plorent les tarifs du parking, pour des visites qui sont obligatoires et qu\u2019ils auraient pr\u00e9f\u00e9r\u00e9 ne pas avoir eu \u00e0 faire.<\/p>\n<p>\u00ab\u2009Le parking du CHU devrait \u00eatre gratuit\u2009\u00bb<\/p>\n<p class=\" wall-content\">Sandrine, Julien et Marie ont tous les trois r\u00e9pondu \u00e0 notre appel \u00e0 t\u00e9moignages lanc\u00e9 le 3 d\u00e9cembre 2025 sur <strong>Facebook<\/strong>. Preuve que le sujet r\u00e9sonne particuli\u00e8rement au sein de la population, nous avons re\u00e7u <strong>plusieurs centaines de t\u00e9moignages.<\/strong><\/p>\n<p>    <a href=\"https:\/\/www.facebook.com\/plugins\/post.php?href=https%3A%2F%2Fwww.facebook.com%2F76actu%2Fposts%2Fpfbid0EUK7fj5S7ct2sLrMpggW3kiA9QCdMAE4nxmxupyCoDa5yZpDja6fm8qJ7jZGd7Skl&amp;show_text=true&amp;width=350\" title=\"Ouvrie le lien\" target=\"_blank\" rel=\"noopener\">Cliquez ici pour visualiser le contenu<\/a><\/p>\n<p class=\" wall-content\">Parmi les commentaires, on retrouve celui de Chlo\u00e9\u2009: \u00ab\u2009\u00c9tant en parcours PMA sur le CHU de Rouen, j\u2019ai des co\u00fbts de parking importants suite \u00e0 mes <strong>rendez-vous r\u00e9guliers.<\/strong> C\u2019est exorbitant le prix du parking\u2009\u00bb. R\u00e9gine, elle, explique avoir \u00e9t\u00e9 hospitalis\u00e9e entre avril et juillet\u00a02022, \u00ab\u2009il m\u2019est arriv\u00e9 bien des fois de passer des jours entiers sans visite, ne voulant pas faire subir \u00e0 mes proches et amis le paiement de ce foutu stationnement\u2009\u00bb, raconte-t-elle.<\/p>\n<p>Des \u00e9lus veulent rendre les parkings des h\u00f4pitaux gratuits<\/p>\n<p>Depuis le 15 janvier 2025, les parkings de l\u2019h\u00f4pital de Cavale Blanche et de l\u2019h\u00f4pital Morvan \u00e0 Brest sont devenus payants. Plus de 25 000 signatures ont \u00e9t\u00e9 r\u00e9colt\u00e9es pour r\u00e9clamer le retour \u00e0 la gratuit\u00e9. Pierre-Yves Cadalen, d\u00e9put\u00e9 La France insoumise du Finist\u00e8re, a d\u00e9nonc\u00e9 cette d\u00e9cision. L&rsquo;\u00e9lu a d\u00e9pos\u00e9 en novembre 2025 une proposition de loi visant \u00e0 garantir la gratuit\u00e9 totale des parkings des \u00e9tablissements publics de sant\u00e9.<br \/>En mars 2024, le groupe Rassemblement national, avait d\u00e9j\u00e0 d\u00e9pos\u00e9 une proposition de loi visant \u00e0 interdire la mise en place de parkings priv\u00e9s pour les h\u00f4pitaux. Le Parti socialiste s\u2019est aussi empar\u00e9 de la question. St\u00e9phane Hablot, d\u00e9put\u00e9 socialiste de Meurthe-et-Moselle, porte lui aussi une proposition de loi visant \u00e0 instaurer la gratuit\u00e9 des parkings des h\u00f4pitaux publics pour les patients, les visiteurs et les employ\u00e9s sur leur temps de travail.<\/p>\n<p class=\" wall-content\">De son c\u00f4t\u00e9, Isabelle mart\u00e8le que \u00ab\u2009le parking du CHU devrait \u00eatre gratuit.<strong> Les patients ne choisissent pas d\u2019y aller.<\/strong> Cela peut \u00eatre dissuasif de s\u2019y rendre\u2009\u00bb. Elle est soutenue par L\u00e9onor qui justifie que \u00ab\u2009le CHU de Rouen est un \u00e9tablissement public, non\u2009? Le stationnement devrait l\u2019\u00eatre aussi\u2009\u00bb.<\/p>\n<p class=\" wall-content\">Jenifer, elle, confie s\u2019\u00eatre fait <strong>op\u00e9rer au mois de mai d\u2019une tumeur c\u00e9r\u00e9brale\u2009:<\/strong> \u00ab\u2009Mon mari est venu toute la journ\u00e9e. Je suis rentr\u00e9e en soin intensif et il est rest\u00e9 avec moi jusqu\u2019au soir. Juste pour cette journ\u00e9e, il en a eu pour 28\u00a0euros, plus les jours d\u2019hospitalisation\u2009\u00bb.<\/p>\n<p>Le CHU d\u00e9fend \u00ab\u2009des tarifs corrects\u2009\u00bb<\/p>\n<p class=\" wall-content\">Interrog\u00e9, le CHU rappelle que la probl\u00e9matique du stationnement \u00e0 l\u2019h\u00f4pital <strong>ne date pas d\u2019aujourd\u2019hui.<\/strong> Pour pallier le probl\u00e8me, l\u2019\u00e9tablissement de sant\u00e9 indique avoir \u0153uvr\u00e9 sur l\u2019extension du parking d\u00e9j\u00e0 existant. Depuis le d\u00e9but d\u2019ann\u00e9e 2025, le parking P3 dispose ainsi d\u2019une <a href=\"https:\/\/actu.fr\/normandie\/rouen_76540\/bientot-un-nouveau-parking-au-chu-de-rouen-fini-le-casse-tete-pour-se-garer_61064490.html\" target=\"_blank\" rel=\"noopener\">extension comprenant plus de 600 places suppl\u00e9mentaires.<\/a><\/p>\n<p class=\" wall-content\">Pour l\u2019offre de stationnement au CHU de Rouen, <strong>le d\u00e9l\u00e9gataire choisi pour 20\u00a0ans est Effia.<\/strong> Enfin, en ce qui concerne les places de parking \u00e0 l\u2019int\u00e9rieur du site (cela ne concerne pas le P3), les tarifs sont volontairement \u00e9lev\u00e9s afin d\u2019\u00e9viter les stationnements de longue dur\u00e9e. \u00ab\u2009Ce sont des places <strong>plut\u00f4t destin\u00e9es au d\u00e9pose-minute<\/strong>\u2009\u00bb, justifie le CHU.<\/p>\n<blockquote class=\"ac-article-quote wall-content\">\n<p>La seule solution pour permettre aux gens de se garer, c\u2019\u00e9tait de cr\u00e9er davantage de places de parking. La probl\u00e9matique au CHU, c\u2019est qu\u2019on ne pouvait pas se garer. Depuis janvier, nous avons des nouvelles places. Il y a une offre sup\u00e9rieure \u00e0 ce qui avait \u00e9t\u00e9 fait auparavant. Le parking est moderne et offre de meilleurs services.<\/p>\n<p>    <strong>Le CHU de Rouen<\/strong>\n            <\/p><\/blockquote>\n<p class=\" wall-content\">Concernant les tarifs, l\u2019\u00e9tablissement d\u00e9fend\u2009: \u00ab\u2009Le parking propose des places de parking \u00e0 des prix corrects, identiques \u00e0 ceux que l\u2019on retrouve en ville. Depuis l\u2019extension du P3, il n\u2019y a plus cette probl\u00e9matique de stationnement\u2009\u00bb.<\/p>\n<p class=\" wall-content\">\u00c0 noter par ailleurs que le CHU r\u00e9cup\u00e8re un \u00ab\u2009petit pourcentage\u2009\u00bb sur l\u2019argent du stationnement. \u00ab\u2009Cet argent est r\u00e9inject\u00e9 dans les soins et le fonctionnement de l\u2019h\u00f4pital\u2009\u00bb, pr\u00e9cise l\u2019\u00e9tablissement, indiquant que cette somme demeure minime dans l\u2019enveloppe totale de l\u2019\u00e9tablissement.<\/p>\n<p>Suivez l\u2019actualit\u00e9 de Rouen sur <a href=\"https:\/\/www.whatsapp.com\/channel\/0029VaKfnf99hXF2ddApFB1D\" target=\"_blank\" rel=\"noopener\">notre cha\u00eene WhatsApp<\/a> et sur <a href=\"https:\/\/www.tiktok.com\/@76actu.fr?lang=fr\" target=\"_blank\" rel=\"noopener\">notre compte TikTok<\/a><\/p>\n<p class=\" wall-content\">Personnalisez votre actualit\u00e9 en ajoutant vos villes et m\u00e9dias en favori avec <a href=\"https:\/\/moncompte.actu.fr\" title=\"D\u00e9couvez Mon Actu\" rel=\"nofollow noopener\" data-trk=\"{&quot;cta&quot;:{&quot;action&quot;:&quot;https:\\\/\\\/moncompte.actu.fr&quot;,&quot;category&quot;:&quot;mon compte&quot;,&quot;from&quot;:&quot;article footer&quot;,&quot;name&quot;:&quot;Mon actu&quot;,&quot;type&quot;:&quot;cta&quot;}}\" target=\"_blank\">Mon Actu<\/a>.<\/p>\n<p>                    <script async src=\"\/\/www.tiktok.com\/embed.js\"><\/script><\/p>\n","protected":false},"excerpt":{"rendered":"Par Adrien Filoche Publi\u00e9 le 10 d\u00e9c. 2025 \u00e0 7h11 ; mis \u00e0 jour le 10 d\u00e9c. 2025&hellip;\n","protected":false},"author":2,"featured_media":590143,"comment_status":"","ping_status":"","sticky":false,"template":"","format":"standard","meta":{"footnotes":""},"categories":[9587],"tags":[1111,11,9682,1777,674,1011,27,12,5161,25,9590,71,104,6173],"class_list":{"0":"post-590142","1":"post","2":"type-post","3":"status-publish","4":"format-standard","5":"has-post-thumbnail","7":"category-rouen","8":"tag-actu","9":"tag-actualites","10":"tag-chu-rouen","11":"tag-eu","12":"tag-europe","13":"tag-fr","14":"tag-france","15":"tag-news","16":"tag-normandie","17":"tag-republique-francaise","18":"tag-rouen","19":"tag-sante","20":"tag-societe","21":"tag-stationnement"},"share_on_mastodon":{"url":"https:\/\/pubeurope.com\/@fr\/115694013257536335","error":""},"_links":{"self":[{"href":"https:\/\/www.europesays.com\/fr\/wp-json\/wp\/v2\/posts\/590142","targetHints":{"allow":["GET"]}}],"collection":[{"href":"https:\/\/www.europesays.com\/fr\/wp-json\/wp\/v2\/posts"}],"about":[{"href":"https:\/\/www.europesays.com\/fr\/wp-json\/wp\/v2\/types\/post"}],"author":[{"embeddable":true,"href":"https:\/\/www.europesays.com\/fr\/wp-json\/wp\/v2\/users\/2"}],"replies":[{"embeddable":true,"href":"https:\/\/www.europesays.com\/fr\/wp-json\/wp\/v2\/comments?post=590142"}],"version-history":[{"count":0,"href":"https:\/\/www.europesays.com\/fr\/wp-json\/wp\/v2\/posts\/590142\/revisions"}],"wp:featuredmedia":[{"embeddable":true,"href":"https:\/\/www.europesays.com\/fr\/wp-json\/wp\/v2\/media\/590143"}],"wp:attachment":[{"href":"https:\/\/www.europesays.com\/fr\/wp-json\/wp\/v2\/media?parent=590142"}],"wp:term":[{"taxonomy":"category","embeddable":true,"href":"https:\/\/www.europesays.com\/fr\/wp-json\/wp\/v2\/categories?post=590142"},{"taxonomy":"post_tag","embeddable":true,"href":"https:\/\/www.europesays.com\/fr\/wp-json\/wp\/v2\/tags?post=590142"}],"curies":[{"name":"wp","href":"https:\/\/api.w.org\/{rel}","templated":true}]}}