{"id":590148,"date":"2025-12-10T07:11:52","date_gmt":"2025-12-10T07:11:52","guid":{"rendered":"https:\/\/www.europesays.com\/fr\/590148\/"},"modified":"2025-12-10T07:11:52","modified_gmt":"2025-12-10T07:11:52","slug":"gf38-mhsc-simon-ngapandouetnbu-et-nathanael-mbuku-seront-bien-presents-a-grenoble","status":"publish","type":"post","link":"https:\/\/www.europesays.com\/fr\/590148\/","title":{"rendered":"[GF38-MHSC] Simon Ngapandouetnbu et Nathana\u00ebl Mbuku seront bien pr\u00e9sents \u00e0 Grenoble"},"content":{"rendered":"<p><a href=\"https:\/\/www.midilibre.fr\/2025\/12\/09\/grenoble-mhsc-nathanael-mbuku-et-simon-ngapandouetnbu-seront-presents-pour-le-voyage-dans-les-alpes-13100326.php\" title=\"\" target=\"_blank\" rel=\"noopener\">Le Midi Libre nous confirme ce mardi<\/a> que les deux internationaux amen\u00e9s \u00e0 disputer la CAN seront du d\u00e9placement dans l\u2019Is\u00e8re ce samedi, 8 petits jours avant le d\u00e9but de la comp\u00e9tition.<\/p>\n<p>Le choix leur a \u00e9t\u00e9 laiss\u00e9 par Papus Camara, qui t\u00e9moignait ce matin \u201cJeudi, apr\u00e8s l\u2019annonce \u00e0 la conf\u00e9rence de presse, j\u2019en ai discut\u00e9 avec Simon et Nathana\u00ebl afin qu\u2019ils puissent s\u2019organiser. Spontan\u00e9ment, ils ont fait part de leur volont\u00e9 de jouer \u00e0 Grenoble. C\u2019est leur choix, c\u2019est bien\u201d.<\/p>\n<p>Le MHSC b\u00e9n\u00e9ficie ainsi de la marge de manoeuvre autoris\u00e9e par la FIFA, qui \u00e9tendait les conditions de d\u00e9part en laissant aux clubs la possibilit\u00e9 de lib\u00e9rer les internationaux africains convoqu\u00e9s le 15 d\u00e9cembre au lieu du 7 d\u00e9cembre. L\u2019entra\u00eeneur montpelli\u00e9rain s\u2019\u00e9tait d\u2019ailleurs montr\u00e9 dubitatif vis-\u00e0-vis de cette mesure, en supposant qu\u2019une telle d\u00e9cision ne s\u2019appliquerait pas forc\u00e9ment dans le cadre d\u2019une autre comp\u00e9tition continentale.<\/p>\n","protected":false},"excerpt":{"rendered":"Le Midi Libre nous confirme ce mardi que les deux internationaux amen\u00e9s \u00e0 disputer la CAN seront du&hellip;\n","protected":false},"author":2,"featured_media":590149,"comment_status":"","ping_status":"","sticky":false,"template":"","format":"standard","meta":{"footnotes":""},"categories":[9566],"tags":[328,1111,11,2430,1777,674,1011,27,70323,2731,12,25,1650],"class_list":{"0":"post-590148","1":"post","2":"type-post","3":"status-publish","4":"format-standard","5":"has-post-thumbnail","7":"category-grenoble","8":"tag-a-la-une","9":"tag-actu","10":"tag-actualites","11":"tag-auvergne-rhone-alpes","12":"tag-eu","13":"tag-europe","14":"tag-fr","15":"tag-france","16":"tag-gf38-mhsc","17":"tag-grenoble","18":"tag-news","19":"tag-republique-francaise","20":"tag-selection"},"share_on_mastodon":{"url":"https:\/\/pubeurope.com\/@fr\/115694032834418872","error":""},"_links":{"self":[{"href":"https:\/\/www.europesays.com\/fr\/wp-json\/wp\/v2\/posts\/590148","targetHints":{"allow":["GET"]}}],"collection":[{"href":"https:\/\/www.europesays.com\/fr\/wp-json\/wp\/v2\/posts"}],"about":[{"href":"https:\/\/www.europesays.com\/fr\/wp-json\/wp\/v2\/types\/post"}],"author":[{"embeddable":true,"href":"https:\/\/www.europesays.com\/fr\/wp-json\/wp\/v2\/users\/2"}],"replies":[{"embeddable":true,"href":"https:\/\/www.europesays.com\/fr\/wp-json\/wp\/v2\/comments?post=590148"}],"version-history":[{"count":0,"href":"https:\/\/www.europesays.com\/fr\/wp-json\/wp\/v2\/posts\/590148\/revisions"}],"wp:featuredmedia":[{"embeddable":true,"href":"https:\/\/www.europesays.com\/fr\/wp-json\/wp\/v2\/media\/590149"}],"wp:attachment":[{"href":"https:\/\/www.europesays.com\/fr\/wp-json\/wp\/v2\/media?parent=590148"}],"wp:term":[{"taxonomy":"category","embeddable":true,"href":"https:\/\/www.europesays.com\/fr\/wp-json\/wp\/v2\/categories?post=590148"},{"taxonomy":"post_tag","embeddable":true,"href":"https:\/\/www.europesays.com\/fr\/wp-json\/wp\/v2\/tags?post=590148"}],"curies":[{"name":"wp","href":"https:\/\/api.w.org\/{rel}","templated":true}]}}