{"id":590150,"date":"2025-12-10T07:13:12","date_gmt":"2025-12-10T07:13:12","guid":{"rendered":"https:\/\/www.europesays.com\/fr\/590150\/"},"modified":"2025-12-10T07:13:12","modified_gmt":"2025-12-10T07:13:12","slug":"artistique-et-artisanal-un-marche-de-noel-nocturne-va-se-tenir-ces-prochains-jours-a-rennes","status":"publish","type":"post","link":"https:\/\/www.europesays.com\/fr\/590150\/","title":{"rendered":"\u00ab\u00a0Artistique et artisanal\u00a0\u00bb, un march\u00e9 de No\u00ebl nocturne va se tenir ces prochains jours \u00e0 Rennes"},"content":{"rendered":"<p>                    Par<br \/>\n        <strong><br \/>\n            <a href=\"https:\/\/actu.fr\/auteur\/laurene-fertin\" title=\"Consulter tous les articles de Laur\u00e8ne Fertin\" target=\"_blank\" rel=\"noopener\">Laur\u00e8ne Fertin<\/a><br \/>\n                    <\/strong><\/p>\n<p>        Publi\u00e9 le<\/p>\n<p>            10 d\u00e9c. 2025 \u00e0 7h37        <\/p>\n<p><strong>De 16h \u00e0 22h<\/strong>,<strong> jeudi\u00a011 et vendredi 12\u00a0d\u00e9cembre<\/strong> 2025, <strong>un march\u00e9 nocturne de No\u00ebl<\/strong> va prendre place <strong>rue Gis\u00e8le-Freund<\/strong>, \u00e0 Rennes, dans le quartier de la Courrouze.<\/p>\n<p class=\" wall-content\">L\u2019\u00e9v\u00e9nement est organis\u00e9 par Le mur habit\u00e9 et Les ateliers du vent\u2009; les organisateurs promettent un moment \u00ab<strong>\u2009chaleureux et intimiste\u2009\u00bb,<\/strong> \u00ab\u2009loin de l\u2019agitation des week-ends\u2009\u00bb.<\/p>\n<p>Bijoux, maroquinerie, c\u00e9ramiques\u2026<\/p>\n<p class=\" wall-content\">Sur ce march\u00e9, qui se veut \u00ab\u2009artistique et artisanal\u2009\u00bb, plus de<strong> 40 artisans et artisanes<\/strong> vont pr\u00e9senter leurs cr\u00e9ations\u2009: \u00ab\u2009c\u00e9ramiques, mosa\u00efques et bijoux, maroquinerie, illustrations et micro\u00e9ditions, linogravure et s\u00e9rigraphie, broderie, couture et crochet, reliure\u2026\u2009\u00bb.<\/p>\n<p class=\" wall-content\">Habituellement ferm\u00e9s au public, Le mur habit\u00e9 et Les ateliers du vent <strong>ouvrent leurs portes<\/strong> au public. <strong>L\u2019occasion d\u2019\u00e9changer avec les artistes<\/strong>, cr\u00e9ateurs et cr\u00e9atrices, et de voir l\u2019envers du d\u00e9cor.<\/p>\n<p>Infos pratiques\u2009: jeudi\u00a011 et vendredi 12\u00a0d\u00e9cembre 2025, de 16h \u00e0 22h, rue Gis\u00e8le-Freund \u00e0 Rennes.<\/p>\n<p class=\" wall-content\">Personnalisez votre actualit\u00e9 en ajoutant vos villes et m\u00e9dias en favori avec <a href=\"https:\/\/moncompte.actu.fr\" title=\"D\u00e9couvez Mon Actu\" rel=\"nofollow noopener\" data-trk=\"{&quot;cta&quot;:{&quot;action&quot;:&quot;https:\\\/\\\/moncompte.actu.fr&quot;,&quot;category&quot;:&quot;mon compte&quot;,&quot;from&quot;:&quot;article footer&quot;,&quot;name&quot;:&quot;Mon actu&quot;,&quot;type&quot;:&quot;cta&quot;}}\" target=\"_blank\">Mon Actu<\/a>.<\/p>\n","protected":false},"excerpt":{"rendered":"Par Laur\u00e8ne Fertin Publi\u00e9 le 10 d\u00e9c. 2025 \u00e0 7h37 De 16h \u00e0 22h, jeudi\u00a011 et vendredi 12\u00a0d\u00e9cembre&hellip;\n","protected":false},"author":2,"featured_media":590151,"comment_status":"","ping_status":"","sticky":false,"template":"","format":"standard","meta":{"footnotes":""},"categories":[2821],"tags":[1111,11,1477,829,1777,674,1011,27,1652,12,57084,584,25],"class_list":{"0":"post-590150","1":"post","2":"type-post","3":"status-publish","4":"format-standard","5":"has-post-thumbnail","7":"category-rennes","8":"tag-actu","9":"tag-actualites","10":"tag-artisanat","11":"tag-bretagne","12":"tag-eu","13":"tag-europe","14":"tag-fr","15":"tag-france","16":"tag-loisirs-culture","17":"tag-news","18":"tag-noel-a-rennes","19":"tag-rennes","20":"tag-republique-francaise"},"share_on_mastodon":{"url":"https:\/\/pubeurope.com\/@fr\/115694036976512215","error":""},"_links":{"self":[{"href":"https:\/\/www.europesays.com\/fr\/wp-json\/wp\/v2\/posts\/590150","targetHints":{"allow":["GET"]}}],"collection":[{"href":"https:\/\/www.europesays.com\/fr\/wp-json\/wp\/v2\/posts"}],"about":[{"href":"https:\/\/www.europesays.com\/fr\/wp-json\/wp\/v2\/types\/post"}],"author":[{"embeddable":true,"href":"https:\/\/www.europesays.com\/fr\/wp-json\/wp\/v2\/users\/2"}],"replies":[{"embeddable":true,"href":"https:\/\/www.europesays.com\/fr\/wp-json\/wp\/v2\/comments?post=590150"}],"version-history":[{"count":0,"href":"https:\/\/www.europesays.com\/fr\/wp-json\/wp\/v2\/posts\/590150\/revisions"}],"wp:featuredmedia":[{"embeddable":true,"href":"https:\/\/www.europesays.com\/fr\/wp-json\/wp\/v2\/media\/590151"}],"wp:attachment":[{"href":"https:\/\/www.europesays.com\/fr\/wp-json\/wp\/v2\/media?parent=590150"}],"wp:term":[{"taxonomy":"category","embeddable":true,"href":"https:\/\/www.europesays.com\/fr\/wp-json\/wp\/v2\/categories?post=590150"},{"taxonomy":"post_tag","embeddable":true,"href":"https:\/\/www.europesays.com\/fr\/wp-json\/wp\/v2\/tags?post=590150"}],"curies":[{"name":"wp","href":"https:\/\/api.w.org\/{rel}","templated":true}]}}