{"id":590160,"date":"2025-12-10T07:18:12","date_gmt":"2025-12-10T07:18:12","guid":{"rendered":"https:\/\/www.europesays.com\/fr\/590160\/"},"modified":"2025-12-10T07:18:12","modified_gmt":"2025-12-10T07:18:12","slug":"sa-petite-fille-denonce-une-recuperation-politique-de-christian-estrosi","status":"publish","type":"post","link":"https:\/\/www.europesays.com\/fr\/590160\/","title":{"rendered":"sa petite-fille d\u00e9nonce une \u00abr\u00e9cup\u00e9ration politique\u00bb de Christian Estrosi"},"content":{"rendered":"<p>\n    Martine M\u00e9decin, fille et petite-fille des anciens maires de Nice Jacques et Jean, assure ne pas avoir \u00e9t\u00e9 inform\u00e9e en amont de la comm\u00e9moration organis\u00e9e par la municipalit\u00e9.<\/p>\n<p class=\"fig-paragraph\">Les soixante ans de la mort de Jean M\u00e9decin, ancien maire embl\u00e9matique de Nice (Alpes-Maritimes), tournent \u00e0 la pol\u00e9mique depuis que sa petite-fille, Martine M\u00e9decin, a d\u00e9nonc\u00e9 une \u00abr\u00e9cup\u00e9ration politique\u00bb de l\u2019actuel \u00e9dile\u00a0<a href=\"http:\/\/www.lefigaro.fr\/nice\/municipales-2026-a-nice-christian-estrosi-lance-officiellement-sa-campagne-lors-d-une-grande-reunion-publique-20251122\" data-fig-type=\"NewsFlash\" data-gtm-custom-categorie=\"navigation\" data-gtm-custom-action=\"crossclick\" data-gtm-custom-label=\"Contextuel\" data-gtm-event=\"customEventSPE\" data-fig-domain=\"LEFIGARO\" target=\"_blank\" rel=\"noopener\">Christian Estrosi<\/a>. Sur les r\u00e9seaux sociaux, elle assure ne pas avoir \u00e9t\u00e9 inform\u00e9e en amont par la municipalit\u00e9 de l\u2019organisation d\u2019une c\u00e9r\u00e9monie comm\u00e9morative, ce qu\u2019elle juge \u00abinadmissible, inconcevable voire r\u00e9voltant\u00bb.<\/p>\n<p class=\"fig-paragraph\">La descendante M\u00e9decin, petite-fille et fille des maires Jean et Jacques, a ainsi fait part de son \u00abras-le-bol des sempiternelles r\u00e9cup\u00e9rations politiques, toujours \u00e0 quelques encablures des \u00e9lections\u00bb. \u00abMon seuil de tol\u00e9rance est atteint\u00bb, raille-t-elle dans une publication largement comment\u00e9e sur son compte Facebook. Elle vise Christian Estrosi (Horizons), \u00abun personnage qui n\u2019a de cesse que de d\u00e9truire tout ce que mon p\u00e8re a b\u00e2ti pour effacer toute trace de ce dernier\u00bb, poursuit-elle en r\u00e9f\u00e9rence \u00e0\u00a0<a href=\"http:\/\/www.lefigaro.fr\/nice\/l-extension-de-la-coulee-verte-a-nice-l-aboutissement-d-un-projet-controverse-de-christian-estrosi-20251022\" data-fig-type=\"NewsFlash\" data-gtm-custom-categorie=\"navigation\" data-gtm-custom-action=\"crossclick\" data-gtm-custom-label=\"Contextuel\" data-gtm-event=\"customEventSPE\" data-fig-domain=\"LEFIGARO\" target=\"_blank\" rel=\"noopener\">la d\u00e9molition du palais des congr\u00e8s Acropolis<\/a>.<\/p>\n<p>                                            <a class=\"fig-a11y-skip\" href=\"#fig-a11y-skip-main-inarticle\" data-module=\"a11y-skip\" data-context=\"was @visible\"><br \/>\n    Passer la publicit\u00e9<br \/>\n<\/a>            <\/p>\n<p class=\"fig-paragraph\">Martine M\u00e9decin ne cache pas \u00eatre proche du d\u00e9put\u00e9 ni\u00e7ois\u00a0<a href=\"http:\/\/www.lefigaro.fr\/nice\/municipales-a-nice-eric-ciotti-indique-que-sa-liste-n-aura-pas-d-etiquette-politique-ni-le-logo-du-rn-20251125\" data-fig-type=\"NewsFlash\" data-gtm-custom-categorie=\"navigation\" data-gtm-custom-action=\"crossclick\" data-gtm-custom-label=\"Contextuel\" data-gtm-event=\"customEventSPE\" data-fig-domain=\"LEFIGARO\" target=\"_blank\" rel=\"noopener\">\u00c9ric Ciotti (UDR)<\/a>, qu\u2019elle soutiendra aux prochaines municipales \u00e0 Nice. \u00abJe reproche des choses \u00e0 Christian Estrosi, mais l\u00e0, il s\u2019agit de ma famille. Je ne me serai pas oppos\u00e9 \u00e0 cette comm\u00e9moration, mais au moins, pr\u00e9venez-moi\u00a0!\u00bb, explique-t-elle au Figaro.<\/p>\n<p>                                            Invitation<\/p>\n<p class=\"fig-paragraph\">Un courriel d\u2019invitation du protocole de la ville de Nice lui a \u00e9t\u00e9 envoy\u00e9 le vendredi 5 d\u00e9cembre ainsi qu\u2019une lettre en date du 4, pour cette c\u00e9r\u00e9monie qui doit se tenir le 18 \u00e0 8h30. Dans la missive, Christian Estrosi qualifie Jean M\u00e9decin de \u00abgrand serviteur de la cit\u00e9\u00bb et de \u00abmaire visionnaire\u00bb. Mais Martine M\u00e9decin d\u00e9plore le fait de ne pas avoir \u00e9t\u00e9 pr\u00e9venue plus t\u00f4t de cette c\u00e9r\u00e9monie publique.<\/p>\n<p class=\"fig-paragraph\">Elle fait savoir qu\u2019elle ne se rendra pas \u00e0 ce rassemblement avec un d\u00e9p\u00f4t de gerbes devant le buste de Jean M\u00e9decin, situ\u00e9 \u00e0 l\u2019angle de l\u2019avenue de Verdun et de la promenade des Anglais. \u00c0 Nice, l\u2019h\u00e9ritage \u00abm\u00e9deciniste\u00bb est souvent \u00e9voqu\u00e9 et revendiqu\u00e9 alors que l\u2019art\u00e8re principale de la ville et un arr\u00eat de tramway portent le nom de Jean M\u00e9decin, maire de 1958 jusqu\u2019\u00e0 la fin de ses jours le 18 d\u00e9cembre 1965, \u00e0 qui a succ\u00e9d\u00e9 son fils Jacques (1966-1990).<\/p>\n","protected":false},"excerpt":{"rendered":"Martine M\u00e9decin, fille et petite-fille des anciens maires de Nice Jacques et Jean, assure ne pas avoir \u00e9t\u00e9&hellip;\n","protected":false},"author":2,"featured_media":590161,"comment_status":"","ping_status":"","sticky":false,"template":"","format":"standard","meta":{"footnotes":""},"categories":[2819],"tags":[1111,11,2397,17337,1777,674,1011,27,70324,12,2401,882,25],"class_list":{"0":"post-590160","1":"post","2":"type-post","3":"status-publish","4":"format-standard","5":"has-post-thumbnail","7":"category-nice","8":"tag-actu","9":"tag-actualites","10":"tag-christian-estrosi","11":"tag-commemoration","12":"tag-eu","13":"tag-europe","14":"tag-fr","15":"tag-france","16":"tag-mairie-de-nice","17":"tag-news","18":"tag-nice","19":"tag-provence-alpes-cote-dazur","20":"tag-republique-francaise"},"share_on_mastodon":{"url":"https:\/\/pubeurope.com\/@fr\/115694056516657344","error":""},"_links":{"self":[{"href":"https:\/\/www.europesays.com\/fr\/wp-json\/wp\/v2\/posts\/590160","targetHints":{"allow":["GET"]}}],"collection":[{"href":"https:\/\/www.europesays.com\/fr\/wp-json\/wp\/v2\/posts"}],"about":[{"href":"https:\/\/www.europesays.com\/fr\/wp-json\/wp\/v2\/types\/post"}],"author":[{"embeddable":true,"href":"https:\/\/www.europesays.com\/fr\/wp-json\/wp\/v2\/users\/2"}],"replies":[{"embeddable":true,"href":"https:\/\/www.europesays.com\/fr\/wp-json\/wp\/v2\/comments?post=590160"}],"version-history":[{"count":0,"href":"https:\/\/www.europesays.com\/fr\/wp-json\/wp\/v2\/posts\/590160\/revisions"}],"wp:featuredmedia":[{"embeddable":true,"href":"https:\/\/www.europesays.com\/fr\/wp-json\/wp\/v2\/media\/590161"}],"wp:attachment":[{"href":"https:\/\/www.europesays.com\/fr\/wp-json\/wp\/v2\/media?parent=590160"}],"wp:term":[{"taxonomy":"category","embeddable":true,"href":"https:\/\/www.europesays.com\/fr\/wp-json\/wp\/v2\/categories?post=590160"},{"taxonomy":"post_tag","embeddable":true,"href":"https:\/\/www.europesays.com\/fr\/wp-json\/wp\/v2\/tags?post=590160"}],"curies":[{"name":"wp","href":"https:\/\/api.w.org\/{rel}","templated":true}]}}