{"id":590162,"date":"2025-12-10T07:19:21","date_gmt":"2025-12-10T07:19:21","guid":{"rendered":"https:\/\/www.europesays.com\/fr\/590162\/"},"modified":"2025-12-10T07:19:21","modified_gmt":"2025-12-10T07:19:21","slug":"reze-le-cepal-organise-un-marche-de-createurs","status":"publish","type":"post","link":"https:\/\/www.europesays.com\/fr\/590162\/","title":{"rendered":"Rez\u00e9. Le Cepal organise un march\u00e9 de cr\u00e9ateurs"},"content":{"rendered":"<p>Le bureau et les b\u00e9n\u00e9voles du Cepal (centre d\u2019\u00e9ducation populaire amicale la\u00efque) de la commune organisent, ce week-end, un march\u00e9 de cr\u00e9ateurs. Une grosse vingtaine d\u2019exposants du d\u00e9partement, de Rez\u00e9 \u00e0 Monni\u00e8res, proposeront des id\u00e9es de cadeaux de No\u00ebl, pour toutes les bourses et tous les go\u00fbts. Au programme des ventes\u00a0: des sacs, des bijoux, des v\u00eatements, des livres pour enfants, des c\u00e9ramiques, des bougies, des cr\u00e9ations faites \u00e0 partir d\u2019objets recycl\u00e9s\u2026 Une offre de petite restauration est pr\u00e9vue sur place, il y aura \u00e9galement des lots de cr\u00e9ateurs \u00e0 gagner.<\/p>\n<p>Samedi\u00a013 et dimanche 14\u00a0d\u00e9cembre, de 10\u00a0h \u00e0 18\u00a0h, au 8, rue des Roquios.<\/p>\n<p>\u00a0<\/p>\n","protected":false},"excerpt":{"rendered":"Le bureau et les b\u00e9n\u00e9voles du Cepal (centre d\u2019\u00e9ducation populaire amicale la\u00efque) de la commune organisent, ce week-end,&hellip;\n","protected":false},"author":2,"featured_media":590163,"comment_status":"","ping_status":"","sticky":false,"template":"","format":"standard","meta":{"footnotes":""},"categories":[2818],"tags":[1111,11,4945,14063,1777,674,1011,27,2089,766,12,9271,2636,25,3740],"class_list":{"0":"post-590162","1":"post","2":"type-post","3":"status-publish","4":"format-standard","5":"has-post-thumbnail","7":"category-nantes","8":"tag-actu","9":"tag-actualites","10":"tag-cepal","11":"tag-createurs","12":"tag-eu","13":"tag-europe","14":"tag-fr","15":"tag-france","16":"tag-marche","17":"tag-nantes","18":"tag-news","19":"tag-organise","20":"tag-pays-de-la-loire","21":"tag-republique-francaise","22":"tag-reze"},"share_on_mastodon":{"url":"https:\/\/pubeurope.com\/@fr\/115694060608484925","error":""},"_links":{"self":[{"href":"https:\/\/www.europesays.com\/fr\/wp-json\/wp\/v2\/posts\/590162","targetHints":{"allow":["GET"]}}],"collection":[{"href":"https:\/\/www.europesays.com\/fr\/wp-json\/wp\/v2\/posts"}],"about":[{"href":"https:\/\/www.europesays.com\/fr\/wp-json\/wp\/v2\/types\/post"}],"author":[{"embeddable":true,"href":"https:\/\/www.europesays.com\/fr\/wp-json\/wp\/v2\/users\/2"}],"replies":[{"embeddable":true,"href":"https:\/\/www.europesays.com\/fr\/wp-json\/wp\/v2\/comments?post=590162"}],"version-history":[{"count":0,"href":"https:\/\/www.europesays.com\/fr\/wp-json\/wp\/v2\/posts\/590162\/revisions"}],"wp:featuredmedia":[{"embeddable":true,"href":"https:\/\/www.europesays.com\/fr\/wp-json\/wp\/v2\/media\/590163"}],"wp:attachment":[{"href":"https:\/\/www.europesays.com\/fr\/wp-json\/wp\/v2\/media?parent=590162"}],"wp:term":[{"taxonomy":"category","embeddable":true,"href":"https:\/\/www.europesays.com\/fr\/wp-json\/wp\/v2\/categories?post=590162"},{"taxonomy":"post_tag","embeddable":true,"href":"https:\/\/www.europesays.com\/fr\/wp-json\/wp\/v2\/tags?post=590162"}],"curies":[{"name":"wp","href":"https:\/\/api.w.org\/{rel}","templated":true}]}}