{"id":590164,"date":"2025-12-10T07:20:33","date_gmt":"2025-12-10T07:20:33","guid":{"rendered":"https:\/\/www.europesays.com\/fr\/590164\/"},"modified":"2025-12-10T07:20:33","modified_gmt":"2025-12-10T07:20:33","slug":"turner-courbet-caillebotte-la-pluie-fascine-les-plus-grands-artistes-au-musee-darts","status":"publish","type":"post","link":"https:\/\/www.europesays.com\/fr\/590164\/","title":{"rendered":"Turner, Courbet, Caillebotte\u2026 la pluie fascine les plus grands artistes au Mus\u00e9e d&rsquo;Arts"},"content":{"rendered":"<p>Sensible et \u00e9rudite tout \u00e0 la fois, une remarquable exposition d\u00e9crit les mille et une nuances de pluie capt\u00e9es sous le regard des artistes au tournant des XIXe et XXe si\u00e8cles. Des estampes japonaises aux toiles vaporeuses de Turner, en passant par les photographies d\u2019Andr\u00e9 Kert\u00e9sz, le voyage est infiniment po\u00e9tique.<\/p>\n<p style=\"text-align: justify;\">\u00ab\u00a0Il pleut sur Nantes \u00bb, chantait Barbara, la longue dame brune\u2026 \u00c0 ceux qui honnissent les caprices du ciel et les pav\u00e9s mouill\u00e9s, l\u2019on ne saurait pourtant trop conseiller de visiter cette stimulante exposition qui m\u00eale, avec un rare bonheur, explications m\u00e9t\u00e9orologiques, citations litt\u00e9raires et chefs-d\u2019\u0153uvre de la <a href=\"https:\/\/www.connaissancedesarts.com\/artistes\/cimabue\/exposition-cimabue-au-musee-du-louvre-la-maesta-chef-doeuvre-eblouissant-de-la-peinture-occidentale-retrouve-ses-couleurs-11198444\/\" target=\"_blank\" rel=\"noopener\">peinture occidentale<\/a> et extr\u00eame-orientale.\u00a0Scand\u00e9 de pauses sonores, ponctu\u00e9 d\u2019extraits de films, le parcours invite ainsi les visiteurs \u00e0 modifier leur rapport intime et sensoriel \u00e0 la pluie. Entre grisaille m\u00e9lancolique et ond\u00e9e rafra\u00eechissante, averse brutale et orage mena\u00e7ant, la palette des possibles semble infinie. Et c\u2019est tout le m\u00e9rite de <a href=\"https:\/\/museedartsdenantes.nantesmetropole.fr\/expositions\/sous-la-pluie-peindre-vivre-et-rever\/\" target=\"_blank\" rel=\"noopener\">cette expositio<\/a>n que d\u2019interroger le regard des artistes, fascin\u00e9s par la tentative de traduire le caract\u00e8re fugitif et insaisissable d\u2019un ciel transperc\u00e9 de gouttes et passant du bleu au gris en l\u2019espace d\u2019un fragment de seconde\u2026<\/p>\n<p>Les pionniers\u00a0: Dor\u00e9, Turner, Courbet\u2026<\/p>\n<p style=\"text-align: justify;\">Il en aura fallu pourtant de la t\u00e9m\u00e9rit\u00e9, \u00e0 ces peintres-pionniers, pour quitter la qui\u00e9tude de l\u2019atelier et affronter ce corps-\u00e0-corps avec une nature aux exc\u00e8s impr\u00e9visibles. L\u2019exposition s\u2019ouvre ainsi sur ce magnifique paysage de Gustave Dor\u00e9 d\u00e9crivant un lac en \u00c9cosse saisi juste apr\u00e8s l\u2019orage. Invit\u00e9 en 1873 \u00e0 se rendre dans les Highlands, le peintre fran\u00e7ais d\u00e9couvre alors l\u2019alti\u00e8re beaut\u00e9 de cette r\u00e9gion qu\u2019il tire vers le sublime dans cette composition aux accents dramatiques. L\u2019homme semble en effet bien peu de chose face \u00e0 ces immenses falaises de granit et \u00e0 ces cieux mena\u00e7ants\u2026<\/p>\n<p><img loading=\"lazy\" width=\"653\" height=\"477\" decoding=\"async\" aria-describedby=\"caption-attachment-208088\" src=\"data:image\/svg+xml,%3Csvg%20xmlns=\" http:=\"\" alt=\"Joseph Mallord William Turner, Nantes, Pont de Pirmil,1830, aquarelle sur papier, 13,6 x 18.7 cm. Inv. WA1861.20. Oxford, The Ashmolean Museum, University of Oxford. Collection John Ruskin, 1861, photo : \u00a9 Ashmolean Museum, University of Oxford \" class=\"size-medium wp-image-208088\" data-lazy-src=\"https:\/\/www.europesays.com\/fr\/wp-content\/uploads\/2025\/12\/cdadec25_pluie_turner-ashmolean-museum-tt-width-653-height-477-fill-0-crop-0-bgcolor-eeeeee.jpg\"\/><\/p>\n<p id=\"caption-attachment-208088\" class=\"wp-caption-text\">Joseph Mallord William Turner, Nantes, Pont de Pirmil,1830, aquarelle sur papier, 13,6 x 18.7 cm. Inv. WA1861.20. Oxford, The Ashmolean Museum, University of Oxford. Collection John Ruskin, 1861. Photo : \u00a9 Ashmolean Museum, University of Oxford<\/p>\n<p style=\"text-align: justify;\">Dans le sillage des ma\u00eetres <a href=\"https:\/\/www.connaissancedesarts.com\/arts-expositions\/lasperge-dans-la-peinture-des-hollandais-a-manet-11137598\/\" target=\"_blank\" rel=\"noopener\">hollandais<\/a> du XVIIe si\u00e8cle, une poign\u00e9e d\u2019artistes tentent alors d\u2019opposer \u00e0 cette vision litt\u00e9raire et h\u00e9ro\u00efque du paysage une approche plus imm\u00e9diate et plus sensible. Parmi eux, le peintre anglais William Turner excelle \u00e0 traduire les noces de l\u2019air et de l\u2019eau, m\u00e9tamorphosant en r\u00eaveries po\u00e9tiques des paysages dont les contours se diluent pour mieux s\u2019effacer. Couch\u00e9e sur le papier, son aquarelle d\u00e9crivant l\u2019ancien pont nantais de Pirmil, aujourd\u2019hui disparu, est un mod\u00e8le du genre. Observateur assidu des ph\u00e9nom\u00e8nes m\u00e9t\u00e9orologiques, l\u2019artiste balaye le ciel de diagonales sombres qui projettent leurs ombres mena\u00e7antes sur le fleuve.<\/p>\n<p><img loading=\"lazy\" width=\"653\" height=\"436\" decoding=\"async\" aria-describedby=\"caption-attachment-208111\" src=\"data:image\/svg+xml,%3Csvg%20xmlns=\" http:=\"\" alt=\"Vue de l'exposition \u00ab Sous la Pluie. Peindre, vivre et r\u00eaver \u00bb au Mus\u00e9e d'arts de Nantes en 2025 Photo : \u00a9 Mus\u00e9e d'arts de Nantes \/ C. Clos\" class=\"size-medium wp-image-208111\" data-lazy-src=\"https:\/\/www.europesays.com\/fr\/wp-content\/uploads\/2025\/12\/cda25_cr_pluie_nantes_5-tt-width-653-height-436-fill-0-crop-0-bgcolor-eeeeee.jpg\"\/><\/p>\n<p id=\"caption-attachment-208111\" class=\"wp-caption-text\">Vue de l\u2019exposition \u00ab Sous la Pluie. Peindre, vivre et r\u00eaver \u00bb au Mus\u00e9e d\u2019arts de Nantes en 2025 Photo : \u00a9 Mus\u00e9e d\u2019arts de Nantes \/ C. Clos<\/p>\n<p style=\"text-align: justify;\">Chez Gustave Courbet, la pluie devient un terrain d\u2019exp\u00e9rimentation d\u2019une radicalit\u00e9 stup\u00e9fiante. R\u00e9alis\u00e9e lors d\u2019un s\u00e9jour \u00e0 Trouville-sur-Mer durant l\u2019automne 1865, une splendide marine sous-titr\u00e9e \u00e0 bon escient \u00ab\u00a0La Trombe\u00a0\u00bb subjugue par la force et l\u2019\u00e9nergie qui s\u2019en d\u00e9gagent. Balafr\u00e9 de nuages, le ciel semble un champ de bataille dans lequel se joue un combat hom\u00e9rique entre ombre et lumi\u00e8re. Alternant effets fluides et emp\u00e2tements travaill\u00e9s au couteau, le peintre appara\u00eet bel et bien comme le pr\u00e9curseur de nombreux artistes contemporains, amoureux comme lui de la mati\u00e8re.<\/p>\n<p><img loading=\"lazy\" width=\"653\" height=\"429\" decoding=\"async\" aria-describedby=\"caption-attachment-208080\" src=\"data:image\/svg+xml,%3Csvg%20xmlns=\" http:=\"\" alt=\"Gustave Courbet, Marine (La Trombe), 1866, huile sur toile maroufl\u00e9e sur carton, 43,2 \u00d7 65,7 cm. Inv. Cat. 948. John G. Johnson Collection, 1917, Philadelphia, Museum of Art\" class=\"size-medium wp-image-208080\" data-lazy-src=\"https:\/\/www.europesays.com\/fr\/wp-content\/uploads\/2025\/12\/cdadec25_pluie_courbet-credit-john-g-johnson-collection-1917-tt-width-653-height-429-fill-0-crop-0-b.jpeg\"\/><\/p>\n<p id=\"caption-attachment-208080\" class=\"wp-caption-text\">Gustave Courbet, Marine (La Trombe), 1866, huile sur toile maroufl\u00e9e sur carton, 43,2 \u00d7 65,7 cm. Inv. Cat. 948. John G. Johnson Collection, 1917, Philadelphia, Museum of Art<\/p>\n<p>Les jeux graphiques des ma\u00eetres nippons<\/p>\n<p style=\"text-align: justify;\">L\u2019exposition nantaise a \u00e9galement l\u2019immense m\u00e9rite de souligner la dette des peintres occidentaux de la p\u00e9riode \u00e0 l\u2019\u00e9gard de leurs homologues japonais. Qui mieux que <a href=\"https:\/\/www.connaissancedesarts.com\/musees\/musee-guimet\/paris-la-vague-de-hokusai-sort-exceptionnellement-des-reserves-pour-une-exposition-inedite-11206894\/\" target=\"_blank\" rel=\"noopener\">Hokusai<\/a> ou Hiroshige ont su en effet transcrire les jeux graphiques des gouttes de pluie striant le ciel de pointill\u00e9s ou de diagonales\u00a0? Parmi les p\u00e9pites de l\u2019exposition, on peut ainsi admirer cette estampe sign\u00e9e du grand peintre originaire d\u2019Osaka Rokkaen Yoshiyuki d\u00e9crivant un vol d\u2019oies sauvages au-dessus du sanctuaire de Tenmangu \u00e0 Satamura. Excluant tout pittoresque, ce paysage de pluie se r\u00e9sume \u00e0 quelques lignes obliques, d\u2019une folle audace. Cette m\u00eame \u00e9conomie de moyens, ainsi que cette science des cadrages se retrouveront chez le peintre et graveur fran\u00e7ais Henri Rivi\u00e8re, lui-m\u00eame grand admirateur et collectionneur d\u2019estampes japonaises.<\/p>\n<p><img loading=\"lazy\" width=\"653\" height=\"934\" decoding=\"async\" aria-describedby=\"caption-attachment-208091\" src=\"data:image\/svg+xml,%3Csvg%20xmlns=\" http:=\"\" alt=\"Rokkaen Yoshiyuki, Le sanctuaire de Tenmang\u016b \u00e0 Satamura, vers 1860, gravure sur bois polychrome, 23,4 x 16,5 cm. Paris, Biblioth\u00e8que nationale de France - D\u00e9partement des Estampes et de la photographie. Collection d\u2019estampes japonaises d\u2019Henri Rivi\u00e8re, photo : \u00a9 Bnf \" class=\"size-medium wp-image-208091\" data-lazy-src=\"https:\/\/www.europesays.com\/fr\/wp-content\/uploads\/2025\/12\/cdadec25_pluie_yoshiuyki-bnf-tt-width-653-height-934-fill-0-crop-0-bgcolor-eeeeee.jpg\"\/><\/p>\n<p id=\"caption-attachment-208091\" class=\"wp-caption-text\">Rokkaen Yoshiyuki, Le Sanctuaire de Tenmang\u016b \u00e0 Satamura, vers 1860, gravure sur bois polychrome, 23,4 x 16,5 cm. Paris, Biblioth\u00e8que nationale de France \u2013 D\u00e9partement des Estampes et de la photographie. Collection d\u2019estampes japonaises d\u2019Henri Rivi\u00e8re. Photo : \u00a9 Bnf<\/p>\n<p>Un petit coin de parapluie<\/p>\n<p style=\"text-align: justify;\">Autre grande vedette de l\u2019exposition, le parapluie devient l\u2019accessoire oblig\u00e9 des portraits mondains comme des sc\u00e8nes urbaines aux accents non d\u00e9nu\u00e9s d\u2019humour. Si L\u2019Averse de Paul S\u00e9rusier suinte le froid et la tristesse, on ne peut que sourire devant les sayn\u00e8tes cocasses d\u2019Honor\u00e9 Daumier fustigeant les malheurs et tracasseries des petits-bourgeois arpentant sous la pluie le macadam parisien.<\/p>\n<p><img loading=\"lazy\" width=\"653\" height=\"798\" decoding=\"async\" aria-describedby=\"caption-attachment-208086\" src=\"data:image\/svg+xml,%3Csvg%20xmlns=\" http:=\"\" alt=\"Paul S\u00e9rusier, L\u2019Averse, 1893, huile sur toile, 73 x 59,6 cm. Inv. RF1981-7. Paris, Mus\u00e9e d\u2019Orsay. \u00a9 Mus\u00e9e d\u2019Orsay, Dist. GrandPalaisRmn \/ Patrice Schmidt\" class=\"size-medium wp-image-208086\" data-lazy-src=\"https:\/\/www.europesays.com\/fr\/wp-content\/uploads\/2025\/12\/cdadec25_pluie_serusier-musee-dorsay-dist-grandpalaisrmn-patrice-schmidt-tt-width-653-height-798-fil.jpeg\"\/><\/p>\n<p id=\"caption-attachment-208086\" class=\"wp-caption-text\">Paul S\u00e9rusier, L\u2019Averse, 1893, huile sur toile, 73 x 59,6 cm. Inv. RF1981-7. Paris, Mus\u00e9e d\u2019Orsay. Photo : \u00a9 Mus\u00e9e d\u2019Orsay, Dist. GrandPalaisRmn \/ Patrice Schmidt<\/p>\n<p style=\"text-align: justify;\">Mais le chef-d\u2019\u0153uvre de l\u2019exposition n\u2019est autre que cette \u00e9tude pr\u00e9paratoire \u00e0 Rue de Paris, temps de pluie de Gustave <a href=\"https:\/\/www.connaissancedesarts.com\/artistes\/gustave-caillebotte\/gustave-caillebotte-artiste-grand-bourgeois-et-collectionneur-visionnaire-11197603\/\" target=\"_blank\" rel=\"noopener\">Caillebotte<\/a>, pr\u00eat\u00e9e par le Mus\u00e9e Marmottan Monet. Dans cette version plus libre que l\u2019\u0153uvre achev\u00e9e conserv\u00e9e \u00e0 l\u2019Art Institute de Chicago, l\u2019artiste fait preuve d\u2019une virtuosit\u00e9 sans \u00e9gale pour traduire les reflets de la pluie sur les pav\u00e9s luisants et la toile lustr\u00e9e des parapluies, rythmant l\u2019espace par un jeu complexe de lignes de fuites divergentes.<\/p>\n<p><img loading=\"lazy\" width=\"653\" height=\"777\" decoding=\"async\" aria-describedby=\"caption-attachment-208081\" src=\"data:image\/svg+xml,%3Csvg%20xmlns=\" http:=\"\" alt=\"Honor\u00e9 Daumier, Le Tour du parapluie [Flibustiers parisiens] N\u00b06 , 1835, lithographie, 35,5 x 26,5 cm. Inv. G.6623. Paris, Mus\u00e9e Carnavalet \u2013 Histoire de Paris, photo : CC0 Paris Mus\u00e9es \/ Mus\u00e9e Carnavalet \u2013 Histoire de Paris\" class=\"size-medium wp-image-208081\" data-lazy-src=\"https:\/\/www.europesays.com\/fr\/wp-content\/uploads\/2025\/12\/cdadec25_pluie_daumier-cc0-paris-musees-musee-carnavalet-histoire-de-paris-tt-width-653-height-777-f.jpeg\"\/><\/p>\n<p id=\"caption-attachment-208081\" class=\"wp-caption-text\">Honor\u00e9 Daumier, Le Tour du parapluie [Flibustiers parisiens] N\u00b06 , 1835, lithographie, 35,5 x 26,5 cm. Inv. G.6623. Paris, mus\u00e9e Carnavalet \u2013 Histoire de Paris. Photo : \u00a9 Paris Mus\u00e9es \/ Mus\u00e9e Carnavalet \u2013 Histoire de Paris<\/p>\n<p>La pluie en Noir et Blanc<\/p>\n<p style=\"text-align: justify;\">\u00ab\u00a0La modernit\u00e9, c\u2019est le transitoire, le fugitif, le contingent\u00a0\u00bb, \u00e9crivait Baudelaire en 1863 dans Le Peintre de la vie moderne. Il aurait pu \u00e9galement \u00e9crire ces mots \u00e0 propos de la pluie tant son caract\u00e8re soudain et \u00e9ph\u00e9m\u00e8re va s\u00e9duire ces \u00ab\u00a0voleurs de l\u2019instantan\u00e9\u00a0\u00bb que sont les photographes. Nombreux, en effet, seront ceux qui tenteront de capturer les gouttes perlant sur une vitre, tel l\u2019Am\u00e9ricain Clarence Hudson White dans sa s\u00e9rie Dops of Rain.<\/p>\n<p><img loading=\"lazy\" width=\"653\" height=\"791\" decoding=\"async\" aria-describedby=\"caption-attachment-208082\" src=\"data:image\/svg+xml,%3Csvg%20xmlns=\" http:=\"\" alt=\"Clarence Hudson White, Drops of rain, 1908, h\u00e9liogravure, 19,3 x 15,5 cm. Inv. PHO1981 27 28. Don Minda de Gunzburg par l\u2019interm\u00e9diaire de la soci\u00e9t\u00e9 des Amis du mus\u00e9e d\u2019Orsay, 1981. Paris, Mus\u00e9e d\u2019Orsay, photo : \u00a9 Mus\u00e9e d\u2019Orsay, Dist. GrandPalaisRmn \/ Patrice Schmidt\" class=\"size-medium wp-image-208082\" data-lazy-src=\"https:\/\/www.europesays.com\/fr\/wp-content\/uploads\/2025\/12\/cdadec25_pluie_hudson-white-musee-dart-et-dhistoire-ville-de-geneve-andre-longchamp-tt-width-653-hei.jpeg\"\/><\/p>\n<p id=\"caption-attachment-208082\" class=\"wp-caption-text\">Clarence Hudson White, Drops of rain, 1908, h\u00e9liogravure, 19,3 x 15,5 cm. Inv. PHO1981 27 28. Don Minda de Gunzburg par l\u2019interm\u00e9diaire de la soci\u00e9t\u00e9 des Amis du mus\u00e9e d\u2019Orsay, 1981. Paris, Mus\u00e9e d\u2019Orsay, Photo : \u00a9 Mus\u00e9e d\u2019Orsay, Dist. GrandPalaisRmn \/ Patrice Schmidt<\/p>\n<p style=\"text-align: justify;\">Dans son ouvrage intitul\u00e9 Paris la nuit, Brassa\u00ef invente quant \u00e0 lui un nouvel imaginaire de la ville, espace onirique ponctu\u00e9 de r\u00e9verb\u00e8res qui se refl\u00e8tent dans des flaques comme autant de miroirs. Dans les ann\u00e9es trente, les images du photographe hongrois Andr\u00e9 Kert\u00e9sz font, elles aussi, la part belle au bitume et au pav\u00e9, sur lesquels la pluie ruisselle pour mieux les sublimer. Passe la silhouette fantomatique d\u2019un passant, t\u00e9moin muet d\u2019une g\u00e9ographie urbaine saisie en pleine m\u00e9tamorphose.<\/p>\n<p><img loading=\"lazy\" width=\"653\" height=\"420\" decoding=\"async\" aria-describedby=\"caption-attachment-208090\" src=\"data:image\/svg+xml,%3Csvg%20xmlns=\" http:=\"\" alt=\"Vue de l'exposition \u00a9 Mus\u00e9e d'arts de Nantes, photo. C. Clos\" class=\"size-medium wp-image-208090\" data-lazy-src=\"https:\/\/www.europesays.com\/fr\/wp-content\/uploads\/2025\/12\/cdadec25_pluie_vue2-tt-width-653-height-420-fill-0-crop-0-bgcolor-eeeeee.jpg\"\/><\/p>\n<p id=\"caption-attachment-208090\" class=\"wp-caption-text\">Vue de l\u2019exposition \u00ab Sous la Pluie. Peindre, vivre et r\u00eaver \u00bb au Mus\u00e9e d\u2019arts de Nantes en 2025 Photo : \u00a9 Mus\u00e9e d\u2019arts de Nantes \/ C. Clos<\/p>\n<p style=\"text-align: justify;\">Le parcours se prolonge par la poignante vid\u00e9o de l\u2019artiste allemand Julius von Bismarck install\u00e9e dans la Salle Blanche du mus\u00e9e. Plong\u00e9 dans un \u00e9tat oscillant entre sid\u00e9ration et hypnose, le public est invit\u00e9 \u00e0 revivre le passage, en 2017, d\u2019un cyclone d\u00e9vastateur sur les c\u00f4tes am\u00e9ricaines de Floride. Apr\u00e8s la temp\u00eate, ont surgi un silence et un calme, presque aussi terrifiants\u2026<\/p>\n<p>\u00ab Sous la Pluie. Peindre, vivre et r\u00eaver \u00bb<br \/>Mus\u00e9e d\u2019Arts de Nantes<br \/>jusqu\u2019au 1er mars.<br \/>L\u2019exposition se tiendra ensuite au Mus\u00e9e des Beaux-Arts de Rouen<br \/>du 11 avril au 20 septembre 2026<\/p>\n","protected":false},"excerpt":{"rendered":"Sensible et \u00e9rudite tout \u00e0 la fois, une remarquable exposition d\u00e9crit les mille et une nuances de pluie&hellip;\n","protected":false},"author":2,"featured_media":590165,"comment_status":"","ping_status":"","sticky":false,"template":"","format":"standard","meta":{"footnotes":""},"categories":[2818],"tags":[1111,11,1777,674,1011,27,766,12,2636,25],"class_list":{"0":"post-590164","1":"post","2":"type-post","3":"status-publish","4":"format-standard","5":"has-post-thumbnail","7":"category-nantes","8":"tag-actu","9":"tag-actualites","10":"tag-eu","11":"tag-europe","12":"tag-fr","13":"tag-france","14":"tag-nantes","15":"tag-news","16":"tag-pays-de-la-loire","17":"tag-republique-francaise"},"share_on_mastodon":{"url":"https:\/\/pubeurope.com\/@fr\/115694064436428627","error":""},"_links":{"self":[{"href":"https:\/\/www.europesays.com\/fr\/wp-json\/wp\/v2\/posts\/590164","targetHints":{"allow":["GET"]}}],"collection":[{"href":"https:\/\/www.europesays.com\/fr\/wp-json\/wp\/v2\/posts"}],"about":[{"href":"https:\/\/www.europesays.com\/fr\/wp-json\/wp\/v2\/types\/post"}],"author":[{"embeddable":true,"href":"https:\/\/www.europesays.com\/fr\/wp-json\/wp\/v2\/users\/2"}],"replies":[{"embeddable":true,"href":"https:\/\/www.europesays.com\/fr\/wp-json\/wp\/v2\/comments?post=590164"}],"version-history":[{"count":0,"href":"https:\/\/www.europesays.com\/fr\/wp-json\/wp\/v2\/posts\/590164\/revisions"}],"wp:featuredmedia":[{"embeddable":true,"href":"https:\/\/www.europesays.com\/fr\/wp-json\/wp\/v2\/media\/590165"}],"wp:attachment":[{"href":"https:\/\/www.europesays.com\/fr\/wp-json\/wp\/v2\/media?parent=590164"}],"wp:term":[{"taxonomy":"category","embeddable":true,"href":"https:\/\/www.europesays.com\/fr\/wp-json\/wp\/v2\/categories?post=590164"},{"taxonomy":"post_tag","embeddable":true,"href":"https:\/\/www.europesays.com\/fr\/wp-json\/wp\/v2\/tags?post=590164"}],"curies":[{"name":"wp","href":"https:\/\/api.w.org\/{rel}","templated":true}]}}