{"id":590172,"date":"2025-12-10T07:24:18","date_gmt":"2025-12-10T07:24:18","guid":{"rendered":"https:\/\/www.europesays.com\/fr\/590172\/"},"modified":"2025-12-10T07:24:18","modified_gmt":"2025-12-10T07:24:18","slug":"un-accident-entre-deux-voitures-en-cause","status":"publish","type":"post","link":"https:\/\/www.europesays.com\/fr\/590172\/","title":{"rendered":"un accident entre deux voitures en cause"},"content":{"rendered":"<p>                    Par<br \/>\n        <strong><br \/>\n            <a href=\"https:\/\/actu.fr\/auteur\/mareva-laville-actu-fr\" title=\"Consulter tous les articles de Mar\u00e9va Laville\" target=\"_blank\" rel=\"noopener\">Mar\u00e9va Laville<\/a><br \/>\n                    <\/strong><\/p>\n<p>        Publi\u00e9 le<\/p>\n<p>            10 d\u00e9c. 2025 \u00e0 7h59        <\/p>\n<p>C\u2019est encore une matin\u00e9e bien difficile sur le<a href=\"https:\/\/actu.fr\/tag\/peripherique-de-toulouse\" target=\"_blank\" rel=\"noopener\"> p\u00e9riph\u00e9rique de Toulouse<\/a> ce mercredi 10\u00a0d\u00e9cembre 2025. Car au trafic dense de chaque matin, il faut ajouter un <strong>accident entre deux voitures<\/strong> au sud de la Ville rose, sur <strong>le p\u00e9riph\u00e9rique int\u00e9rieur.<\/strong><\/p>\n<p>Un accident vers Empalot<\/p>\n<p class=\" wall-content\">Vers 7h30, les v\u00e9hicules se sont entrechoqu\u00e9s au niveau d\u2019Empalot, pr\u00e8s de la sortie n\u00b024, ce qui g\u00e9n\u00e8re quelques ralentissements et <strong>embouteillages<\/strong> en amont, dans le m\u00eame sens. D\u00e8s la bifurcation avec <a href=\"https:\/\/actu.fr\/tag\/autoroute-61-a61\" target=\"_blank\" rel=\"noopener\">l\u2019A61<\/a>, \u00e7a se complique pour ceux qui prennent la direction nord-ouest.<\/p>\n<p>Bouchons sur le p\u00e9riph\u2019 int\u00e9rieur<\/p>\n<p class=\" wall-content\">Bison Fut\u00e9 annonce un peu plus de <strong>3,5\u00a0km de bouchons<\/strong> sur toutes les voies du p\u00e9riph\u2019 int\u00e9rieur, au sud de la ville.<\/p>\n<p class=\" wall-content\">Personnalisez votre actualit\u00e9 en ajoutant vos villes et m\u00e9dias en favori avec <a href=\"https:\/\/moncompte.actu.fr\" title=\"D\u00e9couvez Mon Actu\" rel=\"nofollow noopener\" data-trk=\"{&quot;cta&quot;:{&quot;action&quot;:&quot;https:\\\/\\\/moncompte.actu.fr&quot;,&quot;category&quot;:&quot;mon compte&quot;,&quot;from&quot;:&quot;article footer&quot;,&quot;name&quot;:&quot;Mon actu&quot;,&quot;type&quot;:&quot;cta&quot;}}\" target=\"_blank\">Mon Actu<\/a>.<\/p>\n","protected":false},"excerpt":{"rendered":"Par Mar\u00e9va Laville Publi\u00e9 le 10 d\u00e9c. 2025 \u00e0 7h59 C\u2019est encore une matin\u00e9e bien difficile sur le&hellip;\n","protected":false},"author":2,"featured_media":590173,"comment_status":"","ping_status":"","sticky":false,"template":"","format":"standard","meta":{"footnotes":""},"categories":[2816],"tags":[119,1111,11,1777,674,118,1011,27,12,2680,4800,25,2312],"class_list":{"0":"post-590172","1":"post","2":"type-post","3":"status-publish","4":"format-standard","5":"has-post-thumbnail","7":"category-toulouse","8":"tag-accident","9":"tag-actu","10":"tag-actualites","11":"tag-eu","12":"tag-europe","13":"tag-faits-divers","14":"tag-fr","15":"tag-france","16":"tag-news","17":"tag-occitanie","18":"tag-peripherique-de-toulouse","19":"tag-republique-francaise","20":"tag-toulouse"},"share_on_mastodon":{"url":"https:\/\/pubeurope.com\/@fr\/115694080016112939","error":""},"_links":{"self":[{"href":"https:\/\/www.europesays.com\/fr\/wp-json\/wp\/v2\/posts\/590172","targetHints":{"allow":["GET"]}}],"collection":[{"href":"https:\/\/www.europesays.com\/fr\/wp-json\/wp\/v2\/posts"}],"about":[{"href":"https:\/\/www.europesays.com\/fr\/wp-json\/wp\/v2\/types\/post"}],"author":[{"embeddable":true,"href":"https:\/\/www.europesays.com\/fr\/wp-json\/wp\/v2\/users\/2"}],"replies":[{"embeddable":true,"href":"https:\/\/www.europesays.com\/fr\/wp-json\/wp\/v2\/comments?post=590172"}],"version-history":[{"count":0,"href":"https:\/\/www.europesays.com\/fr\/wp-json\/wp\/v2\/posts\/590172\/revisions"}],"wp:featuredmedia":[{"embeddable":true,"href":"https:\/\/www.europesays.com\/fr\/wp-json\/wp\/v2\/media\/590173"}],"wp:attachment":[{"href":"https:\/\/www.europesays.com\/fr\/wp-json\/wp\/v2\/media?parent=590172"}],"wp:term":[{"taxonomy":"category","embeddable":true,"href":"https:\/\/www.europesays.com\/fr\/wp-json\/wp\/v2\/categories?post=590172"},{"taxonomy":"post_tag","embeddable":true,"href":"https:\/\/www.europesays.com\/fr\/wp-json\/wp\/v2\/tags?post=590172"}],"curies":[{"name":"wp","href":"https:\/\/api.w.org\/{rel}","templated":true}]}}