{"id":590180,"date":"2025-12-10T07:29:16","date_gmt":"2025-12-10T07:29:16","guid":{"rendered":"https:\/\/www.europesays.com\/fr\/590180\/"},"modified":"2025-12-10T07:29:16","modified_gmt":"2025-12-10T07:29:16","slug":"la-theorie-de-lechec-de-la-france-insoumise-dans-la-metropole-de-lyon","status":"publish","type":"post","link":"https:\/\/www.europesays.com\/fr\/590180\/","title":{"rendered":"La th\u00e9orie de l\u2019\u00e9chec de la France insoumise dans la m\u00e9tropole de Lyon"},"content":{"rendered":"<p>LFI semble avoir invent\u00e9 une nouvelle discipline : l\u2019auto-sabotage \u00e9lectoral organis\u00e9. Dans la M\u00e9tropole de Lyon, leur campagne rel\u00e8ve de l\u2019\u00e9tude sociologique, voire du cas clinique. Ca pourrait \u00eatre \u00e9tudi\u00e9 comme contre exemple en sciences politiques. Et on pourrait en rire si ce n\u2019\u00e9tait pas aussi consternant.<\/p>\n<p><strong>V\u00e9nissieux : l\u2019absence comme strat\u00e9gie de terrain<\/strong><\/p>\n<p>\u00c0 V\u00e9nissieux, Idir Boumertit a un avantage : il est d\u00e9j\u00e0 d\u00e9put\u00e9. Un inconv\u00e9nient : il passe plus de temps \u00e0 Paris qu\u2019ici. C\u2019est un concept original : repr\u00e9senter un territoire en \u00e9tant partout sauf sur ce territoire. S\u2019il conserve la circonscription, ce sera gr\u00e2ce \u00e0 la sociologie \u00e9lectorale et la photo de Jean-Luc M\u00e9lenchon sur ses tracts, pas \u00e0 sa campagne. Il se refuse aux interviews et ne f\u00e9d\u00e8re personne autour de lui. Il veut r\u00e9it\u00e9rer le coup de 2022 : \u00ab\u00a0Ce n&rsquo;est pas moi qui me pr\u00e9sente, c&rsquo;est M\u00e9lenchon\u00a0\u00bb. Le probl\u00e8me, s&rsquo;il gagne, c&rsquo;est que ce n&rsquo;est pas Manuel Bompard qui va faire son budget et g\u00e9rer la ville.<\/p>\n<p><strong>Vaulx-en-Velin : Lahmar, le candidat fant\u00f4me<\/strong><\/p>\n<p>\u00c0 Vaulx, c\u2019est encore mieux : le d\u00e9put\u00e9 Lahmar ne s\u2019est m\u00eame pas d\u00e9clar\u00e9 candidat. Il h\u00e9site, t\u00e2tonne, cherche des alliances introuvables\u2026 Pendant ce temps, H\u00e9l\u00e8ne Geoffroy avance, solide, implant\u00e9e, \u00e0 fond dans le client\u00e9lisme et d\u00e9j\u00e0 quasi assur\u00e9e de l\u2019emporter. Lui, on dirait qu\u2019il d\u00e9couvrira sa candidature en m\u00eame temps que les \u00e9lecteurs.<br \/>Au mois de mai quand il sera \u00e0 fond dans sa campagne, j&rsquo;esp\u00e8re qu&rsquo;on lui dira calmement que c&rsquo;est fini depuis deux mois.<\/p>\n<p><strong>Saint-Fons : l\u2019\u00e9quipe en puzzle<\/strong><\/p>\n<p>\u00c0 Saint-Fons, c\u2019est l\u2019implosion pure et simple. Des \u00e9quipes \u00e9clat\u00e9es, des strat\u00e9gies contradictoires, une campagne illisible. On se demande m\u00eame s\u2019ils veulent r\u00e9ellement gagner, tant l\u2019amateurisme domine. Et depuis la d\u00e9claration de candidature de Nathalie Frier, l&rsquo;ancienne maire, le moral en a pris un coup.<\/p>\n<p><strong>Givors : l\u2019auto-sabotage volontaire<\/strong><\/p>\n<p>Et puis il y a Givors, un cas d\u2019\u00e9cole. La France insoumise y partage pourtant une bonne partie des positions du maire actuel. Logiquement, ils auraient pu soutenir, ou a minima n\u00e9gocier une alliance intelligente. Mais non : ils pr\u00e9f\u00e8rent lancer leur propre liste, comme si le seul argument \u00e9lectoral \u00e9tait le visage de M\u00e9lenchon sur les tracts. Un pari totalement hors-sol, d\u00e9connect\u00e9 du terrain givordin. R\u00e9sultat : ils divisent leur propre camp et maximisent leurs chances\u2026 de perdre.<\/p>\n<p><strong>Lyon : la th\u00e9orie du contre-pied suicidaire<\/strong><\/p>\n<p>\u00c0 Lyon, Ana\u00efs Belouassa-Cherifi innove : alors que la s\u00e9curit\u00e9 est le premier sujet national, elle propose de retirer \u00a0la vid\u00e9osurveillance et de d\u00e9sarmer la police municipale. Un magnifique contresens politique : l\u2019art de prendre l\u2019\u00e9lectorat par la main\u2026 pour le conduire dans les bras du camp d\u2019en face. La coh\u00e9rence d\u2019ensemble : perdre pour mieux rester minoritaire<\/p>\n<p>Avec du recul, seule V\u00e9nissieux pourrait encore rester insoumise \u2014 et uniquement gr\u00e2ce \u00e0 la sociologie locale, pas \u00e0 la campagne men\u00e9e. Partout ailleurs, c\u2019est le m\u00eame tableau : candidats absents ou tardifs, id\u00e9es hors-sol, absence d\u2019alliances, structures militantes incoh\u00e9rentes.<\/p>\n<p>Alors, pourquoi la France insoumise fait-elle tout pour perdre ? Parce que le mouvement ne veut pas diriger, il veut seulement exister. Gouverner un territoire, g\u00e9rer des probl\u00e8mes concrets, s\u2019allier, n\u00e9gocier, assumer des responsabilit\u00e9s : tout cela demande du pragmatisme et du s\u00e9rieux.<\/p>\n<p>LFI pr\u00e9f\u00e8re rester dans la posture, conserver quelques \u00e9lus pour faire du bruit \u00e0 l\u2019Assembl\u00e9e, et laisser aux autres le soin de g\u00e9rer le r\u00e9el. Ils veulent \u00eatre dans les gradins \u00e0 hurler, pas sur le terrain \u00e0 mouiller le maillot.<\/p>\n<p>La th\u00e9orie de l\u2019\u00e9chec de la France insoumise, finalement, n\u2019est pas un accident. C\u2019est une strat\u00e9gie.<\/p>\n<p>Une strat\u00e9gie perdante\u2026 mais assum\u00e9e.<\/p>\n<p><strong>Farid Ben Moussa<\/strong><\/p>\n<p>Conseiller municipal de V\u00e9nissieux<\/p>\n","protected":false},"excerpt":{"rendered":"LFI semble avoir invent\u00e9 une nouvelle discipline : l\u2019auto-sabotage \u00e9lectoral organis\u00e9. Dans la M\u00e9tropole de Lyon, leur campagne&hellip;\n","protected":false},"author":2,"featured_media":590181,"comment_status":"","ping_status":"","sticky":false,"template":"","format":"standard","meta":{"footnotes":""},"categories":[1889],"tags":[1111,11,2813,2190,2430,1109,251,1112,2811,1777,674,118,1011,27,1922,1110,1114,2428,2810,12,241,316,25,2812,517,800],"class_list":{"0":"post-590180","1":"post","2":"type-post","3":"status-publish","4":"format-standard","5":"has-post-thumbnail","7":"category-lyon","8":"tag-actu","9":"tag-actualites","10":"tag-article","11":"tag-asvel","12":"tag-auvergne-rhone-alpes","13":"tag-breves","14":"tag-culture","15":"tag-depeches","16":"tag-economique","17":"tag-eu","18":"tag-europe","19":"tag-faits-divers","20":"tag-fr","21":"tag-france","22":"tag-info","23":"tag-informations","24":"tag-infos","25":"tag-lyon","26":"tag-lyonmag","27":"tag-news","28":"tag-ol","29":"tag-politique","30":"tag-republique-francaise","31":"tag-sociale","32":"tag-sport","33":"tag-transports"},"share_on_mastodon":{"url":"https:\/\/pubeurope.com\/@fr\/115694099752631464","error":""},"_links":{"self":[{"href":"https:\/\/www.europesays.com\/fr\/wp-json\/wp\/v2\/posts\/590180","targetHints":{"allow":["GET"]}}],"collection":[{"href":"https:\/\/www.europesays.com\/fr\/wp-json\/wp\/v2\/posts"}],"about":[{"href":"https:\/\/www.europesays.com\/fr\/wp-json\/wp\/v2\/types\/post"}],"author":[{"embeddable":true,"href":"https:\/\/www.europesays.com\/fr\/wp-json\/wp\/v2\/users\/2"}],"replies":[{"embeddable":true,"href":"https:\/\/www.europesays.com\/fr\/wp-json\/wp\/v2\/comments?post=590180"}],"version-history":[{"count":0,"href":"https:\/\/www.europesays.com\/fr\/wp-json\/wp\/v2\/posts\/590180\/revisions"}],"wp:featuredmedia":[{"embeddable":true,"href":"https:\/\/www.europesays.com\/fr\/wp-json\/wp\/v2\/media\/590181"}],"wp:attachment":[{"href":"https:\/\/www.europesays.com\/fr\/wp-json\/wp\/v2\/media?parent=590180"}],"wp:term":[{"taxonomy":"category","embeddable":true,"href":"https:\/\/www.europesays.com\/fr\/wp-json\/wp\/v2\/categories?post=590180"},{"taxonomy":"post_tag","embeddable":true,"href":"https:\/\/www.europesays.com\/fr\/wp-json\/wp\/v2\/tags?post=590180"}],"curies":[{"name":"wp","href":"https:\/\/api.w.org\/{rel}","templated":true}]}}